{"id":38637,"date":"2025-08-02T11:09:50","date_gmt":"2025-08-02T15:09:50","guid":{"rendered":"https:\/\/noticiasveraces.com\/?p=38637"},"modified":"2025-08-02T11:09:50","modified_gmt":"2025-08-02T15:09:50","slug":"los-influencers-del-fusil-noticias-onu","status":"publish","type":"post","link":"https:\/\/noticiasveraces.com\/?p=38637","title":{"rendered":"Los influencers del fusil | Noticias ONU"},"content":{"rendered":"<p> \n<\/p>\n<div>\n<p>El hijo de Mar\u00eda * un d\u00eda no volvi\u00f3 a la casa. \u201cMi hijo sali\u00f3 de la casa cuando yo no estaba, con una mochila y se fue. Luego me enter\u00e9 de que estaba reclutado\u201d**. Buscando una explicaci\u00f3n, Mar\u00eda revis\u00f3 su cuenta de Facebook. \u201cEncontr\u00e9 una conversaci\u00f3n con una supuesta novia que le dec\u00eda que se iba a un grupo armado\u201d.<\/p>\n<p>El caso del hijo de Mar\u00eda no es \u00fanico. Las redes sociales se han convertido en una nueva puerta de entrada a los grupos armados y las organizaciones criminales en Colombia.<\/p>\n<p>En los v\u00eddeos de TikTok, se muestran <strong>fiestas, dinero, tenis caros, camionetas, motocicletas<\/strong>.\u00a0Abundan <strong>el emoticono de la hoja verde de tr\u00e9bol, en referencia a la coca, el ninja con la cara cubierta es el guerrillero, el fajo de dinero y la bandera de Colombia.<\/strong><\/p>\n<p>Al otro lado de la pantalla, hay adolescentes con chancletas gastadas, de familias humildes, a menudo desestructuradas y que viven en las zonas m\u00e1s remotas de Colombia.<\/p>\n<p>\u201cLos atrae una motocicleta de alto cilindraje<strong>. Los atrae ser alguien visto poderosamente en el territorio<\/strong>. Y la forma de acceder a esas motos, ellos creen que es a partir de la vinculaci\u00f3n a los grupos y tambi\u00e9n est\u00e1 muy ligado a la producci\u00f3n de coca, porque lo ven como una forma de ascenso\u201d, explica Mario * profesor de una escuela rural.<\/p>\n<p>Asegura que algunos de sus alumnos no conocen otra cosa que una violencia cotidiana, ya normalizada en muchos sectores.<\/p>\n<p>\u201cPor all\u00e1 esto por ahora se est\u00e1 complicando un poquito, porque ya se est\u00e1 empezando a ver el conflicto armado\u201d, dice un joven de un territorio en zona de conflicto. \u201c<strong>Empiezan a disparar otra vez, y existe el miedo a que nos recluten<\/strong>\u201d, a\u00f1ade una chica. \u201cEntr\u00f3 la tanqueta al pueblo, el conflicto armado y justamente da\u00f1aron la casa de un compa\u00f1ero m\u00edo y por eso entramos en virtualidad [en las clases]\u00bb.<\/p>\n<div class=\"align-center context-un_news_large_credit type-remote_video media media--type-remote-video media--view-mode-un-news-large-credit\">\n<p><iframe src=\"https:\/\/news.un.org\/es\/media\/oembed?url=https%3A\/\/www.youtube.com\/watch%3Fv%3DmrnN4UbKb0E&amp;max_width=0&amp;max_height=0&amp;hash=im6NHoxUQOWKOesDtHoYgcXWscvJp3KALCASL-RRA04\" width=\"200\" height=\"113\" class=\"media-oembed-content\" loading=\"eager\" title=\"\ud83d\udcf1 Grupos armados en Colombia atraen a los j\u00f3venes a trav\u00e9s de redes sociales\"><\/iframe>\n<\/p>\n<\/div>\n<h2>Una estrategia de enga\u00f1o<\/h2>\n<p>Diana* es docente en el Cauca y ha tratado durante 25 a\u00f1os con esta realidad.<\/p>\n<p>\u00ab<strong>Enfrentan una pobreza extrema, viven en territorios donde el Estado no garantiza los derechos b\u00e1sicos<\/strong> como salud, educaci\u00f3n, protecci\u00f3n. Entonces, en este vac\u00edo, los <strong>grupos armados se presentan como una opci\u00f3n no leg\u00edtima, pero s\u00ed cercana a ellos,<\/strong> que ofrece comida, dinero, reconocimiento, una aparente familia\u201d, explica.<\/p>\n<p>\u201cEs una\u00a0estrategia de enga\u00f1o donde a trav\u00e9s de im\u00e1genes, canciones, videos muestran, un panorama que puede resultar muy atractivo para ni\u00f1os y ni\u00f1as que tienen unas carencias econ\u00f3micas, sociales, culturales, muy fuertes. <strong>Les ofrecen salarios fijos, les ofrecen alimento, incluso cirug\u00edas est\u00e9ticas para las ni\u00f1as\u201d,<\/strong> explica Carlos Alberto De La Torre, representante adjunto de la Oficina del Alto Comisionado para los Derechos Humanos en Colombia.<\/p>\n<p>Cumbia, reguet\u00f3n y corridos son la banda sonora que enaltece la lucha armada. <strong>Los guerrilleros solo necesitan un celular para convertirse en <\/strong><em><strong>influenciadores<\/strong><\/em><strong>.<\/strong><\/p>\n<p>Seg\u00fan un informe reciente de la Jurisdicci\u00f3n Especial para la Paz (JEP), en el pa\u00eds se han identificado <strong>146 cuentas o perfiles en redes sociales<\/strong>que son utilizadas por integrantes de grupos armados para promover la vinculaci\u00f3n y reclutar menores de edad a sus filas.<\/p>\n<p>\u201cEntonces estos mensajes se convierten en un espejismo de escape.\u00a0Los v\u00eddeos est\u00e1n dise\u00f1ados con la m\u00fasica que ellos escuchan, con corridos mexicanos que hablan de poder, de armas, de drogas\u201d, dice la maestra del Cauca. \u201cEstas im\u00e1genes y sonidos de\u00a0camarader\u00eda, armas, dinero, motos, autos alta gama, generan en ellos una narrativa aspiracional\u00a0que seduce a estos chicos que son vulnerables. Esta modalidad de reclutamiento digital representa en estos territorios apartados una amenaza silenciosa\u201d, puntualiza.<\/p>\n<div class=\"context-un_news_large_credit type-entermedia_image media media--type-entermedia-image media--view-mode-un-news-large-credit\">\n<div class=\"field field--name-thumbnail field--type-image field--label-hidden field__item\"><img decoding=\"async\" src=\"https:\/\/global.unitednations.entermediadb.net\/assets\/mediadb\/services\/module\/asset\/downloads\/preset\/Libraries\/Production%20Library\/UNVMC-land%20restoration-05.%20Hector%20Latorre%2001b.jpg\/image770x420cropped.jpg\" alt=\"Campesinos en la zona del Ca\u00f1\u00f3n de las Hermosas, Colombia\" title=\"Campesinos en la zona del Ca\u00f1\u00f3n de las Hermosas, Colombia\" loading=\"lazy\" width=\"770\" height=\"420\"\/>\n<\/div>\n<\/div>\n<h2>M\u00e1s de cien alegaciones de reclutamiento en 2025<\/h2>\n<p>Cauca, donde vive Diana, es <u>el departamento con mayor probabilidad de ciber reclutamiento.<\/u><\/p>\n<p>Las redes son solo parte de un problema m\u00e1s amplio. En el primer trimestre de 2025, ONU Derechos Humanos recibi\u00f3 118 alegaciones de reclutamiento de ni\u00f1os, ni\u00f1as y adolescentes, de las que verific\u00f3 51 casos. Entre 2019 y 2024, a<strong>l menos 1206 han sido v\u00edctimas de reclutamiento entre 2019 y 2024, de acuerdo con cifras del <\/strong><strong>informe dael Secretario General <\/strong><strong>  sobre ni\u00f1ez y conflicto armado. <\/strong>En 2024 se verificaron 450 casos, un aumento del 64 % con respecto al a\u00f1o anterior.<\/p>\n<p>La Oficina dice que las cifras reales son mucho m\u00e1s altas. <\/p>\n<p><strong>\u201cHay un nivel de subregistro alt\u00edsimo\u201d en el pa\u00eds y la cifra real es \u201cmuch\u00edsimo mayor<\/strong>\u201d, porque no siempre hay mecanismos de denuncia o porque muchas veces el reclutamiento se normaliza. <strong>\u201cLas familias tienen temor porque los grupos les dicen que si denuncian ya no van a poder tener contacto <\/strong>y ya no van a poder ver a sus hijos\u201d, explica De la Torre.<\/p>\n<p>Cuando las familias callan, los primeros en notar la ausencia suelen ser los profesores. \u201cCuando un chico no llega, e<strong>l profe empieza a indagar, llama a los padres. <\/strong>En estas zonas lo m\u00e1s probable es que haya sido reclutado o que est\u00e9 trabajando en cultivos de coca. El profesor investiga, y cuando determina que fue reclutado, intenta activar la ruta institucional. Pero el acceso es muy dif\u00edcil\u201d, detalla Diana.<\/p>\n<div class=\"context-un_news_large_credit type-entermedia_image media media--type-entermedia-image media--view-mode-un-news-large-credit\">\n<div class=\"field field--name-thumbnail field--type-image field--label-hidden field__item\"><img decoding=\"async\" src=\"https:\/\/global.unitednations.entermediadb.net\/assets\/mediadb\/services\/module\/asset\/downloads\/preset\/Libraries\/Production%20Library\/31-07-25-%20COLOMBIA-UNICEF%203.jpg\/image770x420cropped.jpg\" alt=\"Albergue temporal para desplazados en Oca\u00f1a, Colombia\" title=\"Albergue temporal para desplazados en Oca\u00f1a, Colombia\" loading=\"lazy\" width=\"770\" height=\"420\"\/>\n<\/div>\n<\/div>\n<h2>Un problema hist\u00f3rico<\/h2>\n<p>El reclutamiento de ni\u00f1os y adolescentes\u00a0 ha sido una constante en el conflicto de Colombia.\u00a0Las estimaciones de la Comisi\u00f3n de la Verdad indican que en el periodo de 1990 a 2017<br \/>entre 27.101 y 40.828 ni\u00f1as, ni\u00f1os y adolescentes fueron v\u00edctimas de esta violencia.<\/p>\n<p>Hace ocho a\u00f1os el Gobierno y la guerrilla de las FARC-EP <strong>firmaron un acuerdo de paz<\/strong>que ha alcanzado progresos notables.<\/p>\n<p>Sin embargo, la retirada de las FARC de algunas regiones cre\u00f3 un vac\u00edo de poder que llenaron otros grupos armados, que se disputan las econom\u00edas il\u00edcitas.<\/p>\n<p><strong>\u201cAhora hay m\u00e1s de ocho conflictos armados internos entre grupos cada vez m\u00e1s fragmentados<\/strong>. Necesitan j\u00f3venes para mantener el control del territorio, la capacidad de fuego y las econom\u00edas il\u00edcitas\u201d, dice De La Torre.<\/p>\n<p>Los grupos est\u00e1n presentes incluso en las escuelas. \u201cAlmacenan comida en la escuela, usan el ba\u00f1o y la cocina. A veces obligan al profesor a cocinarles. Se asoman por las ventanas mientras damos clase\u201d, relata Laura**. El Informe del Secretario General sobre ni\u00f1ez y conflictos armados verific\u00f3 tambi\u00e9n un aumento en el uso de escuelas para fines militares y en el ataque de escuelas y hospitales.<\/p>\n<p>Cuando los j\u00f3venes llegan a los campamentos, muchas veces en veredas remotas u otros departamentos, quedan totalmente aislados.<\/p>\n<p><strong>\u201cLa realidad dista profundamente de la promesa que les venden en redes sociales\u201d,<\/strong> alerta Diana. \u201cLo que comienza como una ilusi\u00f3n de poder y reconocimiento termina siendo una experiencia marcada por el miedo, el abuso y la p\u00e9rdida de la infancia. <strong>Muchos son usados como carne de ca\u00f1\u00f3n\u201d.<\/strong><\/p>\n<p>Los j\u00f3venes no tienen la preparaci\u00f3n militar que exige su organizaci\u00f3n, pero son obligados a portar almas, a vigilar los cultivos il\u00edcitos, a participar de sus enfrentamientos sin entrenamiento y protecci\u00f3n. Muchos de ellos, detalla la profesora, son sometidos a castigos f\u00edsicos y a explotaci\u00f3n sexual.<\/p>\n<p>El reclutamiento por parte de grupos armados es un fen\u00f3meno rural y afecta especialmente a ind\u00edgenas y afrodescendientes.<\/p>\n<p>El 48,3% de los casos, que son 260 de los que la Oficina document\u00f3, se concentran en los pueblos ind\u00edgenas.<\/p>\n<p><strong>La Oficina se\u00f1ala que esto tiene un impacto muy fuerte <\/strong>\u201cen la cultura, la identidad y los procesos organizativos de los pueblos\u201d.\u00a0 \u201cEs una forma realmente donde el exterminio de los pueblos cultural y f\u00edsicamente est\u00e1 avanzando\u201d, a\u00f1ade De la Torre.<\/p>\n<div class=\"context-un_news_large_credit type-entermedia_image media media--type-entermedia-image media--view-mode-un-news-large-credit\">\n<div class=\"field field--name-thumbnail field--type-image field--label-hidden field__item\"><img decoding=\"async\" src=\"https:\/\/global.unitednations.entermediadb.net\/assets\/mediadb\/services\/module\/asset\/downloads\/preset\/Libraries\/Production%20Library\/31-07-25-COLOMBIA-UNICEF%204.jpg\/image770x420cropped.jpg\" alt=\"Una ni\u00f1a desplazada en Oca\u00f1a, Colombia\" title=\"Una ni\u00f1a desplazada en Oca\u00f1a, Colombia\" loading=\"lazy\" width=\"770\" height=\"420\"\/>\n<\/div>\n<\/div>\n<p>En los videos en las redes sociales, las mujeres son presentadas como un premio m\u00e1s para los guerrilleros.<\/p>\n<p>El 39,7% de los de los casos de reclutamiento son ni\u00f1as. <strong>\u201cUna vez fui abusada sexualmente por integrantes de un grupo. Luego esos hombres del grupo me buscaban cada fin de semana y me llevaban obligada a una zona para ser violada nuevamente por otros hombres\u201d, narr\u00f3 Sof\u00eda** a la Oficina.<\/strong><\/p>\n<p>Diana recuerda el caso de una alumna de 16 a\u00f1os, brillante y carism\u00e1tica. Desapareci\u00f3 y seis meses despu\u00e9s llam\u00f3 a su madre para decirle que estaba bien y que hab\u00eda conocido a un joven que la cuidaba. Poco tiempo despu\u00e9s, su cuerpo fue hallado en otro departamento.<\/p>\n<p>\u201cEra una chica l\u00edder, con muchas aspiraciones. Se dej\u00f3 llevar por una falsa expectativa y nunca intent\u00f3 salir. Fue muy triste ver su cuerpo regresar al pueblo. Y ah\u00ed es donde aparecen las culpas en todos los sectores\u201d, dice Diana, con la voz entrecortada.<\/p>\n<h2>La respuesta de las redes sociales<\/h2>\n<p>La Oficina de Derechos Humanos ha contactado a Meta y TikTok para pedir medidas. Aunque se han cerrado cuentas, otras nuevas aparecen sin cesar.<\/p>\n<p>\u201cEs clave que fortalezcan su <strong>coordinaci\u00f3n con las instituciones del Estado,<\/strong> como la Fiscal\u00eda, para facilitar investigaciones contra quienes est\u00e1n detr\u00e1s de esta estrategia medi\u00e1tica\u201d, afirma De La Torre.<\/p>\n<p>La ONU pide a las plataformas que asignen recursos para equipos locales capaces de identificar y moderar contenido, evitando que las redes se conviertan en cajas de resonancia para los grupos armados.<\/p>\n<p><strong>UNICEF, por su parte<\/strong><strong>apoya a escuelas rurales<\/strong> para convertirlas en espacios seguros y garantizar que los ni\u00f1os completen su educaci\u00f3n. En 2024, m\u00e1s de 13.651 ni\u00f1as, ni\u00f1os y adolescentes, y 4424 j\u00f3venes, padres, madres y cuidadores, as\u00ed como funcionarios p\u00fablicos, participaron en talleres de estrategias de prevenci\u00f3n de reclutamiento y atenci\u00f3n a v\u00edctimas.<\/p>\n<div class=\"context-un_news_large_credit type-entermedia_image media media--type-entermedia-image media--view-mode-un-news-large-credit\">\n<div class=\"field field--name-thumbnail field--type-image field--label-hidden field__item\"><img decoding=\"async\" src=\"https:\/\/global.unitednations.entermediadb.net\/assets\/mediadb\/services\/module\/asset\/downloads\/preset\/Libraries\/Production%20Library\/31-07-25-COLOMBIA-UNICEF.jpeg\/image770x420cropped.jpg\" alt=\"Una escuela en Norte de Santander, Colombia\" title=\"Una escuela en Norte de Santander, Colombia\" loading=\"lazy\" width=\"770\" height=\"420\"\/>\n<\/div>\n<\/div>\n<h2>Los que regresan<\/h2>\n<p>Tras las familias, las escuelas son las primeras en notar la ausencia y las primeras en recibir a quienes regresan.<\/p>\n<p>\u00ab<strong>Muchos no hablan. Otros intentan impresionar a sus compa\u00f1eros,<\/strong> diciendo que fueron valientes. Mantienen un nivel de fantas\u00eda. Se presentan como si no hubieran fracasado, sino vivido una experiencia\u201d, expone Mario.<\/p>\n<p>Diana insiste en que la escuela debe desmontar esa narrativa falsa y ofrecer un futuro digno. \u201cEs un di\u00e1logo constante. Hay que abrir su mirada para que vean que hay otras posibilidades\u201d, a\u00f1ade Mario, quien asegura que tambi\u00e9n hay historias felices: \u201cTransformaciones de vida completas, pero no puedo contarlas\u201d.<\/p>\n<p>No puede contarlas para proteger a sus alumnos. Profesores como Mario y Diana trabajan con pasi\u00f3n en zonas de alto riesgo. Otros deben irse, amenazados directa o indirectamente. \u201cDesde la educaci\u00f3n se pueden cambiar vidas. Por eso algunos se quedan<strong>. Pero los grupos buscan la manera de sacar a los maestros que se convierten en obst\u00e1culos\u201d<\/strong>advierte Diana.<\/p>\n<p>Los docentes piden una respuesta estructural. \u201cFalta una pol\u00edtica p\u00fablica que garantice acceso a la educaci\u00f3n para que los ni\u00f1os que han logrado desvincularse\u00a0tengan acceso y de esto puedan tomar ejemplo los dem\u00e1s chicos para que la escuela se vea como un espacio de sanaci\u00f3n. Se necesitan recursos, formaci\u00f3n docente, articulaci\u00f3n con un sistema de justicia. Retomar las clases para ellos no es f\u00e1cil, es pr\u00e1cticamente reconstruir un proyecto de vida que fue interrumpido por esa guerra. Y dependiendo c\u00f3mo se haya presentado la situaci\u00f3n, puede ser o un riesgo para los dem\u00e1s compa\u00f1eros o tambi\u00e9n puede ser la salvaci\u00f3n para muchos otros\u201d, concluye Diana.<\/p>\n<p><strong>*<\/strong>Nombres cambiados por motivos de protecci\u00f3n<\/p>\n<p>** Testimonios recopilados por la Oficina del Alto Comisionado para los Derechos Humanos en Colombia<\/p>\n<\/p>\n<p>Escucha este reportaje<\/p>\n<p><iframe loading=\"lazy\" src=\"https:\/\/w.soundcloud.com\/player\/?url=https%3A\/\/api.soundcloud.com\/tracks\/2140479117&amp;color=%23ff5500&amp;auto_play=false&amp;hide_related=false&amp;show_comments=true&amp;show_user=true&amp;show_reposts=false&amp;show_teaser=true&amp;visual=true\" width=\"100%\" height=\"300\" scrolling=\"no\" frameborder=\"no\"><\/iframe><\/p>\n<\/p>\n<\/div>\n\n","protected":false},"excerpt":{"rendered":"<p>El hijo de Mar\u00eda * un d\u00eda no volvi\u00f3 a la casa. \u201cMi hijo sali\u00f3 de la casa cuando yo no estaba, con una mochila y se fue. Luego me enter\u00e9 de que estaba reclutado\u201d**. Buscando una explicaci\u00f3n, Mar\u00eda revis\u00f3 su cuenta de Facebook. \u201cEncontr\u00e9 una conversaci\u00f3n con una supuesta novia que le dec\u00eda que &hellip;<\/p>\n","protected":false},"author":1,"featured_media":38639,"comment_status":"open","ping_status":"open","sticky":false,"template":"","format":"standard","meta":{"fifu_image_url":"https:\/\/global.unitednations.entermediadb.net\/assets\/mediadb\/services\/module\/asset\/downloads\/preset\/Collections\/Embargoed\/23-01-2024-UNICEF-Brazil.jpg\/image770x420cropped.jpg","fifu_image_alt":"","footnotes":""},"categories":[3],"tags":[],"class_list":["post-38637","post","type-post","status-publish","format-standard","has-post-thumbnail","","category-negocio"],"_links":{"self":[{"href":"https:\/\/noticiasveraces.com\/index.php?rest_route=\/wp\/v2\/posts\/38637","targetHints":{"allow":["GET"]}}],"collection":[{"href":"https:\/\/noticiasveraces.com\/index.php?rest_route=\/wp\/v2\/posts"}],"about":[{"href":"https:\/\/noticiasveraces.com\/index.php?rest_route=\/wp\/v2\/types\/post"}],"author":[{"embeddable":true,"href":"https:\/\/noticiasveraces.com\/index.php?rest_route=\/wp\/v2\/users\/1"}],"replies":[{"embeddable":true,"href":"https:\/\/noticiasveraces.com\/index.php?rest_route=%2Fwp%2Fv2%2Fcomments&post=38637"}],"version-history":[{"count":0,"href":"https:\/\/noticiasveraces.com\/index.php?rest_route=\/wp\/v2\/posts\/38637\/revisions"}],"wp:featuredmedia":[{"embeddable":true,"href":"https:\/\/noticiasveraces.com\/index.php?rest_route=\/wp\/v2\/media\/38639"}],"wp:attachment":[{"href":"https:\/\/noticiasveraces.com\/index.php?rest_route=%2Fwp%2Fv2%2Fmedia&parent=38637"}],"wp:term":[{"taxonomy":"category","embeddable":true,"href":"https:\/\/noticiasveraces.com\/index.php?rest_route=%2Fwp%2Fv2%2Fcategories&post=38637"},{"taxonomy":"post_tag","embeddable":true,"href":"https:\/\/noticiasveraces.com\/index.php?rest_route=%2Fwp%2Fv2%2Ftags&post=38637"}],"curies":[{"name":"wp","href":"https:\/\/api.w.org\/{rel}","templated":true}]}}