{"id":38634,"date":"2025-08-02T11:05:13","date_gmt":"2025-08-02T15:05:13","guid":{"rendered":"https:\/\/noticiasveraces.com\/?p=38634"},"modified":"2025-08-02T11:05:13","modified_gmt":"2025-08-02T15:05:13","slug":"francia-detiene-las-evacuaciones-de-gaza-sobre-las-publicaciones-antisemitas-del-estudiante-palestino","status":"publish","type":"post","link":"https:\/\/noticiasveraces.com\/?p=38634","title":{"rendered":"Francia detiene las evacuaciones de Gaza sobre las publicaciones antisemitas del estudiante palestino"},"content":{"rendered":"<p> \n<\/p>\n<div>\n<div id=\"beyondwords-wrapper\" class=\"beyondwords-wrapper\">\n<p><span class=\"label-bg\">NUEVO<\/span>\u00a1Ahora puedes escuchar art\u00edculos de Fox News!\n  <\/p>\n<\/div>\n<p class=\"speakable\">Francia est\u00e1 deteniendo todas las evacuaciones de los gazanes que huyen del enclave devastado por la guerra en medio de la creciente indignaci\u00f3n por un estudiante palestino que supuestamente vuelve a publicar contenido antisemita en sus redes sociales.<\/p>\n<p class=\"speakable\">El ministro de Relaciones Exteriores franc\u00e9s, Jean-No\u00ebl Barot, le dijo a France Info Radio que la mujer \u00abdebe abandonar el pa\u00eds\u00bb y que \u00abno tiene lugar\u00bb en Francia.<\/p>\n<p>\u00abNo se llevar\u00e1 a cabo ninguna evacuaci\u00f3n de ning\u00fan tipo hasta que hayamos sacado las conclusiones necesarias de esta investigaci\u00f3n\u00bb, dijo Barrot en la entrevista. Tambi\u00e9n prometi\u00f3 que habr\u00eda una investigaci\u00f3n sobre c\u00f3mo la mujer palestina pudo obtener una visa de estudiante.<\/p>\n<div class=\"image-ct inline\">\n<div class=\"m\"><picture><source media=\"(max-width: 767px)\" srcset=\"https:\/\/a57.foxnews.com\/static.foxnews.com\/foxnews.com\/content\/uploads\/2025\/08\/343\/192\/france-palestine-antisemitism.jpg?ve=1&amp;tl=1, https:\/\/a57.foxnews.com\/static.foxnews.com\/foxnews.com\/content\/uploads\/2025\/08\/686\/384\/france-palestine-antisemitism.jpg?ve=1&amp;tl=1 2x\" height=\"192\" width=\"343\"><source media=\"(min-width: 768px) and (max-width: 1023px)\" srcset=\"https:\/\/a57.foxnews.com\/static.foxnews.com\/foxnews.com\/content\/uploads\/2025\/08\/672\/378\/france-palestine-antisemitism.jpg?ve=1&amp;tl=1, https:\/\/a57.foxnews.com\/static.foxnews.com\/foxnews.com\/content\/uploads\/2025\/08\/1344\/756\/france-palestine-antisemitism.jpg?ve=1&amp;tl=1 2x\" height=\"378\" width=\"672\"><source media=\"(min-width: 1024px) and (max-width: 1279px)\" srcset=\"https:\/\/a57.foxnews.com\/static.foxnews.com\/foxnews.com\/content\/uploads\/2025\/08\/931\/523\/france-palestine-antisemitism.jpg?ve=1&amp;tl=1, https:\/\/a57.foxnews.com\/static.foxnews.com\/foxnews.com\/content\/uploads\/2025\/08\/1862\/1046\/france-palestine-antisemitism.jpg?ve=1&amp;tl=1 2x\" height=\"523\" width=\"931\"><source media=\"(min-width: 1280px)\" srcset=\"https:\/\/a57.foxnews.com\/static.foxnews.com\/foxnews.com\/content\/uploads\/2025\/08\/720\/405\/france-palestine-antisemitism.jpg?ve=1&amp;tl=1, https:\/\/a57.foxnews.com\/static.foxnews.com\/foxnews.com\/content\/uploads\/2025\/08\/1440\/810\/france-palestine-antisemitism.jpg?ve=1&amp;tl=1 2x\" height=\"405\" width=\"720\"><img loading=\"lazy\" decoding=\"async\" src=\"https:\/\/a57.foxnews.com\/static.foxnews.com\/foxnews.com\/content\/uploads\/2025\/08\/1200\/675\/france-palestine-antisemitism.jpg?ve=1&amp;tl=1\" alt=\"El manifestante tiene un &quot;Palestina libre&quot; firmar\" width=\"1200\" height=\"675\"\/><\/source><\/source><\/source><\/source><\/picture><\/div>\n<div class=\"info\">\n<div class=\"caption\">\n<p><span>Un hombre posee un cartel que lee \u00abPalestina libre\u00bb durante una manifestaci\u00f3n en el lugar de la Republique en Par\u00eds, Francia, el 9 de junio de 2025. <\/span> <span>(Reuters\/Sarah Meyssonnier\/Foto de archivo)<\/span><\/p>\n<\/div>\n<\/div>\n<\/div>\n<p>El ministro del Interior franc\u00e9s, Bruno Retailleau, tambi\u00e9n expres\u00f3 su indignaci\u00f3n por el incidente, escribiendo sobre X, \u00abLos propagandistas de Hamas no tienen lugar en nuestro pa\u00eds\u00bb.<\/p>\n<p>El estudiante de ciencias ahora expulsado de Po Lille, que no ha sido identificado por el gobierno franc\u00e9s, est\u00e1 acusado de compartir una publicaci\u00f3n con una imagen de Adolf Hitler que pidi\u00f3 matar a los jud\u00edos.<\/p>\n<p>Seg\u00fan una captura de pantalla compartida por la publicaci\u00f3n de Jerusal\u00e9n, la leyenda de la imagen de Hitler, cuando se traduce por Grok de \u00e1rabe a ingl\u00e9s, lee: \u00abMata a los jud\u00edos en todas partes. No quiero un linaje jud\u00edo en esta tierra. Debes matarlos antes de que te maten\u00bb.<\/p>\n<div class=\"image-ct inline\">\n<div class=\"m\"><picture><source media=\"(max-width: 767px)\" srcset=\"https:\/\/a57.foxnews.com\/static.foxnews.com\/foxnews.com\/content\/uploads\/2025\/08\/343\/192\/france-antisemitism-1.jpg?ve=1&amp;tl=1, https:\/\/a57.foxnews.com\/static.foxnews.com\/foxnews.com\/content\/uploads\/2025\/08\/686\/384\/france-antisemitism-1.jpg?ve=1&amp;tl=1 2x\" height=\"192\" width=\"343\"><source media=\"(min-width: 768px) and (max-width: 1023px)\" srcset=\"https:\/\/a57.foxnews.com\/static.foxnews.com\/foxnews.com\/content\/uploads\/2025\/08\/672\/378\/france-antisemitism-1.jpg?ve=1&amp;tl=1, https:\/\/a57.foxnews.com\/static.foxnews.com\/foxnews.com\/content\/uploads\/2025\/08\/1344\/756\/france-antisemitism-1.jpg?ve=1&amp;tl=1 2x\" height=\"378\" width=\"672\"><source media=\"(min-width: 1024px) and (max-width: 1279px)\" srcset=\"https:\/\/a57.foxnews.com\/static.foxnews.com\/foxnews.com\/content\/uploads\/2025\/08\/931\/523\/france-antisemitism-1.jpg?ve=1&amp;tl=1, https:\/\/a57.foxnews.com\/static.foxnews.com\/foxnews.com\/content\/uploads\/2025\/08\/1862\/1046\/france-antisemitism-1.jpg?ve=1&amp;tl=1 2x\" height=\"523\" width=\"931\"><source media=\"(min-width: 1280px)\" srcset=\"https:\/\/a57.foxnews.com\/static.foxnews.com\/foxnews.com\/content\/uploads\/2025\/08\/720\/405\/france-antisemitism-1.jpg?ve=1&amp;tl=1, https:\/\/a57.foxnews.com\/static.foxnews.com\/foxnews.com\/content\/uploads\/2025\/08\/1440\/810\/france-antisemitism-1.jpg?ve=1&amp;tl=1 2x\" height=\"405\" width=\"720\"><img loading=\"lazy\" decoding=\"async\" src=\"https:\/\/a57.foxnews.com\/static.foxnews.com\/foxnews.com\/content\/uploads\/2025\/08\/1200\/675\/france-antisemitism-1.jpg?ve=1&amp;tl=1\" alt=\"Protesta en Francia contra el antisemitismo\" width=\"1200\" height=\"675\"\/><\/source><\/source><\/source><\/source><\/picture><\/div>\n<div class=\"info\">\n<div class=\"caption\">\n<p><span>Una mujer sostiene una lectura de carteles \u00abMarcamos contra el antisemitismo\u00bb durante una manifestaci\u00f3n contra el antisemitismo, organizado por los dos jefes del Parlamento franc\u00e9s, como una oleada en los delitos antisemitas aumentados en Francia, en medio del conflicto continuo entre el grupo Israel y el Islam Palestino Hamas, en Par\u00eds, Francia, el 12 de noviembre, 2023. <\/span> <span>(REUTERS\/Claudia Greco)<\/span><\/p>\n<\/div>\n<\/div>\n<\/div>\n<p><strong><u>El presidente franc\u00e9s, Emmanuel Macron, reconocer\u00e1 el &#8216;Estado de Palestina&#8217; en septiembre en la Asamblea General de la ONU<\/u><\/strong><\/p>\n<p>En un hilo sobre X, Sciences Po Lille dijo que su administraci\u00f3n se dio cuenta de las publicaciones del estudiante debido a un informe de Radio Monte-Carlo (RMC). La escuela conden\u00f3 los puestos, diciendo que el contenido est\u00e1 en \u00abcontradicci\u00f3n directa con los valores confirmados por las ciencias po lille\u00bb. Agreg\u00f3 que la instituci\u00f3n rechaza el antisemitismo, la discriminaci\u00f3n e incitaci\u00f3n al odio.<\/p>\n<p>\u00abFrancia no tiene la obligaci\u00f3n de organizar a los estudiantes internacionales que glorifican el terrorismo, los cr\u00edmenes contra la humanidad o el antisemitismo\u00bb, escribi\u00f3 Philippe Baptiste del Ministro Franc\u00e9s de Educaci\u00f3n Superior. \u00abYa sea que vengan de Gaza o en otros lugares, los estudiantes internacionales que expresan o transmiten tales opiniones no tienen lugar en nuestro pa\u00eds ni en nuestro suelo\u00bb.<\/p>\n<p>Baptiste tambi\u00e9n prometi\u00f3 que el gobierno franc\u00e9s \u00abhar\u00eda todo lo necesario para garantizar que el caso del estudiante palestino admitido a las ciencias Po Lille, que comparti\u00f3 comentarios extremadamente serios en las redes sociales, se maneja con la mayor firmeza\u00bb.<\/p>\n<div class=\"image-ct inline\">\n<div class=\"m\"><picture><source media=\"(max-width: 767px)\" srcset=\"https:\/\/a57.foxnews.com\/static.foxnews.com\/foxnews.com\/content\/uploads\/2025\/08\/343\/192\/anti-israel-france-palestinian-gaza.jpg?ve=1&amp;tl=1, https:\/\/a57.foxnews.com\/static.foxnews.com\/foxnews.com\/content\/uploads\/2025\/08\/686\/384\/anti-israel-france-palestinian-gaza.jpg?ve=1&amp;tl=1 2x\" height=\"192\" width=\"343\"><source media=\"(min-width: 768px) and (max-width: 1023px)\" srcset=\"https:\/\/a57.foxnews.com\/static.foxnews.com\/foxnews.com\/content\/uploads\/2025\/08\/672\/378\/anti-israel-france-palestinian-gaza.jpg?ve=1&amp;tl=1, https:\/\/a57.foxnews.com\/static.foxnews.com\/foxnews.com\/content\/uploads\/2025\/08\/1344\/756\/anti-israel-france-palestinian-gaza.jpg?ve=1&amp;tl=1 2x\" height=\"378\" width=\"672\"><source media=\"(min-width: 1024px) and (max-width: 1279px)\" srcset=\"https:\/\/a57.foxnews.com\/static.foxnews.com\/foxnews.com\/content\/uploads\/2025\/08\/931\/523\/anti-israel-france-palestinian-gaza.jpg?ve=1&amp;tl=1, https:\/\/a57.foxnews.com\/static.foxnews.com\/foxnews.com\/content\/uploads\/2025\/08\/1862\/1046\/anti-israel-france-palestinian-gaza.jpg?ve=1&amp;tl=1 2x\" height=\"523\" width=\"931\"><source media=\"(min-width: 1280px)\" srcset=\"https:\/\/a57.foxnews.com\/static.foxnews.com\/foxnews.com\/content\/uploads\/2025\/08\/720\/405\/anti-israel-france-palestinian-gaza.jpg?ve=1&amp;tl=1, https:\/\/a57.foxnews.com\/static.foxnews.com\/foxnews.com\/content\/uploads\/2025\/08\/1440\/810\/anti-israel-france-palestinian-gaza.jpg?ve=1&amp;tl=1 2x\" height=\"405\" width=\"720\"><img loading=\"lazy\" decoding=\"async\" src=\"https:\/\/a57.foxnews.com\/static.foxnews.com\/foxnews.com\/content\/uploads\/2025\/08\/1200\/675\/anti-israel-france-palestinian-gaza.jpg?ve=1&amp;tl=1\" alt=\"Protesta pro-palestina en Francia\" width=\"1200\" height=\"675\"\/><\/source><\/source><\/source><\/source><\/picture><\/div>\n<div class=\"info\">\n<div class=\"caption\">\n<p><span>Un manifestante utiliza un meg\u00e1fono durante una protesta en apoyo de los palestinos, pidiendo un alto el fuego inmediato en Gaza, en medio del conflicto en curso entre Israel y Hamas, en Par\u00eds, Francia, 31 de julio de 2025. <\/span> <span>(Reuters\/Tom Nicholson)<\/span><\/p>\n<\/div>\n<\/div>\n<\/div>\n<p><strong><u>Trump se encoge de hombros por el reconocimiento de Francia a Palestina como Rubio, el prominente movimiento de los republicanos<\/u><\/strong><\/p>\n<p>El presidente franc\u00e9s, Emmanuel Macron, quien recientemente dibuj\u00f3 la ira de los Estados Unidos e Israel sobre un plan para reconocer un estado palestino, a\u00fan no ha comentado sobre el asunto con respecto al estudiante.<\/p>\n<p>Seg\u00fan el plan de Macron, Par\u00eds reconocer\u00e1 a un estado palestino en septiembre. El pa\u00eds pareci\u00f3 sentar las bases para esto en las Naciones Unidas a principios de esta semana, ya que copresidi\u00f3 una conferencia con Arabia Saudita. Durante la conferencia, varias naciones firmaron la \u00abDeclaraci\u00f3n de Nueva York\u00bb, que exige que Hamas desarme y entrega el control de Gaza a la Autoridad Palestina. La declaraci\u00f3n tambi\u00e9n exige que Israel evac\u00fae sus fuerzas de la franja.<\/p>\n<div class=\"image-ct inline\">\n<div class=\"m\"><picture><source media=\"(max-width: 767px)\" srcset=\"https:\/\/a57.foxnews.com\/static.foxnews.com\/foxnews.com\/content\/uploads\/2025\/07\/343\/192\/saudi-france-un.jpg?ve=1&amp;tl=1, https:\/\/a57.foxnews.com\/static.foxnews.com\/foxnews.com\/content\/uploads\/2025\/07\/686\/384\/saudi-france-un.jpg?ve=1&amp;tl=1 2x\" height=\"192\" width=\"343\"><source media=\"(min-width: 768px) and (max-width: 1023px)\" srcset=\"https:\/\/a57.foxnews.com\/static.foxnews.com\/foxnews.com\/content\/uploads\/2025\/07\/672\/378\/saudi-france-un.jpg?ve=1&amp;tl=1, https:\/\/a57.foxnews.com\/static.foxnews.com\/foxnews.com\/content\/uploads\/2025\/07\/1344\/756\/saudi-france-un.jpg?ve=1&amp;tl=1 2x\" height=\"378\" width=\"672\"><source media=\"(min-width: 1024px) and (max-width: 1279px)\" srcset=\"https:\/\/a57.foxnews.com\/static.foxnews.com\/foxnews.com\/content\/uploads\/2025\/07\/931\/523\/saudi-france-un.jpg?ve=1&amp;tl=1, https:\/\/a57.foxnews.com\/static.foxnews.com\/foxnews.com\/content\/uploads\/2025\/07\/1862\/1046\/saudi-france-un.jpg?ve=1&amp;tl=1 2x\" height=\"523\" width=\"931\"><source media=\"(min-width: 1280px)\" srcset=\"https:\/\/a57.foxnews.com\/static.foxnews.com\/foxnews.com\/content\/uploads\/2025\/07\/720\/405\/saudi-france-un.jpg?ve=1&amp;tl=1, https:\/\/a57.foxnews.com\/static.foxnews.com\/foxnews.com\/content\/uploads\/2025\/07\/1440\/810\/saudi-france-un.jpg?ve=1&amp;tl=1 2x\" height=\"405\" width=\"720\"><img loading=\"lazy\" decoding=\"async\" src=\"https:\/\/a57.foxnews.com\/static.foxnews.com\/foxnews.com\/content\/uploads\/2025\/07\/1200\/675\/saudi-france-un.jpg?ve=1&amp;tl=1\" alt=\"Conferencia de la ONU de Arabia Saudita y Francia\" width=\"1200\" height=\"675\"\/><\/source><\/source><\/source><\/source><\/picture><\/div>\n<div class=\"info\">\n<div class=\"caption\">\n<p><span>El ministro de Relaciones Exteriores de Saudita, Faisal Bin Farhan al-Saud, y el ministro de Relaciones Exteriores franc\u00e9s Jean-Noel Barot, copresidentes de una conferencia internacional de alto nivel de las Naciones Unidas, organizada por Francia y Arabia Saudita para trabajar hacia una soluci\u00f3n de dos estados entre Israel y los palestinos, escuche una pregunta durante una presentaci\u00f3n informativa en la sede de la ONU en la ciudad de Nueva York, 28 de julio, 2025. <\/span> <span>(Reuters\/Kylie Cooper)<\/span><\/p>\n<\/div>\n<\/div>\n<\/div>\n<p><strong>Trump rechaza el movimiento de Macron cuando EE. UU. Salta una cumbre de la ONU en el estado palestino<\/strong><\/p>\n<p>Estados Unidos se opuso a la conferencia antes de que comenzara, con el portavoz del Departamento de Estado, Tammy Bruce, llam\u00e1ndolo \u00abimproductivo y mal tiempo\u00bb. Tambi\u00e9n lo descart\u00f3 como un \u00abtruco publicitario que viene en medio de delicados esfuerzos diplom\u00e1ticos para poner fin al conflicto\u00bb.<\/p>\n<p>\u00abComo el Secretario Rubio ha dejado claro, este esfuerzo es una bofetada a las v\u00edctimas del 7 de octubre y una recompensa por el terrorismo. Mantiene a los rehenes atrapados en t\u00faneles\u00bb, dijo Bruce. \u00abEstados Unidos no participar\u00e1 en este insulto, pero continuar\u00e1 liderando los esfuerzos del mundo real para poner fin a los combates y ofrecer una paz permanente. Nuestro enfoque permanece en una diplomacia seria: no conferencias administradas por la etapa dise\u00f1adas para fabricar la apariencia de relevancia\u00bb.<\/p>\n<p><strong><u>Haga clic aqu\u00ed para obtener la aplicaci\u00f3n Fox News<\/u><\/strong><\/p>\n<p>El embajador israel\u00ed de la ONU, Danny Danon, tambi\u00e9n se opuso a la conferencia.<\/p>\n<p>\u00abIsrael ya ha acordado muchas veces un alto el fuego. No hay reconocimiento simb\u00f3lico y ninguna resoluci\u00f3n de la ONU cambiar\u00e1 el hecho b\u00e1sico de que hay aquellos en el mundo que luchan contra los terroristas y las fuerzas extremistas y luego hay quienes hacen la vista gorda hacia ellos o recurrir\u00e1n a la apuesta\u00bb, dijo Danon en una declaraci\u00f3n.<\/p>\n<p> <!----> <\/p>\n<div class=\"article-meta\">\n<div class=\"author-bio\">\n<p>Rachel Wolf es una escritora de noticias de Fox News Digital y Fox Business.<\/p>\n<\/div>\n<\/div>\n<\/div>\n\n","protected":false},"excerpt":{"rendered":"<p>NUEVO\u00a1Ahora puedes escuchar art\u00edculos de Fox News! Francia est\u00e1 deteniendo todas las evacuaciones de los gazanes que huyen del enclave devastado por la guerra en medio de la creciente indignaci\u00f3n por un estudiante palestino que supuestamente vuelve a publicar contenido antisemita en sus redes sociales. El ministro de Relaciones Exteriores franc\u00e9s, Jean-No\u00ebl Barot, le dijo &hellip;<\/p>\n","protected":false},"author":1,"featured_media":38636,"comment_status":"open","ping_status":"open","sticky":false,"template":"","format":"standard","meta":{"fifu_image_url":"https:\/\/static.foxnews.com\/foxnews.com\/content\/uploads\/2025\/08\/france-palestine-antisemitism.jpg","fifu_image_alt":"","footnotes":""},"categories":[13],"tags":[],"class_list":["post-38634","post","type-post","status-publish","format-standard","has-post-thumbnail","","category-mundo"],"_links":{"self":[{"href":"https:\/\/noticiasveraces.com\/index.php?rest_route=\/wp\/v2\/posts\/38634","targetHints":{"allow":["GET"]}}],"collection":[{"href":"https:\/\/noticiasveraces.com\/index.php?rest_route=\/wp\/v2\/posts"}],"about":[{"href":"https:\/\/noticiasveraces.com\/index.php?rest_route=\/wp\/v2\/types\/post"}],"author":[{"embeddable":true,"href":"https:\/\/noticiasveraces.com\/index.php?rest_route=\/wp\/v2\/users\/1"}],"replies":[{"embeddable":true,"href":"https:\/\/noticiasveraces.com\/index.php?rest_route=%2Fwp%2Fv2%2Fcomments&post=38634"}],"version-history":[{"count":0,"href":"https:\/\/noticiasveraces.com\/index.php?rest_route=\/wp\/v2\/posts\/38634\/revisions"}],"wp:featuredmedia":[{"embeddable":true,"href":"https:\/\/noticiasveraces.com\/index.php?rest_route=\/wp\/v2\/media\/38636"}],"wp:attachment":[{"href":"https:\/\/noticiasveraces.com\/index.php?rest_route=%2Fwp%2Fv2%2Fmedia&parent=38634"}],"wp:term":[{"taxonomy":"category","embeddable":true,"href":"https:\/\/noticiasveraces.com\/index.php?rest_route=%2Fwp%2Fv2%2Fcategories&post=38634"},{"taxonomy":"post_tag","embeddable":true,"href":"https:\/\/noticiasveraces.com\/index.php?rest_route=%2Fwp%2Fv2%2Ftags&post=38634"}],"curies":[{"name":"wp","href":"https:\/\/api.w.org\/{rel}","templated":true}]}}