{"id":38625,"date":"2025-08-02T10:41:47","date_gmt":"2025-08-02T14:41:47","guid":{"rendered":"https:\/\/noticiasveraces.com\/?p=38625"},"modified":"2025-08-02T10:41:47","modified_gmt":"2025-08-02T14:41:47","slug":"el-experto-en-vacunas-aborda-la-disminucion-de-las-tasas-de-vacunacion-infantil-a-nivel-mundial","status":"publish","type":"post","link":"https:\/\/noticiasveraces.com\/?p=38625","title":{"rendered":"El experto en vacunas aborda la disminuci\u00f3n de las tasas de vacunaci\u00f3n infantil a nivel mundial"},"content":{"rendered":"<p> \n<\/p>\n<div>\n<div id=\"beyondwords-wrapper\" class=\"beyondwords-wrapper\">\n<p><span class=\"label-bg\">NUEVO<\/span>\u00a1Ahora puedes escuchar art\u00edculos de Fox News!\n  <\/p>\n<\/div>\n<p class=\"speakable\">Aunque han pasado m\u00e1s de cinco a\u00f1os desde el comienzo de la pandemia Covid-19, la vacuna resultante todav\u00eda persiste hasta el d\u00eda de hoy, algo que la profesora Margie Danchin est\u00e1 comprometida a ayudar a resolver.<\/p>\n<p class=\"speakable\">Un pediatra del Royal Children&#8217;s Hospital en Melbourne, Australia, Danchin, tambi\u00e9n es experto en vacunas en el Murdoch Children&#8217;s Research Institute (MCRI), tambi\u00e9n en Melbourne. <\/p>\n<p>Su mayor enfoque, le dijo a Fox News Digital, es luchar contra la erosi\u00f3n de la confianza de las vacunas en un momento en que la tecnolog\u00eda avanza, y cuando la necesidad de estos avances para combatir las enfermedades de la infancia emergentes (y resurgiendo) est\u00e1 creciendo. <\/p>\n<p><strong><u>El comit\u00e9 de los CDC se mueve para eliminar el ingrediente controvertido de mercurio de las vacunas contra la gripe<\/u><\/strong><\/p>\n<p>Un excelente ejemplo de esta tecnolog\u00eda, seg\u00fan Danchin, es la nueva vacunaci\u00f3n materna contra el RSV (virus sincitial respiratorio) y el tratamiento con anticuerpos monoclonales RSV para los reci\u00e9n nacidos, llamado Nirsevimab. <\/p>\n<p>Estas son armas nuevas y efectivas contra una enfermedad que es una causa global l\u00edder de neumon\u00eda infantil y hospitalizaci\u00f3n de los reci\u00e9n nacidos. <\/p>\n<div class=\"image-ct inline\">\n<div class=\"m\"><picture><source media=\"(max-width: 767px)\" srcset=\"https:\/\/a57.foxnews.com\/static.foxnews.com\/foxnews.com\/content\/uploads\/2025\/07\/343\/192\/margie-headshot_2020_214.jpg?ve=1&amp;tl=1, https:\/\/a57.foxnews.com\/static.foxnews.com\/foxnews.com\/content\/uploads\/2025\/07\/686\/384\/margie-headshot_2020_214.jpg?ve=1&amp;tl=1 2x\" height=\"192\" width=\"343\"><source media=\"(min-width: 768px) and (max-width: 1023px)\" srcset=\"https:\/\/a57.foxnews.com\/static.foxnews.com\/foxnews.com\/content\/uploads\/2025\/07\/672\/378\/margie-headshot_2020_214.jpg?ve=1&amp;tl=1, https:\/\/a57.foxnews.com\/static.foxnews.com\/foxnews.com\/content\/uploads\/2025\/07\/1344\/756\/margie-headshot_2020_214.jpg?ve=1&amp;tl=1 2x\" height=\"378\" width=\"672\"><source media=\"(min-width: 1024px) and (max-width: 1279px)\" srcset=\"https:\/\/a57.foxnews.com\/static.foxnews.com\/foxnews.com\/content\/uploads\/2025\/07\/931\/523\/margie-headshot_2020_214.jpg?ve=1&amp;tl=1, https:\/\/a57.foxnews.com\/static.foxnews.com\/foxnews.com\/content\/uploads\/2025\/07\/1862\/1046\/margie-headshot_2020_214.jpg?ve=1&amp;tl=1 2x\" height=\"523\" width=\"931\"><source media=\"(min-width: 1280px)\" srcset=\"https:\/\/a57.foxnews.com\/static.foxnews.com\/foxnews.com\/content\/uploads\/2025\/07\/720\/405\/margie-headshot_2020_214.jpg?ve=1&amp;tl=1, https:\/\/a57.foxnews.com\/static.foxnews.com\/foxnews.com\/content\/uploads\/2025\/07\/1440\/810\/margie-headshot_2020_214.jpg?ve=1&amp;tl=1 2x\" height=\"405\" width=\"720\"><img loading=\"lazy\" decoding=\"async\" src=\"https:\/\/a57.foxnews.com\/static.foxnews.com\/foxnews.com\/content\/uploads\/2025\/07\/1200\/675\/margie-headshot_2020_214.jpg?ve=1&amp;tl=1\" alt=\"Profesora Margie Danchin\" width=\"1200\" height=\"675\"\/><\/source><\/source><\/source><\/source><\/picture><\/div>\n<div class=\"info\">\n<div class=\"caption\">\n<p><span>La profesora Margie Danchin es pediatra en el Royal Children&#8217;s Hospital y experta en vacunas en el Murdoch Children&#8217;s Research Institute (MCRI) en Melbourne, Australia.<\/span> <span>(Instituto de Investigaci\u00f3n Infantil Murdoch)<\/span><\/p>\n<\/div>\n<\/div>\n<\/div>\n<p>En Australia Occidental y Queensland, dijo Danchin, Nirsevimab ha llevado a una disminuci\u00f3n del 80% en las hospitalizaciones de RSV.<\/p>\n<p>Fox News Digital habl\u00f3 con Danchin sobre esta paradoja entre nuevas y emocionantes herramientas de prevenci\u00f3n y la reticencia a usarlas. <\/p>\n<p>En Australia, las tasas de vacunaci\u00f3n infantil est\u00e1n cayendo en muchas \u00e1reas, reflejando otras regiones en los Estados Unidos y en todo el mundo. <\/p>\n<p><strong><u>La terapia con c\u00e9lulas madre para corregir la insuficiencia card\u00edaca en los ni\u00f1os podr\u00eda \u00abtransformar vidas\u00bb<\/u><\/strong><\/p>\n<p>\u00abTenemos los niveles m\u00e1s bajos de confianza en todas las vacunas en m\u00e1s de una d\u00e9cada, y en efecto, hemos tenido reducciones globales en la cobertura de vacunas para los ni\u00f1os en particular\u00bb, dijo Danchin. <\/p>\n<p>Tambi\u00e9n se\u00f1al\u00f3 la escalada de enfermedades preventables de vacuna, como difteria, polio, tos ferina y sarampi\u00f3n.<\/p>\n<p>La investigaci\u00f3n del profesor Danchin se centra en la vacuna contra la vacuna y qu\u00e9 hacer al respecto.  <\/p>\n<div class=\"image-ct inline\">\n<div class=\"m\"><picture><source media=\"(max-width: 767px)\" srcset=\"https:\/\/a57.foxnews.com\/static.foxnews.com\/foxnews.com\/content\/uploads\/2025\/07\/343\/192\/parent-with-child-vaccination.jpg?ve=1&amp;tl=1, https:\/\/a57.foxnews.com\/static.foxnews.com\/foxnews.com\/content\/uploads\/2025\/07\/686\/384\/parent-with-child-vaccination.jpg?ve=1&amp;tl=1 2x\" height=\"192\" width=\"343\"><source media=\"(min-width: 768px) and (max-width: 1023px)\" srcset=\"https:\/\/a57.foxnews.com\/static.foxnews.com\/foxnews.com\/content\/uploads\/2025\/07\/672\/378\/parent-with-child-vaccination.jpg?ve=1&amp;tl=1, https:\/\/a57.foxnews.com\/static.foxnews.com\/foxnews.com\/content\/uploads\/2025\/07\/1344\/756\/parent-with-child-vaccination.jpg?ve=1&amp;tl=1 2x\" height=\"378\" width=\"672\"><source media=\"(min-width: 1024px) and (max-width: 1279px)\" srcset=\"https:\/\/a57.foxnews.com\/static.foxnews.com\/foxnews.com\/content\/uploads\/2025\/07\/931\/523\/parent-with-child-vaccination.jpg?ve=1&amp;tl=1, https:\/\/a57.foxnews.com\/static.foxnews.com\/foxnews.com\/content\/uploads\/2025\/07\/1862\/1046\/parent-with-child-vaccination.jpg?ve=1&amp;tl=1 2x\" height=\"523\" width=\"931\"><source media=\"(min-width: 1280px)\" srcset=\"https:\/\/a57.foxnews.com\/static.foxnews.com\/foxnews.com\/content\/uploads\/2025\/07\/720\/405\/parent-with-child-vaccination.jpg?ve=1&amp;tl=1, https:\/\/a57.foxnews.com\/static.foxnews.com\/foxnews.com\/content\/uploads\/2025\/07\/1440\/810\/parent-with-child-vaccination.jpg?ve=1&amp;tl=1 2x\" height=\"405\" width=\"720\"><img loading=\"lazy\" decoding=\"async\" src=\"https:\/\/a57.foxnews.com\/static.foxnews.com\/foxnews.com\/content\/uploads\/2025\/07\/1200\/675\/parent-with-child-vaccination.jpg?ve=1&amp;tl=1\" alt=\"Vacunaci\u00f3n de los hijos\" width=\"1200\" height=\"675\"\/><\/source><\/source><\/source><\/source><\/picture><\/div>\n<div class=\"info\">\n<div class=\"caption\">\n<p><span>En Australia, las tasas de vacunaci\u00f3n infantil est\u00e1n cayendo en muchas \u00e1reas, reflejando otras regiones en los Estados Unidos y en todo el mundo. <\/span> <span>(Istock)<\/span><\/p>\n<\/div>\n<\/div>\n<\/div>\n<p>\u00abDebe abordarse en muchos niveles\u00bb, dijo.<\/p>\n<p>Algunos de los factores m\u00e1s importantes, seg\u00fan el m\u00e9dico, son las cosmovisiones de las personas, las percepciones y la comprensi\u00f3n del riesgo, as\u00ed como los sesgos cognitivos que usan para interpretar ese riesgo.<\/p>\n<p><strong><u>La FDA advierte a las personas mayores que eviten esta vacuna despu\u00e9s de complicaciones mortales<\/u><\/strong><\/p>\n<p>\u00abVimos a trav\u00e9s del despliegue de Covid, cuando hubo eventos adversos asociados con las vacunas, las personas se volvieron incre\u00edblemente temerosas que les iba a suceder, a pesar de que el riesgo real de que ocurriera era incre\u00edblemente bajo, muy raro\u00bb, dijo Danchin.<\/p>\n<p>El m\u00e9dico tiene como objetivo abordar las preocupaciones de los pacientes y al mismo tiempo construyendo confianza.<\/p>\n<div class=\"image-ct inline\">\n<div class=\"m\"><picture><source media=\"(max-width: 767px)\" srcset=\"https:\/\/a57.foxnews.com\/static.foxnews.com\/foxnews.com\/content\/uploads\/2023\/08\/343\/192\/pregnant-woman-vaccine.jpg?ve=1&amp;tl=1, https:\/\/a57.foxnews.com\/static.foxnews.com\/foxnews.com\/content\/uploads\/2023\/08\/686\/384\/pregnant-woman-vaccine.jpg?ve=1&amp;tl=1 2x\" height=\"192\" width=\"343\"><source media=\"(min-width: 768px) and (max-width: 1023px)\" srcset=\"https:\/\/a57.foxnews.com\/static.foxnews.com\/foxnews.com\/content\/uploads\/2023\/08\/672\/378\/pregnant-woman-vaccine.jpg?ve=1&amp;tl=1, https:\/\/a57.foxnews.com\/static.foxnews.com\/foxnews.com\/content\/uploads\/2023\/08\/1344\/756\/pregnant-woman-vaccine.jpg?ve=1&amp;tl=1 2x\" height=\"378\" width=\"672\"><source media=\"(min-width: 1024px) and (max-width: 1279px)\" srcset=\"https:\/\/a57.foxnews.com\/static.foxnews.com\/foxnews.com\/content\/uploads\/2023\/08\/931\/523\/pregnant-woman-vaccine.jpg?ve=1&amp;tl=1, https:\/\/a57.foxnews.com\/static.foxnews.com\/foxnews.com\/content\/uploads\/2023\/08\/1862\/1046\/pregnant-woman-vaccine.jpg?ve=1&amp;tl=1 2x\" height=\"523\" width=\"931\"><source media=\"(min-width: 1280px)\" srcset=\"https:\/\/a57.foxnews.com\/static.foxnews.com\/foxnews.com\/content\/uploads\/2023\/08\/720\/405\/pregnant-woman-vaccine.jpg?ve=1&amp;tl=1, https:\/\/a57.foxnews.com\/static.foxnews.com\/foxnews.com\/content\/uploads\/2023\/08\/1440\/810\/pregnant-woman-vaccine.jpg?ve=1&amp;tl=1 2x\" height=\"405\" width=\"720\"><img loading=\"lazy\" decoding=\"async\" src=\"https:\/\/a57.foxnews.com\/static.foxnews.com\/foxnews.com\/content\/uploads\/2023\/08\/1200\/675\/pregnant-woman-vaccine.jpg?ve=1&amp;tl=1\" alt=\"Vacuna de mujer embarazada\" width=\"1200\" height=\"675\"\/><\/source><\/source><\/source><\/source><\/picture><\/div>\n<div class=\"info\">\n<div class=\"caption\">\n<p><span>El pediatra se\u00f1al\u00f3 la efectividad de la nueva vacunaci\u00f3n materna contra el RSV (virus sincitial respiratorio) y el tratamiento con anticuerpos monoclonales RSV para los reci\u00e9n nacidos, llamado Nirsevimab. <\/span> <span>(Istock)<\/span><\/p>\n<\/div>\n<\/div>\n<\/div>\n<p>Una estrategia es el Programa de Campeones de Vacunas, que se ha implementado en Australia y en cinco pa\u00edses de la regi\u00f3n de Asia y el Pac\u00edfico.<\/p>\n<p>\u00abConstruimos capacidad y capacitamos a los proveedores de atenci\u00f3n m\u00e9dica y diversos l\u00edderes comunitarios, incluidos l\u00edderes religiosos, maestros y estrellas deportivas, sobre c\u00f3mo comunicarse sobre vacunas\u00bb, dijo Danchin.<\/p>\n<p>Las narrativas de narraci\u00f3n de cuentos tambi\u00e9n pueden ser una forma efectiva de transmitir la importancia de las vacunas, se\u00f1al\u00f3 el m\u00e9dico. <\/p>\n<div class=\"image-ct inline\">\n<div class=\"m\"><picture><source media=\"(max-width: 767px)\" srcset=\"https:\/\/a57.foxnews.com\/static.foxnews.com\/foxnews.com\/content\/uploads\/2025\/07\/343\/192\/parent-refusing-vaccine.jpg?ve=1&amp;tl=1, https:\/\/a57.foxnews.com\/static.foxnews.com\/foxnews.com\/content\/uploads\/2025\/07\/686\/384\/parent-refusing-vaccine.jpg?ve=1&amp;tl=1 2x\" height=\"192\" width=\"343\"><source media=\"(min-width: 768px) and (max-width: 1023px)\" srcset=\"https:\/\/a57.foxnews.com\/static.foxnews.com\/foxnews.com\/content\/uploads\/2025\/07\/672\/378\/parent-refusing-vaccine.jpg?ve=1&amp;tl=1, https:\/\/a57.foxnews.com\/static.foxnews.com\/foxnews.com\/content\/uploads\/2025\/07\/1344\/756\/parent-refusing-vaccine.jpg?ve=1&amp;tl=1 2x\" height=\"378\" width=\"672\"><source media=\"(min-width: 1024px) and (max-width: 1279px)\" srcset=\"https:\/\/a57.foxnews.com\/static.foxnews.com\/foxnews.com\/content\/uploads\/2025\/07\/931\/523\/parent-refusing-vaccine.jpg?ve=1&amp;tl=1, https:\/\/a57.foxnews.com\/static.foxnews.com\/foxnews.com\/content\/uploads\/2025\/07\/1862\/1046\/parent-refusing-vaccine.jpg?ve=1&amp;tl=1 2x\" height=\"523\" width=\"931\"><source media=\"(min-width: 1280px)\" srcset=\"https:\/\/a57.foxnews.com\/static.foxnews.com\/foxnews.com\/content\/uploads\/2025\/07\/720\/405\/parent-refusing-vaccine.jpg?ve=1&amp;tl=1, https:\/\/a57.foxnews.com\/static.foxnews.com\/foxnews.com\/content\/uploads\/2025\/07\/1440\/810\/parent-refusing-vaccine.jpg?ve=1&amp;tl=1 2x\" height=\"405\" width=\"720\"><img loading=\"lazy\" decoding=\"async\" src=\"https:\/\/a57.foxnews.com\/static.foxnews.com\/foxnews.com\/content\/uploads\/2025\/07\/1200\/675\/parent-refusing-vaccine.jpg?ve=1&amp;tl=1\" alt=\"Padre se niega a la vacuna\" width=\"1200\" height=\"675\"\/><\/source><\/source><\/source><\/source><\/picture><\/div>\n<div class=\"info\">\n<div class=\"caption\">\n<p><span>\u00abTenemos los niveles m\u00e1s bajos de confianza en todas las vacunas en m\u00e1s de una d\u00e9cada, y en efecto, hemos tenido reducciones globales en la cobertura de vacunas para los ni\u00f1os en particular\u00bb, dijo el pediatra. <\/span> <span>(Istock)<\/span><\/p>\n<\/div>\n<\/div>\n<\/div>\n<p>Ella dijo que se esfuerza por establecerse como \u00abalguien con conocimiento, experiencia y credibilidad\u00bb, y al mismo tiempo ser respetuosa y asegurarse de que los padres sientan que se escuchan sus preocupaciones. <\/p>\n<p>\u00abConstruyo una relaci\u00f3n, y luego paso tiempo abordando esas preocupaciones y compartiendo informaci\u00f3n confiable\u00bb, dijo Danchin.<\/p>\n<p><strong><u>El riesgo de demencia podr\u00eda sumergirse con una vacuna com\u00fan, sugiere un estudio<\/u><\/strong><\/p>\n<p>Tambi\u00e9n se toma el tiempo para discutir las enfermedades mismas, dijo.<\/p>\n<p>\u00abCreo que pasamos demasiado tiempo enfoc\u00e1ndonos en las vacunas, que se han convertido en una v\u00edctima de su propio \u00e9xito\u00bb, dijo Danchin. \u00abLos padres olvidan por qu\u00e9 estamos vacunando y cu\u00e1les son las enfermedades que estamos tratando de evitar que puedan hacer a sus hijos\u00bb.<\/p>\n<div class=\"image-ct inline\">\n<div class=\"m\"><picture><source media=\"(max-width: 767px)\" srcset=\"https:\/\/a57.foxnews.com\/static.foxnews.com\/foxnews.com\/content\/uploads\/2025\/07\/343\/192\/child-at-doctor.jpg?ve=1&amp;tl=1, https:\/\/a57.foxnews.com\/static.foxnews.com\/foxnews.com\/content\/uploads\/2025\/07\/686\/384\/child-at-doctor.jpg?ve=1&amp;tl=1 2x\" height=\"192\" width=\"343\"><source media=\"(min-width: 768px) and (max-width: 1023px)\" srcset=\"https:\/\/a57.foxnews.com\/static.foxnews.com\/foxnews.com\/content\/uploads\/2025\/07\/672\/378\/child-at-doctor.jpg?ve=1&amp;tl=1, https:\/\/a57.foxnews.com\/static.foxnews.com\/foxnews.com\/content\/uploads\/2025\/07\/1344\/756\/child-at-doctor.jpg?ve=1&amp;tl=1 2x\" height=\"378\" width=\"672\"><source media=\"(min-width: 1024px) and (max-width: 1279px)\" srcset=\"https:\/\/a57.foxnews.com\/static.foxnews.com\/foxnews.com\/content\/uploads\/2025\/07\/931\/523\/child-at-doctor.jpg?ve=1&amp;tl=1, https:\/\/a57.foxnews.com\/static.foxnews.com\/foxnews.com\/content\/uploads\/2025\/07\/1862\/1046\/child-at-doctor.jpg?ve=1&amp;tl=1 2x\" height=\"523\" width=\"931\"><source media=\"(min-width: 1280px)\" srcset=\"https:\/\/a57.foxnews.com\/static.foxnews.com\/foxnews.com\/content\/uploads\/2025\/07\/720\/405\/child-at-doctor.jpg?ve=1&amp;tl=1, https:\/\/a57.foxnews.com\/static.foxnews.com\/foxnews.com\/content\/uploads\/2025\/07\/1440\/810\/child-at-doctor.jpg?ve=1&amp;tl=1 2x\" height=\"405\" width=\"720\"><img loading=\"lazy\" decoding=\"async\" src=\"https:\/\/a57.foxnews.com\/static.foxnews.com\/foxnews.com\/content\/uploads\/2025\/07\/1200\/675\/child-at-doctor.jpg?ve=1&amp;tl=1\" alt=\"Chica en el doctor\" width=\"1200\" height=\"675\"\/><\/source><\/source><\/source><\/source><\/picture><\/div>\n<div class=\"info\">\n<div class=\"caption\">\n<p><span>\u00abLos padres olvidan por qu\u00e9 estamos vacunando y cu\u00e1les son las enfermedades que estamos tratando de evitar que puedan hacer a sus hijos\u00bb, dijo Danchin.<\/span> <span>(Istock)<\/span><\/p>\n<\/div>\n<\/div>\n<\/div>\n<p>Sobre todo, dijo Danchin, es importante que las personas tengan acceso a fuentes confiables de informaci\u00f3n en lugar de existir en \u00abC\u00e1maras de eco\u00bb, donde leen y comparten informaci\u00f3n que puede no ser precisa o bienvenida.<\/p>\n<p>\u00abNecesitamos cient\u00edficos de confianza que realmente puedan comunicarse\u00bb, dijo Danchin.<\/p>\n<h2><strong>Conocer a los pacientes donde est\u00e1n<\/strong><\/h2>\n<p>Danchin enfatiz\u00f3 que la mayor\u00eda de las personas no son ininteligentes sobre este tema: \u00abest\u00e1n muy confundidos. No saben qu\u00e9 creer\u00bb. <\/p>\n<p>Es importante ser respetuoso con las opiniones de los dem\u00e1s y \u00abinvitar a una conversaci\u00f3n abierta\u00bb, dijo el m\u00e9dico.<\/p>\n<p>\u00abSi censura informaci\u00f3n, entonces las personas desconf\u00edan\u00bb, advirti\u00f3, y se\u00f1al\u00f3 que las conversaciones deben mantenerse \u00abcon claridad, sin agresi\u00f3n ni juicio\u00bb.<\/p>\n<p><strong><u>Haga clic aqu\u00ed para obtener la aplicaci\u00f3n Fox News<\/u><\/strong><\/p>\n<p>Danchin tambi\u00e9n dijo que se esfuerza por disipar las preocupaciones persistentes entre algunos padres sobre el posible v\u00ednculo entre ciertas vacunas y el autismo. <\/p>\n<p>Para lograr eso, escucha las preocupaciones de los padres y luego \u00abcomparte suavemente\u00bb los 25 a\u00f1os de investigaci\u00f3n que refutan esa asociaci\u00f3n, dijo.<\/p>\n<blockquote class=\"pull-quote\">\n<p class=\"quote-text\">\u00abCreo que pasamos demasiado tiempo enfoc\u00e1ndonos en las vacunas, que se han convertido en una v\u00edctima de su propio \u00e9xito\u00bb.<\/p>\n<p> <!----><\/p><\/blockquote>\n<p>\u00abEl hecho de que tenga una vacuna, y luego en los pr\u00f3ximos cuatro a seis meses, las habilidades de comunicaci\u00f3n y los cambios de comportamiento de su hijo no significa que X caus\u00f3 Y\u00bb, dijo Danchin. <\/p>\n<p>\u00abSi tienes un pl\u00e1tano y luego tienes una reacci\u00f3n, no significa que la reacci\u00f3n sea de comer el pl\u00e1tano\u00bb.<\/p>\n<p><strong><u>Haga clic aqu\u00ed para registrarse en nuestro bolet\u00edn de salud<\/u><\/strong><\/p>\n<p>Durante la pandemia, se\u00f1al\u00f3 Danchin, hubo muchos casos en que la gente sinti\u00f3 que si una persona mayor tuviera una vacuna covid y luego muri\u00f3 una semana despu\u00e9s, fue claramente la vacuna la que caus\u00f3 la muerte, a pesar de que podr\u00eda haber sido debido a un derrame cerebral o un ataque card\u00edaco. <\/p>\n<p>\u00abAs\u00ed que eso es lo que hago con las familias: explico gentilmente la investigaci\u00f3n. Les muestro que no hay absolutamente ninguna evidencia\u00bb, dijo. <\/p>\n<div class=\"image-ct inline\">\n<div class=\"m\"><picture><source media=\"(max-width: 767px)\" srcset=\"https:\/\/a57.foxnews.com\/static.foxnews.com\/foxnews.com\/content\/uploads\/2023\/01\/343\/192\/parents-laughing-with-baby.jpg?ve=1&amp;tl=1, https:\/\/a57.foxnews.com\/static.foxnews.com\/foxnews.com\/content\/uploads\/2023\/01\/686\/384\/parents-laughing-with-baby.jpg?ve=1&amp;tl=1 2x\" height=\"192\" width=\"343\"><source media=\"(min-width: 768px) and (max-width: 1023px)\" srcset=\"https:\/\/a57.foxnews.com\/static.foxnews.com\/foxnews.com\/content\/uploads\/2023\/01\/672\/378\/parents-laughing-with-baby.jpg?ve=1&amp;tl=1, https:\/\/a57.foxnews.com\/static.foxnews.com\/foxnews.com\/content\/uploads\/2023\/01\/1344\/756\/parents-laughing-with-baby.jpg?ve=1&amp;tl=1 2x\" height=\"378\" width=\"672\"><source media=\"(min-width: 1024px) and (max-width: 1279px)\" srcset=\"https:\/\/a57.foxnews.com\/static.foxnews.com\/foxnews.com\/content\/uploads\/2023\/01\/931\/523\/parents-laughing-with-baby.jpg?ve=1&amp;tl=1, https:\/\/a57.foxnews.com\/static.foxnews.com\/foxnews.com\/content\/uploads\/2023\/01\/1862\/1046\/parents-laughing-with-baby.jpg?ve=1&amp;tl=1 2x\" height=\"523\" width=\"931\"><source media=\"(min-width: 1280px)\" srcset=\"https:\/\/a57.foxnews.com\/static.foxnews.com\/foxnews.com\/content\/uploads\/2023\/01\/720\/405\/parents-laughing-with-baby.jpg?ve=1&amp;tl=1, https:\/\/a57.foxnews.com\/static.foxnews.com\/foxnews.com\/content\/uploads\/2023\/01\/1440\/810\/parents-laughing-with-baby.jpg?ve=1&amp;tl=1 2x\" height=\"405\" width=\"720\"><img loading=\"lazy\" decoding=\"async\" src=\"https:\/\/a57.foxnews.com\/static.foxnews.com\/foxnews.com\/content\/uploads\/2023\/01\/1200\/675\/parents-laughing-with-baby.jpg?ve=1&amp;tl=1\" alt=\"Padres riendo con el beb\u00e9\" width=\"1200\" height=\"675\"\/><\/source><\/source><\/source><\/source><\/picture><\/div>\n<div class=\"info\">\n<div class=\"caption\">\n<p><span>\u00abEl hecho de que tenga una vacuna, y luego en los pr\u00f3ximos cuatro a seis meses, las habilidades de comunicaci\u00f3n y los cambios de comportamiento de su hijo no significa que X caus\u00f3 Y\u00bb, dijo el pediatra. <\/span> <span>(Istock)<\/span><\/p>\n<\/div>\n<\/div>\n<\/div>\n<p>\u00abHa habido millones de ni\u00f1os que no han recibido la vacuna MMR y otros que la han recibido, y no ha habido diferencia en la incidencia del autismo\u00bb. <\/p>\n<p><i><strong><u>Para m\u00e1s art\u00edculos de salud, visite <\/u><\/strong><\/i><i><strong><u>www.foxnews.com\/Health<\/u><\/strong><\/i><\/p>\n<p>Danchin tiene como objetivo acercarse a los padres \u00abcon claridad, sin agresi\u00f3n, sin juzgar y mediante el uso de un enfoque de tierra\u00bb. <\/p>\n<p>Al mismo tiempo, el m\u00e9dico dijo que ella y sus compa\u00f1eros investigadores \u00abest\u00e1n monitoreando constantemente los efectos secundarios de la vacuna (o las preocupaciones de seguridad de las vacunas) en la comunidad\u00bb.<\/p>\n<p><i>Visita <\/i><i><u>GO.FOX\/MCRI<\/u><\/i><i>  donar o aprender m\u00e1s sobre la importante investigaci\u00f3n de MCRI.<\/i><\/p>\n<p> <!----> <\/p>\n<div class=\"article-meta\">\n<div class=\"author-bio\">\n<p>Marc Siegel, MD es profesor de medicina y director m\u00e9dico de Doctor Radio en el Centro M\u00e9dico NYU Langone. Es el analista m\u00e9dico senior de Fox News Channel y autor de \u00abCovid: The Politics of Fear and the Power of Science\u00bb. S\u00edguelo en Twitter @drmarcsiegel.<\/p>\n<\/div>\n<\/div>\n<\/div>\n\n","protected":false},"excerpt":{"rendered":"<p>NUEVO\u00a1Ahora puedes escuchar art\u00edculos de Fox News! Aunque han pasado m\u00e1s de cinco a\u00f1os desde el comienzo de la pandemia Covid-19, la vacuna resultante todav\u00eda persiste hasta el d\u00eda de hoy, algo que la profesora Margie Danchin est\u00e1 comprometida a ayudar a resolver. Un pediatra del Royal Children&#8217;s Hospital en Melbourne, Australia, Danchin, tambi\u00e9n es &hellip;<\/p>\n","protected":false},"author":1,"featured_media":38627,"comment_status":"open","ping_status":"open","sticky":false,"template":"","format":"standard","meta":{"fifu_image_url":"https:\/\/a57.foxnews.com\/static.foxnews.com\/foxnews.com\/content\/uploads\/2025\/07\/1200\/675\/margie-headshot_2020_214.jpg?ve=1&tl=1","fifu_image_alt":"","footnotes":""},"categories":[8],"tags":[],"class_list":["post-38625","post","type-post","status-publish","format-standard","has-post-thumbnail","","category-salud"],"_links":{"self":[{"href":"https:\/\/noticiasveraces.com\/index.php?rest_route=\/wp\/v2\/posts\/38625","targetHints":{"allow":["GET"]}}],"collection":[{"href":"https:\/\/noticiasveraces.com\/index.php?rest_route=\/wp\/v2\/posts"}],"about":[{"href":"https:\/\/noticiasveraces.com\/index.php?rest_route=\/wp\/v2\/types\/post"}],"author":[{"embeddable":true,"href":"https:\/\/noticiasveraces.com\/index.php?rest_route=\/wp\/v2\/users\/1"}],"replies":[{"embeddable":true,"href":"https:\/\/noticiasveraces.com\/index.php?rest_route=%2Fwp%2Fv2%2Fcomments&post=38625"}],"version-history":[{"count":0,"href":"https:\/\/noticiasveraces.com\/index.php?rest_route=\/wp\/v2\/posts\/38625\/revisions"}],"wp:featuredmedia":[{"embeddable":true,"href":"https:\/\/noticiasveraces.com\/index.php?rest_route=\/wp\/v2\/media\/38627"}],"wp:attachment":[{"href":"https:\/\/noticiasveraces.com\/index.php?rest_route=%2Fwp%2Fv2%2Fmedia&parent=38625"}],"wp:term":[{"taxonomy":"category","embeddable":true,"href":"https:\/\/noticiasveraces.com\/index.php?rest_route=%2Fwp%2Fv2%2Fcategories&post=38625"},{"taxonomy":"post_tag","embeddable":true,"href":"https:\/\/noticiasveraces.com\/index.php?rest_route=%2Fwp%2Fv2%2Ftags&post=38625"}],"curies":[{"name":"wp","href":"https:\/\/api.w.org\/{rel}","templated":true}]}}