{"id":38609,"date":"2025-08-02T06:46:27","date_gmt":"2025-08-02T10:46:27","guid":{"rendered":"https:\/\/noticiasveraces.com\/?p=38609"},"modified":"2025-08-02T06:46:27","modified_gmt":"2025-08-02T10:46:27","slug":"juan-felipe-cadavid-se-va-de-caracol-radio-este-sera-su-reemplazo","status":"publish","type":"post","link":"https:\/\/noticiasveraces.com\/?p=38609","title":{"rendered":"Juan Felipe Cadavid se va de Caracol Radio: este ser\u00e1 su reemplazo"},"content":{"rendered":"<p> \n<br \/><img decoding=\"async\" src=\"https:\/\/www.futbolred.com\/files\/article_graphic\/uploads\/2020\/10\/09\/5f813c1d7be04.jpeg\" \/><\/p>\n<header>\n<h3>\n<p>                Curiosidades de f\u00fatbol<br \/>\n            <\/h3>\n<h1>\n<p>            Juan Felipe Cadavid se va de Caracol Radio: este ser\u00e1 su reemplazo<br \/>\n        <\/h1>\n<address>\n            <a>Andres Julian Abril Gomez<br \/>\n        <\/address>\n<p>            01 de agosto de 2025, 06:16 p. metro.<\/p>\n<\/header>\n<p>El periodista anunci\u00f3 su salida a RCN y deja un importante hueco en la otra cadena radial.<\/p>\n<p>El panorama de los medios de comunicaci\u00f3n en Colombia cambi\u00f3 dr\u00e1sticamente luego de que se supiera la salida inesperada del periodista <b>Antonio Casale<\/b> de <b>RCN Radio<\/b> quien desde hace un tiempo en esa cadena radial.  <\/p>\n<p>El comunicador fue despedido ante el ajuste que se har\u00e1 en RCN y ser\u00e1 reemplazado por <b>Juan Felipe Cadavid<\/b> quien ser\u00e1 el nuevo director de deportes en radio y televisi\u00f3n.  <\/p>\n<p>El periodista conducir\u00e1 el programa \u2018En la Jugada\u2019 junto a Eduardo Luis L\u00f3pez y durante este viernes hizo oficial su salida de Caracol Radio donde era parte de uno de los espacios m\u00e1s escuchados de esa cadena como es \u2018El Pulso de F\u00fatbol\u2019.<\/p>\n<p>Cadavid hac\u00eda dupla con C\u00e9sar Augusto Londo\u00f1o del reconocido programa que es recordado sobre todo cuando estaban juntos Hern\u00e1n Pel\u00e1ez e Iv\u00e1n Mej\u00eda hace unos a\u00f1os.  <\/p>\n<p>Londo\u00f1o tom\u00f3 la direcci\u00f3n del programa y tuvo como duplas a \u00d3scar Renter\u00eda y luego lleg\u00f3 Juan Felipe Cadavid quien ven\u00eda de estar en RCN y Win Sports. <\/p>\n<p>Pues bien, tras la salida de Cadavid se dio a conocer su reemplazo en El Pulso del F\u00fatbol y se trata del periodista<b> Steven Arce <\/b>que se suma a C\u00e9sar Augusto Londo\u00f1o en el programa. <\/p>\n<p>Arce deja el programa el VBAR donde era panelista, pero seguramente siga como director del diario AS y tambi\u00e9n est\u00e9 presente en La Pol\u00e9mica y otros programas de la cadena radial.<\/p>\n\n","protected":false},"excerpt":{"rendered":"<p>Curiosidades de f\u00fatbol Juan Felipe Cadavid se va de Caracol Radio: este ser\u00e1 su reemplazo Andres Julian Abril Gomez 01 de agosto de 2025, 06:16 p. metro. El periodista anunci\u00f3 su salida a RCN y deja un importante hueco en la otra cadena radial. El panorama de los medios de comunicaci\u00f3n en Colombia cambi\u00f3 dr\u00e1sticamente &hellip;<\/p>\n","protected":false},"author":1,"featured_media":38611,"comment_status":"open","ping_status":"open","sticky":false,"template":"","format":"standard","meta":{"fifu_image_url":"https:\/\/www.futbolred.com\/files\/og_thumbnail\/uploads\/2020\/10\/09\/5f813c1d7be04.jpeg","fifu_image_alt":"","footnotes":""},"categories":[6],"tags":[],"class_list":["post-38609","post","type-post","status-publish","format-standard","has-post-thumbnail","","category-deportes"],"_links":{"self":[{"href":"https:\/\/noticiasveraces.com\/index.php?rest_route=\/wp\/v2\/posts\/38609","targetHints":{"allow":["GET"]}}],"collection":[{"href":"https:\/\/noticiasveraces.com\/index.php?rest_route=\/wp\/v2\/posts"}],"about":[{"href":"https:\/\/noticiasveraces.com\/index.php?rest_route=\/wp\/v2\/types\/post"}],"author":[{"embeddable":true,"href":"https:\/\/noticiasveraces.com\/index.php?rest_route=\/wp\/v2\/users\/1"}],"replies":[{"embeddable":true,"href":"https:\/\/noticiasveraces.com\/index.php?rest_route=%2Fwp%2Fv2%2Fcomments&post=38609"}],"version-history":[{"count":0,"href":"https:\/\/noticiasveraces.com\/index.php?rest_route=\/wp\/v2\/posts\/38609\/revisions"}],"wp:featuredmedia":[{"embeddable":true,"href":"https:\/\/noticiasveraces.com\/index.php?rest_route=\/wp\/v2\/media\/38611"}],"wp:attachment":[{"href":"https:\/\/noticiasveraces.com\/index.php?rest_route=%2Fwp%2Fv2%2Fmedia&parent=38609"}],"wp:term":[{"taxonomy":"category","embeddable":true,"href":"https:\/\/noticiasveraces.com\/index.php?rest_route=%2Fwp%2Fv2%2Fcategories&post=38609"},{"taxonomy":"post_tag","embeddable":true,"href":"https:\/\/noticiasveraces.com\/index.php?rest_route=%2Fwp%2Fv2%2Ftags&post=38609"}],"curies":[{"name":"wp","href":"https:\/\/api.w.org\/{rel}","templated":true}]}}