{"id":38564,"date":"2025-08-02T00:44:59","date_gmt":"2025-08-02T04:44:59","guid":{"rendered":"https:\/\/noticiasveraces.com\/?p=38564"},"modified":"2025-08-02T00:44:59","modified_gmt":"2025-08-02T04:44:59","slug":"fernando-pecoso-castro-se-jubilo-gano-batalla-legal-que-duro-15-anos-curiosidades-de-futbol","status":"publish","type":"post","link":"https:\/\/noticiasveraces.com\/?p=38564","title":{"rendered":"Fernando Pecoso Castro se jubil\u00f3: gan\u00f3 batalla legal que dur\u00f3 15 a\u00f1os | Curiosidades de f\u00fatbol"},"content":{"rendered":"<p> \n<br \/><img decoding=\"async\" src=\"https:\/\/www.futbolred.com\/files\/article_graphic\/uploads\/2019\/02\/23\/5c721ecb8a261.jpeg\" \/><\/p>\n<div id=\"cuerpoArticulo\">\n<p class=\"texto intro\" id=\"p252727-m656-655-657\"><b>Fernando \u2018Pecoso\u2019 Castro<\/b> ha sido una de las grandes leyendas que ha dejado el f\u00fatbol profesional colombiano. El entrenador pas\u00f3 por los grandes equipos del pa\u00eds y qued\u00f3 campe\u00f3n en dos ocasiones, ambas con Deportivo Cali.  <\/p>\n<p>El t\u00e9cnico de 76 a\u00f1os siempre fue recordado por sus ocurrencias y pol\u00e9micas y lleva en los banquillos desde 1987 cuando dirigi\u00f3 al Deportes Quind\u00edo tras terminar su carrera como futbolista.  <\/p>\n<p>Dur\u00f3 32 a\u00f1os como entrenador en donde pas\u00f3 por en Quind\u00edo, C\u00facuta, Envigado, Cali, DIM, Santa Fe, Am\u00e9rica, Millonarios, Once Caldas, Atl\u00e9tico Huila y Atl\u00e9tico Bucaramanga y su \u00faltimo ciclo fue en 2019 cuando dirigi\u00f3 a Am\u00e9rica.<\/p>\n<p class=\"texto contenido-parrafo-articulo\" id=\"p252727-m732-3-733\">Pues bien, tras un amplio recorrido en el f\u00fatbol colombiano, \u2018Pecoso\u2019 Castro pudo recibir su pensi\u00f3n, cuesti\u00f3n por la que tuvo que luchar y por la que pas\u00f3 por una disputa legal.  <\/p>\n<p>Seg\u00fan inform\u00f3 el periodista Juan Cort\u00e9s, el entrenador logr\u00f3 jubilarse tras ganar un tema legal que dur\u00f3 15 a\u00f1os y que fue liderado por el abogado Le\u00f3n Arturo Garc\u00eda con el objetivo de que le reconocieran la pensi\u00f3n.  <\/p>\n<p>Esta batalla legal se extendi\u00f3 bastante ya que en los a\u00f1os 90 e inicios del 2000, varios clubes no pagaban seguridad social por lo que no ten\u00eda las semanas cotizadas en los fondos para acceder a la misma.  <\/p>\n<p>De hecho, en 2009, cuando cumpli\u00f3 60 a\u00f1os ya pod\u00eda pensionarse, pero por el problema mencionado no lo pudo hacer por lo al a\u00f1o siguiente llev\u00f3 al caso a la justicia y se le dio la raz\u00f3n despu\u00e9s de varios a\u00f1os por lo que ahora el DT llevar\u00e1 una vida de tranquilidad con su familia tras una experiencia de 50 a\u00f1os en el FPC.<\/p>\n<div id=\"p252727-m738-4-739\" class=\"\">\n<blockquote class=\"twitter-tweet\">\n<p lang=\"es\" dir=\"ltr\">El profesor \u00abPecoso\u00bb Castro hoy por fin ha alcanzado su pensi\u00f3n. Fue una batalla de 15 a\u00f1os porque se le reconociera este derecho. El Abogado Le\u00f3n Arturo Garc\u00eda fue el encargado de llevar este caso que hoy termina en buen y merecido final. Felicidades al viejo querido.<\/p>\n<p>Ahora, es\u2026 <a href=\"https:\/\/t.co\/L1ba83MyGX\">pic.twitter.com\/l1ba83mygx<\/a><\/p>\n<p>\u2014 Juan C Cort\u00e9s\ud83c\udfa4 (@juanccortesd) <a href=\"https:\/\/twitter.com\/juanccortesd\/status\/1951017474398253107?ref_src=twsrc%5Etfw\">31 de julio de 2025<\/a><\/p><\/blockquote><\/div>\n<\/p><\/div>\n<p><script async src=\"https:\/\/platform.twitter.com\/widgets.js\" charset=\"utf-8\"><\/script><br \/>\n<br \/>\n","protected":false},"excerpt":{"rendered":"<p>Fernando \u2018Pecoso\u2019 Castro ha sido una de las grandes leyendas que ha dejado el f\u00fatbol profesional colombiano. El entrenador pas\u00f3 por los grandes equipos del pa\u00eds y qued\u00f3 campe\u00f3n en dos ocasiones, ambas con Deportivo Cali. El t\u00e9cnico de 76 a\u00f1os siempre fue recordado por sus ocurrencias y pol\u00e9micas y lleva en los banquillos desde &hellip;<\/p>\n","protected":false},"author":1,"featured_media":38566,"comment_status":"open","ping_status":"open","sticky":false,"template":"","format":"standard","meta":{"fifu_image_url":"https:\/\/www.futbolred.com\/files\/og_thumbnail\/uploads\/2019\/02\/23\/5c721ecb8a261.jpeg","fifu_image_alt":"","footnotes":""},"categories":[6],"tags":[],"class_list":["post-38564","post","type-post","status-publish","format-standard","has-post-thumbnail","","category-deportes"],"_links":{"self":[{"href":"https:\/\/noticiasveraces.com\/index.php?rest_route=\/wp\/v2\/posts\/38564","targetHints":{"allow":["GET"]}}],"collection":[{"href":"https:\/\/noticiasveraces.com\/index.php?rest_route=\/wp\/v2\/posts"}],"about":[{"href":"https:\/\/noticiasveraces.com\/index.php?rest_route=\/wp\/v2\/types\/post"}],"author":[{"embeddable":true,"href":"https:\/\/noticiasveraces.com\/index.php?rest_route=\/wp\/v2\/users\/1"}],"replies":[{"embeddable":true,"href":"https:\/\/noticiasveraces.com\/index.php?rest_route=%2Fwp%2Fv2%2Fcomments&post=38564"}],"version-history":[{"count":0,"href":"https:\/\/noticiasveraces.com\/index.php?rest_route=\/wp\/v2\/posts\/38564\/revisions"}],"wp:featuredmedia":[{"embeddable":true,"href":"https:\/\/noticiasveraces.com\/index.php?rest_route=\/wp\/v2\/media\/38566"}],"wp:attachment":[{"href":"https:\/\/noticiasveraces.com\/index.php?rest_route=%2Fwp%2Fv2%2Fmedia&parent=38564"}],"wp:term":[{"taxonomy":"category","embeddable":true,"href":"https:\/\/noticiasveraces.com\/index.php?rest_route=%2Fwp%2Fv2%2Fcategories&post=38564"},{"taxonomy":"post_tag","embeddable":true,"href":"https:\/\/noticiasveraces.com\/index.php?rest_route=%2Fwp%2Fv2%2Ftags&post=38564"}],"curies":[{"name":"wp","href":"https:\/\/api.w.org\/{rel}","templated":true}]}}