{"id":38511,"date":"2025-08-01T15:38:40","date_gmt":"2025-08-01T19:38:40","guid":{"rendered":"https:\/\/noticiasveraces.com\/?p=38511"},"modified":"2025-08-01T15:38:40","modified_gmt":"2025-08-01T19:38:40","slug":"los-padres-abandonan-el-hijo-de-10-anos-en-el-aeropuerto-de-barcelona-por-el-pasaporte","status":"publish","type":"post","link":"https:\/\/noticiasveraces.com\/?p=38511","title":{"rendered":"Los padres abandonan el hijo de 10 a\u00f1os en el aeropuerto de Barcelona por el pasaporte"},"content":{"rendered":"<p> \n<\/p>\n<div>\n<div id=\"beyondwords-wrapper\" class=\"beyondwords-wrapper\">\n<p><span class=\"label-bg\">NUEVO<\/span>\u00a1Ahora puedes escuchar art\u00edculos de Fox News!\n  <\/p>\n<\/div>\n<p class=\"speakable\">Seg\u00fan los informes, una pareja dej\u00f3 a su hijo de 10 a\u00f1os en un aeropuerto de Barcelona despu\u00e9s de que su pasaporte hab\u00eda expirado para que no se pierdan su vuelo a su pa\u00eds de origen, seg\u00fan informes de los medios. <\/p>\n<p class=\"speakable\">El Sun inform\u00f3 que un trabajador de la terminal en el aeropuerto dijo que la pareja sali\u00f3 del aeropuerto Josep Tarradellas Barcelona-El PRAT el mi\u00e9rcoles sin su hijo, eligiendo que un pariente lo seleccione.<\/p>\n<p>El trabajador de control de tr\u00e1fico a\u00e9reo que pas\u00f3 por Lilian, discuti\u00f3 el incidente en un video de Tiktok, diciendo que el ni\u00f1o ten\u00eda prohibido volar debido a su pasaporte expirado. Tambi\u00e9n requiri\u00f3 una visa. <\/p>\n<p><strong><u>Los pasajeros retirados del avi\u00f3n, arrestados por presunto comportamiento borracho y disruptivo inducido por Vodka<\/u><\/strong><\/p>\n<div class=\"image-ct inline\">\n<div class=\"m\"><picture><source media=\"(max-width: 767px)\" srcset=\"https:\/\/a57.foxnews.com\/static.foxnews.com\/foxnews.com\/content\/uploads\/2025\/08\/343\/192\/josep-tarradellas-barcelona-el-prat-airport.jpg?ve=1&amp;tl=1, https:\/\/a57.foxnews.com\/static.foxnews.com\/foxnews.com\/content\/uploads\/2025\/08\/686\/384\/josep-tarradellas-barcelona-el-prat-airport.jpg?ve=1&amp;tl=1 2x\" height=\"192\" width=\"343\"><source media=\"(min-width: 768px) and (max-width: 1023px)\" srcset=\"https:\/\/a57.foxnews.com\/static.foxnews.com\/foxnews.com\/content\/uploads\/2025\/08\/672\/378\/josep-tarradellas-barcelona-el-prat-airport.jpg?ve=1&amp;tl=1, https:\/\/a57.foxnews.com\/static.foxnews.com\/foxnews.com\/content\/uploads\/2025\/08\/1344\/756\/josep-tarradellas-barcelona-el-prat-airport.jpg?ve=1&amp;tl=1 2x\" height=\"378\" width=\"672\"><source media=\"(min-width: 1024px) and (max-width: 1279px)\" srcset=\"https:\/\/a57.foxnews.com\/static.foxnews.com\/foxnews.com\/content\/uploads\/2025\/08\/931\/523\/josep-tarradellas-barcelona-el-prat-airport.jpg?ve=1&amp;tl=1, https:\/\/a57.foxnews.com\/static.foxnews.com\/foxnews.com\/content\/uploads\/2025\/08\/1862\/1046\/josep-tarradellas-barcelona-el-prat-airport.jpg?ve=1&amp;tl=1 2x\" height=\"523\" width=\"931\"><source media=\"(min-width: 1280px)\" srcset=\"https:\/\/a57.foxnews.com\/static.foxnews.com\/foxnews.com\/content\/uploads\/2025\/08\/720\/405\/josep-tarradellas-barcelona-el-prat-airport.jpg?ve=1&amp;tl=1, https:\/\/a57.foxnews.com\/static.foxnews.com\/foxnews.com\/content\/uploads\/2025\/08\/1440\/810\/josep-tarradellas-barcelona-el-prat-airport.jpg?ve=1&amp;tl=1 2x\" height=\"405\" width=\"720\"><img loading=\"lazy\" decoding=\"async\" src=\"https:\/\/a57.foxnews.com\/static.foxnews.com\/foxnews.com\/content\/uploads\/2025\/08\/1200\/675\/josep-tarradellas-barcelona-el-prat-airport.jpg?ve=1&amp;tl=1\" alt=\"Josep-Tarradellas-Barcelona-El-Prat-Airport\" width=\"1200\" height=\"675\"\/><\/source><\/source><\/source><\/source><\/picture><\/div>\n<div class=\"info\">\n<div class=\"caption\">\n<p><span>El aeropuerto de Josep Tarradellas Barcelona-El Prat se ve detr\u00e1s en el bosque de Pinet que crece en el \u00e1rea natural protegida de Delta del Llobregat, en El Prat del Llobregat, donde Sephember 9, 2021.<\/span> <span>(Foto de Pau Barrena \/ AFP) (Foto de Pau Barrena \/ AFP a trav\u00e9s de Getty Images))))<\/span><\/p>\n<\/div>\n<\/div>\n<\/div>\n<p>\u00abSu pasaporte en el pa\u00eds estaba expirado, por lo que el ni\u00f1o viajaba con un pasaporte espa\u00f1ol, pero el pasaporte espa\u00f1ol necesitaba una visa. Como no ten\u00edan una visa, dejaron al ni\u00f1o en la terminal y llamaron a un pariente para venir y recogerlo\u00bb, dijo Lilian.<\/p>\n<p> El personal del aeropuerto encontr\u00f3 al ni\u00f1o solo y alert\u00f3 a las autoridades, afirm\u00f3 el trabajador, seg\u00fan el informe de Sun. <\/p>\n<p>\u00abLes dijo que sus padres estaban en el avi\u00f3n en su camino a su pa\u00eds de origen, yendo de vacaciones\u00bb, dijo. <\/p>\n<p>Se hizo contacto con el piloto del avi\u00f3n, quien, seg\u00fan los informes, confirm\u00f3 que la polic\u00eda le dijo que hab\u00eda un menor en el estacionamiento.<\/p>\n<p><strong>El padre de Florida arrestado despu\u00e9s de que el ni\u00f1o muera en un auto caliente mientras supuestamente se cort\u00f3 el cabello, &#8216;fue a beber&#8217;: la polic\u00eda<\/strong><\/p>\n<div class=\"image-ct inline\">\n<div class=\"m\"><picture><source media=\"(max-width: 767px)\" srcset=\"https:\/\/a57.foxnews.com\/static.foxnews.com\/foxnews.com\/content\/uploads\/2025\/08\/343\/192\/josep-tarradellas-barcelona-el-prat-airport1.jpg?ve=1&amp;tl=1, https:\/\/a57.foxnews.com\/static.foxnews.com\/foxnews.com\/content\/uploads\/2025\/08\/686\/384\/josep-tarradellas-barcelona-el-prat-airport1.jpg?ve=1&amp;tl=1 2x\" height=\"192\" width=\"343\"><source media=\"(min-width: 768px) and (max-width: 1023px)\" srcset=\"https:\/\/a57.foxnews.com\/static.foxnews.com\/foxnews.com\/content\/uploads\/2025\/08\/672\/378\/josep-tarradellas-barcelona-el-prat-airport1.jpg?ve=1&amp;tl=1, https:\/\/a57.foxnews.com\/static.foxnews.com\/foxnews.com\/content\/uploads\/2025\/08\/1344\/756\/josep-tarradellas-barcelona-el-prat-airport1.jpg?ve=1&amp;tl=1 2x\" height=\"378\" width=\"672\"><source media=\"(min-width: 1024px) and (max-width: 1279px)\" srcset=\"https:\/\/a57.foxnews.com\/static.foxnews.com\/foxnews.com\/content\/uploads\/2025\/08\/931\/523\/josep-tarradellas-barcelona-el-prat-airport1.jpg?ve=1&amp;tl=1, https:\/\/a57.foxnews.com\/static.foxnews.com\/foxnews.com\/content\/uploads\/2025\/08\/1862\/1046\/josep-tarradellas-barcelona-el-prat-airport1.jpg?ve=1&amp;tl=1 2x\" height=\"523\" width=\"931\"><source media=\"(min-width: 1280px)\" srcset=\"https:\/\/a57.foxnews.com\/static.foxnews.com\/foxnews.com\/content\/uploads\/2025\/08\/720\/405\/josep-tarradellas-barcelona-el-prat-airport1.jpg?ve=1&amp;tl=1, https:\/\/a57.foxnews.com\/static.foxnews.com\/foxnews.com\/content\/uploads\/2025\/08\/1440\/810\/josep-tarradellas-barcelona-el-prat-airport1.jpg?ve=1&amp;tl=1 2x\" height=\"405\" width=\"720\"><img loading=\"lazy\" decoding=\"async\" src=\"https:\/\/a57.foxnews.com\/static.foxnews.com\/foxnews.com\/content\/uploads\/2025\/08\/1200\/675\/josep-tarradellas-barcelona-el-prat-airport1.jpg?ve=1&amp;tl=1\" alt=\"A woman walking in Josep Tarradellas Barcelona-El Prat Airport\" width=\"1200\" height=\"675\"\/><\/source><\/source><\/source><\/source><\/picture><\/div>\n<div class=\"info\">\n<div class=\"caption\">\n<p><span>Un pasajero camina con su equipaje en el aeropuerto PRAT de Josep Tarradellas Barcelona-El en El Prat de Llobregat el 6 de julio de 2020. Seg\u00fan los informes, una pareja dej\u00f3 a su peque\u00f1o hijo en el aeropuerto cuando su pasaporte expir\u00f3 a que no se perdieran su vuelo. <\/span> <span>(Foto de Josep Lago\/AFP a trav\u00e9s de Getty Images)<\/span><\/p>\n<\/div>\n<\/div>\n<\/div>\n<p>Luego pregunt\u00f3 a los pasajeros \u00absi alguien hab\u00eda dejado a un ni\u00f1o en la terminal y nadie hab\u00eda respondido\u00bb. Los padres fueron ubicados, que fueron acompa\u00f1ados por otro ni\u00f1o m\u00e1s joven.<\/p>\n<p>Los padres fueron llevados a una estaci\u00f3n de polic\u00eda para conseguir a su hijo. <\/p>\n<p>\u00ab\u00bfC\u00f3mo es posible que los padres dejen a su hijo de diez a\u00f1os en la terminal porque no puede viajar debido a problemas de documentaci\u00f3n?\u00bb Dijo Lilian. \u00abLlaman a un pariente, pero el pariente puede tomar media hora, aproximadamente una hora, aproximadamente tres horas y toman el vuelo con tanta calma y dejan al ni\u00f1o atr\u00e1s!\u00bb<\/p>\n<div class=\"image-ct inline\">\n<div class=\"m\"><picture><source media=\"(max-width: 767px)\" srcset=\"https:\/\/a57.foxnews.com\/static.foxnews.com\/foxnews.com\/content\/uploads\/2025\/08\/343\/192\/josep-tarradellas-barcelona-el-prat-airport2.jpg?ve=1&amp;tl=1, https:\/\/a57.foxnews.com\/static.foxnews.com\/foxnews.com\/content\/uploads\/2025\/08\/686\/384\/josep-tarradellas-barcelona-el-prat-airport2.jpg?ve=1&amp;tl=1 2x\" height=\"192\" width=\"343\"><source media=\"(min-width: 768px) and (max-width: 1023px)\" srcset=\"https:\/\/a57.foxnews.com\/static.foxnews.com\/foxnews.com\/content\/uploads\/2025\/08\/672\/378\/josep-tarradellas-barcelona-el-prat-airport2.jpg?ve=1&amp;tl=1, https:\/\/a57.foxnews.com\/static.foxnews.com\/foxnews.com\/content\/uploads\/2025\/08\/1344\/756\/josep-tarradellas-barcelona-el-prat-airport2.jpg?ve=1&amp;tl=1 2x\" height=\"378\" width=\"672\"><source media=\"(min-width: 1024px) and (max-width: 1279px)\" srcset=\"https:\/\/a57.foxnews.com\/static.foxnews.com\/foxnews.com\/content\/uploads\/2025\/08\/931\/523\/josep-tarradellas-barcelona-el-prat-airport2.jpg?ve=1&amp;tl=1, https:\/\/a57.foxnews.com\/static.foxnews.com\/foxnews.com\/content\/uploads\/2025\/08\/1862\/1046\/josep-tarradellas-barcelona-el-prat-airport2.jpg?ve=1&amp;tl=1 2x\" height=\"523\" width=\"931\"><source media=\"(min-width: 1280px)\" srcset=\"https:\/\/a57.foxnews.com\/static.foxnews.com\/foxnews.com\/content\/uploads\/2025\/08\/720\/405\/josep-tarradellas-barcelona-el-prat-airport2.jpg?ve=1&amp;tl=1, https:\/\/a57.foxnews.com\/static.foxnews.com\/foxnews.com\/content\/uploads\/2025\/08\/1440\/810\/josep-tarradellas-barcelona-el-prat-airport2.jpg?ve=1&amp;tl=1 2x\" height=\"405\" width=\"720\"><img loading=\"lazy\" decoding=\"async\" src=\"https:\/\/a57.foxnews.com\/static.foxnews.com\/foxnews.com\/content\/uploads\/2025\/08\/1200\/675\/josep-tarradellas-barcelona-el-prat-airport2.jpg?ve=1&amp;tl=1\" alt=\"An air control tower at Josep Tarradellas Barcelona-El Prat airport\" width=\"1200\" height=\"675\"\/><\/source><\/source><\/source><\/source><\/picture><\/div>\n<div class=\"info\">\n<div class=\"caption\">\n<p><span>La torre de control del aeropuerto Josep Tarradellas Barcelona El Prat se muestra en El Prat, Espa\u00f1a, el 17 de octubre de 2023. (Foto de Emmanuele Contini\/Nurphoto a trav\u00e9s de Getty Images)<\/span> <span>(Foto de Emmanuele Contini\/Nurphoto a trav\u00e9s de Getty Images))<\/span><\/p>\n<\/div>\n<\/div>\n<\/div>\n<p><strong><u>Haga clic aqu\u00ed para obtener la aplicaci\u00f3n Fox News<\/u><\/strong><\/p>\n<p>No estaba claro si los padres fueron acusados de alg\u00fan delito o su nacionalidad. <\/p>\n<p> <!----> <\/div>\n\n","protected":false},"excerpt":{"rendered":"<p>NUEVO\u00a1Ahora puedes escuchar art\u00edculos de Fox News! Seg\u00fan los informes, una pareja dej\u00f3 a su hijo de 10 a\u00f1os en un aeropuerto de Barcelona despu\u00e9s de que su pasaporte hab\u00eda expirado para que no se pierdan su vuelo a su pa\u00eds de origen, seg\u00fan informes de los medios. El Sun inform\u00f3 que un trabajador de &hellip;<\/p>\n","protected":false},"author":1,"featured_media":38513,"comment_status":"open","ping_status":"open","sticky":false,"template":"","format":"standard","meta":{"fifu_image_url":"https:\/\/static.foxnews.com\/foxnews.com\/content\/uploads\/2025\/08\/josep-tarradellas-barcelona-el-prat-airport1.jpg","fifu_image_alt":"","footnotes":""},"categories":[13],"tags":[],"class_list":["post-38511","post","type-post","status-publish","format-standard","has-post-thumbnail","","category-mundo"],"_links":{"self":[{"href":"https:\/\/noticiasveraces.com\/index.php?rest_route=\/wp\/v2\/posts\/38511","targetHints":{"allow":["GET"]}}],"collection":[{"href":"https:\/\/noticiasveraces.com\/index.php?rest_route=\/wp\/v2\/posts"}],"about":[{"href":"https:\/\/noticiasveraces.com\/index.php?rest_route=\/wp\/v2\/types\/post"}],"author":[{"embeddable":true,"href":"https:\/\/noticiasveraces.com\/index.php?rest_route=\/wp\/v2\/users\/1"}],"replies":[{"embeddable":true,"href":"https:\/\/noticiasveraces.com\/index.php?rest_route=%2Fwp%2Fv2%2Fcomments&post=38511"}],"version-history":[{"count":0,"href":"https:\/\/noticiasveraces.com\/index.php?rest_route=\/wp\/v2\/posts\/38511\/revisions"}],"wp:featuredmedia":[{"embeddable":true,"href":"https:\/\/noticiasveraces.com\/index.php?rest_route=\/wp\/v2\/media\/38513"}],"wp:attachment":[{"href":"https:\/\/noticiasveraces.com\/index.php?rest_route=%2Fwp%2Fv2%2Fmedia&parent=38511"}],"wp:term":[{"taxonomy":"category","embeddable":true,"href":"https:\/\/noticiasveraces.com\/index.php?rest_route=%2Fwp%2Fv2%2Fcategories&post=38511"},{"taxonomy":"post_tag","embeddable":true,"href":"https:\/\/noticiasveraces.com\/index.php?rest_route=%2Fwp%2Fv2%2Ftags&post=38511"}],"curies":[{"name":"wp","href":"https:\/\/api.w.org\/{rel}","templated":true}]}}