{"id":38489,"date":"2025-08-01T11:03:56","date_gmt":"2025-08-01T15:03:56","guid":{"rendered":"https:\/\/noticiasveraces.com\/?p=38489"},"modified":"2025-08-01T11:03:56","modified_gmt":"2025-08-01T15:03:56","slug":"informe-de-empleos-de-julio-estados-unidos-agrego-73k-empleos-en-medio-de-una-creciente-incertidumbre-economica","status":"publish","type":"post","link":"https:\/\/noticiasveraces.com\/?p=38489","title":{"rendered":"Informe de empleos de julio: Estados Unidos agreg\u00f3 73k empleos en medio de una creciente incertidumbre econ\u00f3mica"},"content":{"rendered":"<p> \n<\/p>\n<div><!----> <!----> <\/p>\n<div class=\"featured featured-video video-ct\">\n<div class=\"contain\">\n<div class=\"info\">\n<div class=\"caption\">\n<p>El CEO de la Fundaci\u00f3n Mikeroworks, Mike Rowe, sobre el impacto de la inteligencia artificial en trabajos de cuello blanco, la creciente popularidad de las escuelas comerciales y el estigma asociado a los trabajos de cuello azul.<\/p>\n<\/div>\n<\/div>\n<\/div>\n<\/div>\n<p>La econom\u00eda de los Estados Unidos agreg\u00f3 empleos en julio, aunque fue a un ritmo m\u00e1s lento que en los \u00faltimos meses a medida que aumentaba la incertidumbre sobre las condiciones econ\u00f3micas.<\/p>\n<p>El departamento de trabajo inform\u00f3 el viernes que los empleadores <u>Se agreg\u00f3 73,000 empleos<\/u> En julio, una cifra que fue m\u00e1s fr\u00eda que la ganancia de 110,000 que fue la estimaci\u00f3n de los economistas encuestados por Lseg.<\/p>\n<p>El <u>tasa de desempleo<\/u> Marc\u00f3 un poco m\u00e1s al 4,2%, en l\u00ednea con la estimaci\u00f3n de Lseg Economists.<\/p>\n<p>Las ganancias laborales en los dos meses anteriores se revisaron, y la creaci\u00f3n de empleo en mayo revis\u00f3 a la baja en 125,000 de una ganancia de 144,000 a 19,000; y las ganancias laborales de junio fueron revisadas en 133,000 de una ganancia de 147,000 a 14,000. Tomados en conjunto, el empleo en mayo y junio fue 258,000 m\u00e1s bajo que el reportado anteriormente, lo que observ\u00f3 la Oficina de Estad\u00edsticas Laborales que eran revisiones \u00abmayores de lo normal\u00bb.<\/p>\n<p><strong>El medidor de inflaci\u00f3n favorecido de la Fed muestra que los precios del consumidor volvieron a aumentar en junio<\/strong><\/p>\n<p>Las n\u00f3minas del sector privado aumentaron en 83,000 en julio, por debajo de la ganancia de trabajo de 100,000 proyectadas por LSEG.<\/p>\n<p>Las n\u00f3minas del gobierno disminuyeron en 10,000 en julio. La disminuci\u00f3n fue impulsada por una reducci\u00f3n de 12,000 empleos en el gobierno federal, que ha visto disminuir las n\u00f3minas en 84,000 desde su pico de enero. Los empleados con licencia pagada o el pago de indemnizaci\u00f3n continua se cuentan como empleados en la encuesta de establecimiento de BLS.<\/p>\n<p>El gobierno estatal agreg\u00f3 5,000 empleos y el gobierno local tuvo una disminuci\u00f3n de empleo en 3.000 empleos en julio.<\/p>\n<p>El sector manufacturero arroj\u00f3 11,000 empleos en julio, una ca\u00edda m\u00e1s pronunciada que la disminuci\u00f3n de los 3.000 empleos estimados por LSEG.<\/p>\n<p>El empleo en la salud aument\u00f3 en 55,000 empleos en julio, por encima de la ganancia mensual promedio de 42,000 en los \u00faltimos 12 meses. La mayor\u00eda de las ganancias de julio ocurrieron en los servicios de salud ambulatorios (+34,000) y los hospitales (+16,000).<\/p>\n<p>La asistencia social agreg\u00f3 18,000 empleos el mes pasado en medio de un continuo crecimiento del empleo en servicios individuales y familiares (+21,000).<\/p>\n<p><strong>La Reserva Federal tiene una tasa de inter\u00e9s clave estable para la quinta reuni\u00f3n consecutiva a pesar de la presi\u00f3n de Trump<\/strong><\/p>\n<div class=\"inline image-ct\">\n<div class=\"m\"><picture><source media=\"(max-width: 767px)\" srcset=\"https:\/\/a57.foxnews.com\/static.foxbusiness.com\/foxbusiness.com\/content\/uploads\/2024\/10\/343\/192\/jobs-fair.jpg?ve=1&amp;tl=1, https:\/\/a57.foxnews.com\/static.foxbusiness.com\/foxbusiness.com\/content\/uploads\/2024\/10\/686\/384\/jobs-fair.jpg?ve=1&amp;tl=1 2x\"><source media=\"(min-width: 768px) and (max-width: 1023px)\" srcset=\"https:\/\/a57.foxnews.com\/static.foxbusiness.com\/foxbusiness.com\/content\/uploads\/2024\/10\/672\/378\/jobs-fair.jpg?ve=1&amp;tl=1, https:\/\/a57.foxnews.com\/static.foxbusiness.com\/foxbusiness.com\/content\/uploads\/2024\/10\/1344\/756\/jobs-fair.jpg?ve=1&amp;tl=1 2x\"><source media=\"(min-width: 1024px) and (max-width: 1279px)\" srcset=\"https:\/\/a57.foxnews.com\/static.foxbusiness.com\/foxbusiness.com\/content\/uploads\/2024\/10\/931\/523\/jobs-fair.jpg?ve=1&amp;tl=1, https:\/\/a57.foxnews.com\/static.foxbusiness.com\/foxbusiness.com\/content\/uploads\/2024\/10\/1862\/1046\/jobs-fair.jpg?ve=1&amp;tl=1 2x\"><source media=\"(min-width: 1280px)\" srcset=\"https:\/\/a57.foxnews.com\/static.foxbusiness.com\/foxbusiness.com\/content\/uploads\/2024\/10\/720\/405\/jobs-fair.jpg?ve=1&amp;tl=1, https:\/\/a57.foxnews.com\/static.foxbusiness.com\/foxbusiness.com\/content\/uploads\/2024\/10\/1440\/810\/jobs-fair.jpg?ve=1&amp;tl=1 2x\"><img decoding=\"async\" src=\"https:\/\/a57.foxnews.com\/static.foxbusiness.com\/foxbusiness.com\/content\/uploads\/2024\/10\/931\/523\/jobs-fair.jpg?ve=1&amp;tl=1\" alt=\"Feria\"\/><\/source><\/source><\/source><\/source><\/picture><\/div>\n<div class=\"caption\">\n<p><span>Las ganancias laborales en mayo y junio fueron revisadas a la baja con el informe de julio por un combinado de 258,000, que BLS llam\u00f3 una revisi\u00f3n \u00abm\u00e1s grande de lo normal\u00bb.<\/span><span>  (Yuki Iwamura \/ Bloomberg a trav\u00e9s de Getty Images \/ Getty Images)<\/span><\/p>\n<\/div>\n<\/div>\n<p>La tasa de participaci\u00f3n de la fuerza laboral fue del 62.2%, ya que ha cambiado poco desde hace un mes, aunque ha disminuido en 0.5 puntos porcentuales en el \u00faltimo a\u00f1o.<\/p>\n<p>El n\u00famero de personas consideradas desempleadas a largo plazo, definida como desempleada durante 27 semanas o m\u00e1s, aument\u00f3 en 179,000 a 1.8 millones. Los desempleados a largo plazo representaron el 24.9% de todas las personas desempleadas en julio.<\/p>\n<p>Los trabajadores que trabajaban a tiempo parcial por razones econ\u00f3micas cambiaron poco en julio, llegando a 4.7 millones. Estos trabajadores habr\u00edan preferido trabajos a tiempo completo, pero trabajaban a tiempo parcial porque sus horas se redujeron, o no pudieron encontrar trabajos a tiempo completo.<\/p>\n<p>M\u00faltiples propietarios de empleo disminuyeron en 523,000 empleos en julio y representaron el 5.1% de la fuerza laboral, el nivel m\u00e1s bajo en el \u00faltimo a\u00f1o.<\/p>\n<p><strong>Trump aumenta los aranceles de Canad\u00e1 al 35% mientras establece nuevas tasas arancelas para docenas de otros pa\u00edses<\/strong><\/p>\n<p>El informe de empleos m\u00e1s d\u00e9bil de lo esperado se produce en medio de niveles elevados de incertidumbre econ\u00f3mica derivada de la pol\u00edtica comercial, incluido el impacto de los aranceles en la inflaci\u00f3n y los precios del consumidor. La Reserva Federal se ha mantenido nuevamente en los recortes de tasas de inter\u00e9s esta semana debido a las se\u00f1ales de que los costos arancelarios est\u00e1n comenzando a empujar la inflaci\u00f3n m\u00e1s alto y m\u00e1s lejos de la tasa objetivo del 2% del banco central.<\/p>\n<p>El presidente de la Fed, Jerome Powell, se\u00f1al\u00f3 anteriormente que el banco central probablemente habr\u00eda reducido a principios de este a\u00f1o, pero por las preocupaciones sobre los aranceles que alimentan la inflaci\u00f3n y la elevaci\u00f3n de los precios al consumidor. El mi\u00e9rcoles, el \u00edndice de gastos de consumo personal (PCE) de junio, el medidor de inflaci\u00f3n preferido de la Fed, mostr\u00f3 que PCE titular aument\u00f3 del 2,3% en mayo al 2.6% en junio, mientras que el PCE central aument\u00f3 un alto a 2.8%.<\/p>\n<div class=\"inline image-ct\">\n<div class=\"m\"><picture><source media=\"(max-width: 767px)\" srcset=\"https:\/\/a57.foxnews.com\/static.foxbusiness.com\/foxbusiness.com\/content\/uploads\/2025\/04\/343\/192\/fed-chair-jerome-powell-10.jpg?ve=1&amp;tl=1, https:\/\/a57.foxnews.com\/static.foxbusiness.com\/foxbusiness.com\/content\/uploads\/2025\/04\/686\/384\/fed-chair-jerome-powell-10.jpg?ve=1&amp;tl=1 2x\"><source media=\"(min-width: 768px) and (max-width: 1023px)\" srcset=\"https:\/\/a57.foxnews.com\/static.foxbusiness.com\/foxbusiness.com\/content\/uploads\/2025\/04\/672\/378\/fed-chair-jerome-powell-10.jpg?ve=1&amp;tl=1, https:\/\/a57.foxnews.com\/static.foxbusiness.com\/foxbusiness.com\/content\/uploads\/2025\/04\/1344\/756\/fed-chair-jerome-powell-10.jpg?ve=1&amp;tl=1 2x\"><source media=\"(min-width: 1024px) and (max-width: 1279px)\" srcset=\"https:\/\/a57.foxnews.com\/static.foxbusiness.com\/foxbusiness.com\/content\/uploads\/2025\/04\/931\/523\/fed-chair-jerome-powell-10.jpg?ve=1&amp;tl=1, https:\/\/a57.foxnews.com\/static.foxbusiness.com\/foxbusiness.com\/content\/uploads\/2025\/04\/1862\/1046\/fed-chair-jerome-powell-10.jpg?ve=1&amp;tl=1 2x\"><source media=\"(min-width: 1280px)\" srcset=\"https:\/\/a57.foxnews.com\/static.foxbusiness.com\/foxbusiness.com\/content\/uploads\/2025\/04\/720\/405\/fed-chair-jerome-powell-10.jpg?ve=1&amp;tl=1, https:\/\/a57.foxnews.com\/static.foxbusiness.com\/foxbusiness.com\/content\/uploads\/2025\/04\/1440\/810\/fed-chair-jerome-powell-10.jpg?ve=1&amp;tl=1 2x\"><img decoding=\"async\" src=\"https:\/\/a57.foxnews.com\/static.foxbusiness.com\/foxbusiness.com\/content\/uploads\/2025\/04\/931\/523\/fed-chair-jerome-powell-10.jpg?ve=1&amp;tl=1\" alt=\"Presidente de Fed Jerome Powell\"\/><\/source><\/source><\/source><\/source><\/picture><\/div>\n<div class=\"caption\">\n<p><span>El presidente de la Reserva Federal, Jerome Powell, dijo que la Reserva Federal est\u00e1 bien posicionada para responder al aumento de la inflaci\u00f3n o debilidad en el mercado laboral.<\/span><span>  (Anna Moneymaker \/ Getty Images \/ Getty Images)<\/span><\/p>\n<\/div>\n<\/div>\n<p>\u00abLo que hab\u00eda parecido un mercado laboral de tefl\u00f3n mostr\u00f3 algunos rasgu\u00f1os esta ma\u00f1ana, ya que los aranceles contin\u00faan abri\u00e9ndose camino a trav\u00e9s de la econom\u00eda\u00bb, dijo Ellen Zentner, estratega econ\u00f3mica jefe de Morgan Stanley Wealth Management. \u00abUna Fed que a\u00fan parec\u00eda vacilante con tasas m\u00e1s bajas puede ver una ruta m\u00e1s clara hacia un recorte de septiembre, especialmente si los datos del pr\u00f3ximo mes confirman esa tendencia\u00bb.<\/p>\n<p>Alexandra Wilson-Elizondo, co-cio global de soluciones de activos m\u00faltiples en Goldman Sachs Asset Management, se\u00f1al\u00f3 que el crecimiento del empleo m\u00e1s d\u00e9bil en julio junto con las grandes revisiones de los \u00faltimos dos meses \u00ab.<\/p>\n<p>\u00abEs importante destacar que el deterioro subyacente nos est\u00e1 llamando la atenci\u00f3n: el empleo c\u00edclico se ha planeado mientras la ca\u00edda de las tasas de participaci\u00f3n est\u00e1 enmascarando una debilidad de desempleo\u00bb, continu\u00f3. \u00abSi bien los niveles generales no son rojos, la tendencia es motivo de preocupaci\u00f3n. Esta impresi\u00f3n es solo un n\u00famero en una semana llena de importantes lanzamientos de datos econ\u00f3micos, pero la falta desaf\u00eda directamente la postura agresiva de la Fed de la reuni\u00f3n de FOMC de esta semana\u00bb.<\/p>\n<p><strong><u>Obtenga el negocio de Fox sobre la marcha haciendo clic aqu\u00ed<\/u><\/strong><\/p>\n<p>Las expectativas del mercado en torno a una tasa de tasa de septiembre por la Reserva Federal se unieron en respuesta al informe de empleos de julio m\u00e1s d\u00e9bil de lo esperado despu\u00e9s de que se redujeron por el aumento de los datos de inflaci\u00f3n y la postura agresiva de la Fed a principios de la semana.<\/p>\n<p>La probabilidad de que la Fed dej\u00f3 las tasas de inter\u00e9s en su rango actual de 4.25% a 4.5% en septiembre cay\u00f3 de 62.3% un d\u00eda a 26.4% el viernes a ra\u00edz del informe de empleos, seg\u00fan la herramienta CME FedWatch. La posibilidad de un recorte de tasa de 25 puntos de base aument\u00f3 de 37.7% a 73.6% tambi\u00e9n.<\/p>\n<\/div>\n\n","protected":false},"excerpt":{"rendered":"<p>El CEO de la Fundaci\u00f3n Mikeroworks, Mike Rowe, sobre el impacto de la inteligencia artificial en trabajos de cuello blanco, la creciente popularidad de las escuelas comerciales y el estigma asociado a los trabajos de cuello azul. La econom\u00eda de los Estados Unidos agreg\u00f3 empleos en julio, aunque fue a un ritmo m\u00e1s lento que &hellip;<\/p>\n","protected":false},"author":1,"featured_media":38491,"comment_status":"open","ping_status":"open","sticky":false,"template":"","format":"standard","meta":{"fifu_image_url":"https:\/\/a57.foxnews.com\/static.foxbusiness.com\/foxbusiness.com\/content\/uploads\/2024\/10\/0\/0\/jobs-fair.jpg?ve=1&tl=1","fifu_image_alt":"","footnotes":""},"categories":[3],"tags":[],"class_list":["post-38489","post","type-post","status-publish","format-standard","has-post-thumbnail","","category-negocio"],"_links":{"self":[{"href":"https:\/\/noticiasveraces.com\/index.php?rest_route=\/wp\/v2\/posts\/38489","targetHints":{"allow":["GET"]}}],"collection":[{"href":"https:\/\/noticiasveraces.com\/index.php?rest_route=\/wp\/v2\/posts"}],"about":[{"href":"https:\/\/noticiasveraces.com\/index.php?rest_route=\/wp\/v2\/types\/post"}],"author":[{"embeddable":true,"href":"https:\/\/noticiasveraces.com\/index.php?rest_route=\/wp\/v2\/users\/1"}],"replies":[{"embeddable":true,"href":"https:\/\/noticiasveraces.com\/index.php?rest_route=%2Fwp%2Fv2%2Fcomments&post=38489"}],"version-history":[{"count":0,"href":"https:\/\/noticiasveraces.com\/index.php?rest_route=\/wp\/v2\/posts\/38489\/revisions"}],"wp:featuredmedia":[{"embeddable":true,"href":"https:\/\/noticiasveraces.com\/index.php?rest_route=\/wp\/v2\/media\/38491"}],"wp:attachment":[{"href":"https:\/\/noticiasveraces.com\/index.php?rest_route=%2Fwp%2Fv2%2Fmedia&parent=38489"}],"wp:term":[{"taxonomy":"category","embeddable":true,"href":"https:\/\/noticiasveraces.com\/index.php?rest_route=%2Fwp%2Fv2%2Fcategories&post=38489"},{"taxonomy":"post_tag","embeddable":true,"href":"https:\/\/noticiasveraces.com\/index.php?rest_route=%2Fwp%2Fv2%2Ftags&post=38489"}],"curies":[{"name":"wp","href":"https:\/\/api.w.org\/{rel}","templated":true}]}}