{"id":38473,"date":"2025-08-01T09:31:48","date_gmt":"2025-08-01T13:31:48","guid":{"rendered":"https:\/\/noticiasveraces.com\/?p=38473"},"modified":"2025-08-01T09:31:48","modified_gmt":"2025-08-01T13:31:48","slug":"el-partido-de-bukele-permite-una-reeleccion-presidencial-indefinida-en-el-salvador","status":"publish","type":"post","link":"https:\/\/noticiasveraces.com\/?p=38473","title":{"rendered":"El partido de Bukele permite una reelecci\u00f3n presidencial indefinida en El Salvador"},"content":{"rendered":"<p> \n<\/p>\n<div>\n<div id=\"beyondwords-wrapper\" class=\"beyondwords-wrapper\">\n<p><span class=\"label-bg\">NUEVO<\/span>\u00a1Ahora puedes escuchar art\u00edculos de Fox News!\n  <\/p>\n<\/div>\n<p class=\"speakable\">La nueva fiesta de ideas del presidente salvadore\u00f1o, Nayib Bukele, ha allanado el camino para que \u00e9l pueda conservar el poder en la naci\u00f3n centroamericana al revisar el sistema electoral del pa\u00eds.<\/p>\n<p class=\"speakable\">El nuevo proyecto de ley extiende los t\u00e9rminos presidenciales a seis a\u00f1os y permite la reelecci\u00f3n presidencial indefinida.<\/p>\n<p>Los t\u00e9rminos presidenciales del pa\u00eds fueron inicialmente cinco a\u00f1os y se prohibi\u00f3 la reelecci\u00f3n inmediata. Sin embargo, en 2021, la Corte Suprema del pa\u00eds, llena de jueces elegidos por el partido de Bukele, dictamin\u00f3 que el presidente podr\u00eda buscar un segundo mandato, inform\u00f3 Associated Press. <\/p>\n<p>Los cr\u00edticos dijeron que la reelecci\u00f3n de Bukele en 2024 era inconstitucional.<\/p>\n<p><strong><u>El presidente salvadore\u00f1o responde a la amenaza de invasi\u00f3n de Hunter Biden: \u00bfQu\u00e9 est\u00e1 &#8216;olfateando&#8217;?<\/u><\/strong><\/p>\n<p>Los miembros de nuevas ideas y sus aliados en la Asamblea Legislativa utilizaron su supermayizaci\u00f3n para aprobar cambios en cinco art\u00edculos de la constituci\u00f3n del pa\u00eds y aprobaron la medida en una votaci\u00f3n de 57-3 el 31 de julio. Seg\u00fan la Associated Press, la nueva propuesta del legislador de las nuevas ideas, Ana Figuareroa<\/p>\n<div class=\"image-ct inline\">\n<div class=\"m\"><picture><source media=\"(max-width: 767px)\" srcset=\"https:\/\/a57.foxnews.com\/static.foxnews.com\/foxnews.com\/content\/uploads\/2023\/06\/343\/192\/El-Salvador-president.jpg?ve=1&amp;tl=1, https:\/\/a57.foxnews.com\/static.foxnews.com\/foxnews.com\/content\/uploads\/2023\/06\/686\/384\/El-Salvador-president.jpg?ve=1&amp;tl=1 2x\" height=\"192\" width=\"343\"><source media=\"(min-width: 768px) and (max-width: 1023px)\" srcset=\"https:\/\/a57.foxnews.com\/static.foxnews.com\/foxnews.com\/content\/uploads\/2023\/06\/672\/378\/El-Salvador-president.jpg?ve=1&amp;tl=1, https:\/\/a57.foxnews.com\/static.foxnews.com\/foxnews.com\/content\/uploads\/2023\/06\/1344\/756\/El-Salvador-president.jpg?ve=1&amp;tl=1 2x\" height=\"378\" width=\"672\"><source media=\"(min-width: 1024px) and (max-width: 1279px)\" srcset=\"https:\/\/a57.foxnews.com\/static.foxnews.com\/foxnews.com\/content\/uploads\/2023\/06\/931\/523\/El-Salvador-president.jpg?ve=1&amp;tl=1, https:\/\/a57.foxnews.com\/static.foxnews.com\/foxnews.com\/content\/uploads\/2023\/06\/1862\/1046\/El-Salvador-president.jpg?ve=1&amp;tl=1 2x\" height=\"523\" width=\"931\"><source media=\"(min-width: 1280px)\" srcset=\"https:\/\/a57.foxnews.com\/static.foxnews.com\/foxnews.com\/content\/uploads\/2023\/06\/720\/405\/El-Salvador-president.jpg?ve=1&amp;tl=1, https:\/\/a57.foxnews.com\/static.foxnews.com\/foxnews.com\/content\/uploads\/2023\/06\/1440\/810\/El-Salvador-president.jpg?ve=1&amp;tl=1 2x\" height=\"405\" width=\"720\"><img loading=\"lazy\" decoding=\"async\" src=\"https:\/\/a57.foxnews.com\/static.foxnews.com\/foxnews.com\/content\/uploads\/2023\/06\/1200\/675\/El-Salvador-president.jpg?ve=1&amp;tl=1\" alt=\"Nayib Bukele\" width=\"1200\" height=\"675\"\/><\/source><\/source><\/source><\/source><\/picture><\/div>\n<div class=\"info\">\n<div class=\"caption\">\n<p><span>Presidente salvador<\/span> <span>(Oscar Rivera\/AFP a trav\u00e9s de Getty Images)<\/span><\/p>\n<\/div>\n<\/div>\n<\/div>\n<p>\u00abEsto es bastante simple, El Salvador: solo usted tendr\u00e1 el poder de decidir cu\u00e1nto tiempo desea apoyar el trabajo de cualquier funcionario p\u00fablico, incluido su presidente\u00bb, dijo Figueroa, seg\u00fan Reuters. \u00abTiene el poder de decidir cu\u00e1nto tiempo apoya a su presidente y a todos los funcionarios electos\u00bb.<\/p>\n<p>Mientras tanto, otros legisladores expresaron su frustraci\u00f3n con el proyecto de ley, con uno lamentando la muerte de la democracia.<\/p>\n<div class=\"image-ct inline\">\n<div class=\"m\"><picture><source media=\"(max-width: 767px)\" srcset=\"https:\/\/a57.foxnews.com\/static.foxnews.com\/foxnews.com\/content\/uploads\/2025\/04\/343\/192\/48c42990-trump-bukele.jpg?ve=1&amp;tl=1, https:\/\/a57.foxnews.com\/static.foxnews.com\/foxnews.com\/content\/uploads\/2025\/04\/686\/384\/48c42990-trump-bukele.jpg?ve=1&amp;tl=1 2x\" height=\"192\" width=\"343\"><source media=\"(min-width: 768px) and (max-width: 1023px)\" srcset=\"https:\/\/a57.foxnews.com\/static.foxnews.com\/foxnews.com\/content\/uploads\/2025\/04\/672\/378\/48c42990-trump-bukele.jpg?ve=1&amp;tl=1, https:\/\/a57.foxnews.com\/static.foxnews.com\/foxnews.com\/content\/uploads\/2025\/04\/1344\/756\/48c42990-trump-bukele.jpg?ve=1&amp;tl=1 2x\" height=\"378\" width=\"672\"><source media=\"(min-width: 1024px) and (max-width: 1279px)\" srcset=\"https:\/\/a57.foxnews.com\/static.foxnews.com\/foxnews.com\/content\/uploads\/2025\/04\/931\/523\/48c42990-trump-bukele.jpg?ve=1&amp;tl=1, https:\/\/a57.foxnews.com\/static.foxnews.com\/foxnews.com\/content\/uploads\/2025\/04\/1862\/1046\/48c42990-trump-bukele.jpg?ve=1&amp;tl=1 2x\" height=\"523\" width=\"931\"><source media=\"(min-width: 1280px)\" srcset=\"https:\/\/a57.foxnews.com\/static.foxnews.com\/foxnews.com\/content\/uploads\/2025\/04\/720\/405\/48c42990-trump-bukele.jpg?ve=1&amp;tl=1, https:\/\/a57.foxnews.com\/static.foxnews.com\/foxnews.com\/content\/uploads\/2025\/04\/1440\/810\/48c42990-trump-bukele.jpg?ve=1&amp;tl=1 2x\" height=\"405\" width=\"720\"><img loading=\"lazy\" decoding=\"async\" src=\"https:\/\/a57.foxnews.com\/static.foxnews.com\/foxnews.com\/content\/uploads\/2025\/04\/1200\/675\/48c42990-trump-bukele.jpg?ve=1&amp;tl=1\" alt=\"El presidente Donald Trump le da la mano al presidente salvadore\u00f1o Nayib Bukele\" width=\"1200\" height=\"675\"\/><\/source><\/source><\/source><\/source><\/picture><\/div>\n<div class=\"info\">\n<div class=\"caption\">\n<p><span>El presidente Donald Trump, a la derecha, da la mano al presidente salvadore\u00f1o Nayib Bukele durante una reuni\u00f3n en la Oficina Oval de la Casa Blanca en Washington, DC, el lunes 14 de abril de 2025.<\/span> <span>(Al Drago para el Washington Post a trav\u00e9s de Getty Images)<\/span><\/p>\n<\/div>\n<\/div>\n<\/div>\n<p><strong><u>Bukele se burla de las reclamaciones de tortura de Abrego Garc\u00eda con el carrete destacado de la prisi\u00f3n<\/u><\/strong><\/p>\n<p>El legislador de la Alianza Republicana Nacionalista, Marcela Villatoro, declar\u00f3 a sus compa\u00f1eros legisladores que \u00abla democracia en El Salvador ha muerto!\u00bb<\/p>\n<p>\u00abNo te das cuenta de lo que trae la reelecci\u00f3n indefinida: trae una acumulaci\u00f3n de poder y debilita la democracia &#8230; Existe la corrupci\u00f3n y el clientelismo porque el nepotismo crece y detiene la democracia y la participaci\u00f3n pol\u00edtica\u00bb, dijo Villatoro, seg\u00fan The Associated Press.<\/p>\n<div class=\"image-ct inline\">\n<div class=\"m\"><picture><source media=\"(max-width: 767px)\" srcset=\"https:\/\/a57.foxnews.com\/static.foxnews.com\/foxnews.com\/content\/uploads\/2025\/04\/343\/192\/elsalvadorprison-deportations-getty.jpg?ve=1&amp;tl=1, https:\/\/a57.foxnews.com\/static.foxnews.com\/foxnews.com\/content\/uploads\/2025\/04\/686\/384\/elsalvadorprison-deportations-getty.jpg?ve=1&amp;tl=1 2x\" height=\"192\" width=\"343\"><source media=\"(min-width: 768px) and (max-width: 1023px)\" srcset=\"https:\/\/a57.foxnews.com\/static.foxnews.com\/foxnews.com\/content\/uploads\/2025\/04\/672\/378\/elsalvadorprison-deportations-getty.jpg?ve=1&amp;tl=1, https:\/\/a57.foxnews.com\/static.foxnews.com\/foxnews.com\/content\/uploads\/2025\/04\/1344\/756\/elsalvadorprison-deportations-getty.jpg?ve=1&amp;tl=1 2x\" height=\"378\" width=\"672\"><source media=\"(min-width: 1024px) and (max-width: 1279px)\" srcset=\"https:\/\/a57.foxnews.com\/static.foxnews.com\/foxnews.com\/content\/uploads\/2025\/04\/931\/523\/elsalvadorprison-deportations-getty.jpg?ve=1&amp;tl=1, https:\/\/a57.foxnews.com\/static.foxnews.com\/foxnews.com\/content\/uploads\/2025\/04\/1862\/1046\/elsalvadorprison-deportations-getty.jpg?ve=1&amp;tl=1 2x\" height=\"523\" width=\"931\"><source media=\"(min-width: 1280px)\" srcset=\"https:\/\/a57.foxnews.com\/static.foxnews.com\/foxnews.com\/content\/uploads\/2025\/04\/720\/405\/elsalvadorprison-deportations-getty.jpg?ve=1&amp;tl=1, https:\/\/a57.foxnews.com\/static.foxnews.com\/foxnews.com\/content\/uploads\/2025\/04\/1440\/810\/elsalvadorprison-deportations-getty.jpg?ve=1&amp;tl=1 2x\" height=\"405\" width=\"720\"><img loading=\"lazy\" decoding=\"async\" src=\"https:\/\/a57.foxnews.com\/static.foxnews.com\/foxnews.com\/content\/uploads\/2025\/04\/1200\/675\/elsalvadorprison-deportations-getty.jpg?ve=1&amp;tl=1\" alt=\"Los oficiales de la prisi\u00f3n est\u00e1n guardando en un bloque celular en una penitenciar\u00eda de m\u00e1xima seguridad en Tecoluca, San Vicente, El Salvador. En medio de disputas legales, la administraci\u00f3n de Trump contin\u00faa con su controvertida pol\u00edtica de deportaci\u00f3n de ritmo r\u00e1pido a El Salvador, como parte de una asociaci\u00f3n con el presidente Bukele. (Foto de Alex Pe\u00f1a\/Getty Images)\" width=\"1200\" height=\"675\"\/><\/source><\/source><\/source><\/source><\/picture><\/div>\n<div class=\"info\">\n<div class=\"caption\">\n<p><span>Los oficiales de la prisi\u00f3n est\u00e1n en guardia en un bloque de celdas en Cecot de la Penitenciar\u00eda de Seguridad M\u00e1xima el 4 de abril de 2025, en Tecoluca, San Vicente, El Salvador.<\/span> <span>(Alex Pe\u00f1a\/Getty)<\/span><\/p>\n<\/div>\n<\/div>\n<\/div>\n<p><strong>Bukele de El Salvador dice que no podemos \u00abliberar criminales y pensar que el crimen va a disminuir m\u00e1gicamente\u00bb<\/strong><\/p>\n<p>Bukele, quien fue elegido por primera vez en 2019, se ha convertido en una figura polarizante ya que su represi\u00f3n contra el crimen lo ha hecho popular entre los votantes, mientras que los cr\u00edticos se preocupan de que est\u00e9 tratando de consolidar el poder. Si bien las pol\u00edticas dif\u00edciles de cr\u00edmenes de Bukele han provocado que los homicidios se desplomen, los grupos de derechos humanos dicen que las personas inocentes quedaron atrapadas en arrestos masivos.<\/p>\n<p>Human Rights Watch emiti\u00f3 un informe en julio de 2024 en el que descubri\u00f3 que aproximadamente 3.000 ni\u00f1os se hab\u00edan convertido en v\u00edctimas de la represi\u00f3n, que comenz\u00f3 en 2022. En el resumen del informe, el grupo cuenta la historia de una ni\u00f1a de 17 a\u00f1os que fue arrestada sin una orden judicial y finalmente obligada a declararse culpable de colaborar con la notoria pangla de MS-13, algo que ella dijo.<\/p>\n<p><strong><u>Haga clic aqu\u00ed para obtener la aplicaci\u00f3n Fox News<\/u><\/strong><\/p>\n<p>El a\u00f1o pasado, Bukele le dijo a la revista Time que no buscar\u00eda un tercer mandato, aunque podr\u00eda cambiar su tono despu\u00e9s de las reformas constitucionales.<\/p>\n<p> <!----> <\/p>\n<div class=\"article-meta\">\n<div class=\"author-bio\">\n<p>Rachel Wolf es una escritora de noticias de Fox News Digital y Fox Business.<\/p>\n<\/div>\n<\/div>\n<\/div>\n\n","protected":false},"excerpt":{"rendered":"<p>NUEVO\u00a1Ahora puedes escuchar art\u00edculos de Fox News! La nueva fiesta de ideas del presidente salvadore\u00f1o, Nayib Bukele, ha allanado el camino para que \u00e9l pueda conservar el poder en la naci\u00f3n centroamericana al revisar el sistema electoral del pa\u00eds. El nuevo proyecto de ley extiende los t\u00e9rminos presidenciales a seis a\u00f1os y permite la reelecci\u00f3n &hellip;<\/p>\n","protected":false},"author":1,"featured_media":38475,"comment_status":"open","ping_status":"open","sticky":false,"template":"","format":"standard","meta":{"fifu_image_url":"https:\/\/static.foxnews.com\/foxnews.com\/content\/uploads\/2023\/06\/El-Salvador-president.jpg","fifu_image_alt":"","footnotes":""},"categories":[13],"tags":[],"class_list":["post-38473","post","type-post","status-publish","format-standard","has-post-thumbnail","","category-mundo"],"_links":{"self":[{"href":"https:\/\/noticiasveraces.com\/index.php?rest_route=\/wp\/v2\/posts\/38473","targetHints":{"allow":["GET"]}}],"collection":[{"href":"https:\/\/noticiasveraces.com\/index.php?rest_route=\/wp\/v2\/posts"}],"about":[{"href":"https:\/\/noticiasveraces.com\/index.php?rest_route=\/wp\/v2\/types\/post"}],"author":[{"embeddable":true,"href":"https:\/\/noticiasveraces.com\/index.php?rest_route=\/wp\/v2\/users\/1"}],"replies":[{"embeddable":true,"href":"https:\/\/noticiasveraces.com\/index.php?rest_route=%2Fwp%2Fv2%2Fcomments&post=38473"}],"version-history":[{"count":0,"href":"https:\/\/noticiasveraces.com\/index.php?rest_route=\/wp\/v2\/posts\/38473\/revisions"}],"wp:featuredmedia":[{"embeddable":true,"href":"https:\/\/noticiasveraces.com\/index.php?rest_route=\/wp\/v2\/media\/38475"}],"wp:attachment":[{"href":"https:\/\/noticiasveraces.com\/index.php?rest_route=%2Fwp%2Fv2%2Fmedia&parent=38473"}],"wp:term":[{"taxonomy":"category","embeddable":true,"href":"https:\/\/noticiasveraces.com\/index.php?rest_route=%2Fwp%2Fv2%2Fcategories&post=38473"},{"taxonomy":"post_tag","embeddable":true,"href":"https:\/\/noticiasveraces.com\/index.php?rest_route=%2Fwp%2Fv2%2Ftags&post=38473"}],"curies":[{"name":"wp","href":"https:\/\/api.w.org\/{rel}","templated":true}]}}