{"id":38469,"date":"2025-08-01T07:30:14","date_gmt":"2025-08-01T11:30:14","guid":{"rendered":"https:\/\/noticiasveraces.com\/?p=38469"},"modified":"2025-08-01T07:30:14","modified_gmt":"2025-08-01T11:30:14","slug":"la-sagrada-familia-ya-es-el-edificio-mas-alto-de-barcelona-dw-01-08-2025","status":"publish","type":"post","link":"https:\/\/noticiasveraces.com\/?p=38469","title":{"rendered":"La Sagrada Familia ya es el edificio m\u00e1s alto de Barcelona \u2013 DW \u2013 01\/08\/2025"},"content":{"rendered":"<p> \n<\/p>\n<div>\n<p>La Sagrada Familia ya es el edificio m\u00e1s alto de Barcelona, puesto que su torre de Jesucristo, que a\u00fan est\u00e1 en construcci\u00f3n, ha superado los dos rascacielos que hasta el presente compart\u00edan el podio: la Torre Mapfre y el Hotel Arts.<\/p>\n<p>Seg\u00fan han informado fuentes de la Sagrada Familia, la torre de Jesucristo ha alcanzado los 155,58 metros de altura, por encima de los 154 metros de la Torre Mapfre y el Hotel Arts, ambos construidos para los Juegos Ol\u00edmpicos de 1992.<\/p>\n<p>El arquitecto Antoni Gaud\u00ed dise\u00f1\u00f3 la Sagrada Familia con la voluntad de que fuera el edificio m\u00e1s alto de Barcelona pero sin superar las monta\u00f1as de la ciudad.<\/p>\n<p>Gaud\u00ed consideraba que una construcci\u00f3n hecha por el ser humano nunca deb\u00eda superar la \u00abobra de Dios\u00bb que, a su entender, era la naturaleza.<\/p>\n<figure class=\"placeholder-image master_landscape big\"><img data-format=\"MASTER_LANDSCAPE\" data-id=\"73308075\" data-url=\"https:\/\/static.dw.com\/image\/73308075_${formatId}.jpg\" data-aspect-ratio=\"16\/9\" alt=\"La Sagrada Familia es una de las mayores atracciones tur\u00edsticas de Barcelona por la inigualable arquitectura de Antoni Gaud\u00ed.\" style=\"padding-bottom: 56.25%; height: 0; max-height: 0;\"\/><figcaption class=\"img-caption\">La Sagrada Familia es una de las mayores atracciones tur\u00edsticas de Barcelona por la inigualable arquitectura de Antoni Gaud\u00ed.<small class=\"copyright\">Imagen: Hilke Maunder\/ImageBroker\/Picture Alliance<\/small><\/figcaption><\/figure>\n<p>As\u00ed, la previsi\u00f3n es que la torre de Jesucristo, que estar\u00e1 coronada por una cruz con un mirador en su interior, llegu\u00e9 en los pr\u00f3ximos meses hasta su altura m\u00e1xima de 172,5 metros, ligeramente por debajo de los 177 metros de la monta\u00f1a de Montju\u00efc.<\/p>\n<h2>Obras en avance constante<\/h2>\n<p>La previsi\u00f3n es terminar la torre de Jesucristo a finales de 2025, con lo que quedar\u00e1 pendiente la fachada de la Gloria, la entrada principal a la bas\u00edlica, cuya construcci\u00f3n vertical ya ha comenzado.<\/p>\n<p>El proyecto contempla que el acceso a esta entrada de la Gloria sea mediante una escalinata construida por encima de la calle Mallorca que a\u00fan est\u00e1 en negociaci\u00f3n con el Ayuntamiento de Barcelona y los vecinos, porque supondr\u00eda la expropiaci\u00f3n y demolici\u00f3n de algunos bloques de viviendas.<\/p>\n<p>La previsi\u00f3n es que se complete la construcci\u00f3n de la Sagrada Familia en unos 10 a\u00f1os, sin contar la instalaci\u00f3n de los elementos decorativos, que se alargar\u00edan unos a\u00f1os m\u00e1s.<\/p>\n<p>(efe\/el)<\/p>\n<\/p>\n<\/div>\n\n","protected":false},"excerpt":{"rendered":"<p>La Sagrada Familia ya es el edificio m\u00e1s alto de Barcelona, puesto que su torre de Jesucristo, que a\u00fan est\u00e1 en construcci\u00f3n, ha superado los dos rascacielos que hasta el presente compart\u00edan el podio: la Torre Mapfre y el Hotel Arts. Seg\u00fan han informado fuentes de la Sagrada Familia, la torre de Jesucristo ha alcanzado &hellip;<\/p>\n","protected":false},"author":1,"featured_media":38470,"comment_status":"open","ping_status":"open","sticky":false,"template":"","format":"standard","meta":{"fifu_image_url":"https:\/\/static.dw.com\/image\/73259617_6.jpg","fifu_image_alt":"","footnotes":""},"categories":[13],"tags":[],"class_list":["post-38469","post","type-post","status-publish","format-standard","has-post-thumbnail","","category-mundo"],"_links":{"self":[{"href":"https:\/\/noticiasveraces.com\/index.php?rest_route=\/wp\/v2\/posts\/38469","targetHints":{"allow":["GET"]}}],"collection":[{"href":"https:\/\/noticiasveraces.com\/index.php?rest_route=\/wp\/v2\/posts"}],"about":[{"href":"https:\/\/noticiasveraces.com\/index.php?rest_route=\/wp\/v2\/types\/post"}],"author":[{"embeddable":true,"href":"https:\/\/noticiasveraces.com\/index.php?rest_route=\/wp\/v2\/users\/1"}],"replies":[{"embeddable":true,"href":"https:\/\/noticiasveraces.com\/index.php?rest_route=%2Fwp%2Fv2%2Fcomments&post=38469"}],"version-history":[{"count":0,"href":"https:\/\/noticiasveraces.com\/index.php?rest_route=\/wp\/v2\/posts\/38469\/revisions"}],"wp:featuredmedia":[{"embeddable":true,"href":"https:\/\/noticiasveraces.com\/index.php?rest_route=\/wp\/v2\/media\/38470"}],"wp:attachment":[{"href":"https:\/\/noticiasveraces.com\/index.php?rest_route=%2Fwp%2Fv2%2Fmedia&parent=38469"}],"wp:term":[{"taxonomy":"category","embeddable":true,"href":"https:\/\/noticiasveraces.com\/index.php?rest_route=%2Fwp%2Fv2%2Fcategories&post=38469"},{"taxonomy":"post_tag","embeddable":true,"href":"https:\/\/noticiasveraces.com\/index.php?rest_route=%2Fwp%2Fv2%2Ftags&post=38469"}],"curies":[{"name":"wp","href":"https:\/\/api.w.org\/{rel}","templated":true}]}}