{"id":38466,"date":"2025-08-01T06:41:22","date_gmt":"2025-08-01T10:41:22","guid":{"rendered":"https:\/\/noticiasveraces.com\/?p=38466"},"modified":"2025-08-01T06:41:22","modified_gmt":"2025-08-01T10:41:22","slug":"richard-rios-y-otamendi-celebraron-juntos-el-titulo-del-benfica","status":"publish","type":"post","link":"https:\/\/noticiasveraces.com\/?p=38466","title":{"rendered":"Richard R\u00edos y Otamendi celebraron juntos el t\u00edtulo del Benfica"},"content":{"rendered":"<p> \n<br \/><img decoding=\"async\" src=\"https:\/\/www.futbolred.com\/files\/article_graphic\/uploads\/2025\/07\/31\/688c14ec13600.jpeg\" \/><\/p>\n<header>\n<h3>\n<p>                Curiosidades de f\u00fatbol<br \/>\n            <\/h3>\n<h1>\n<p>            Richard R\u00edos y Otamendi celebraron juntos el t\u00edtulo del Benfica<br \/>\n        <\/h1>\n<address>\n            <a>Juan Pablo Ar\u00e9valo<br \/>\n        <\/address>\n<p>            31 de julio 2025 , 08:25 p.\u00a0m.<\/p>\n<\/header>\n<p>Atr\u00e1s qued\u00f3 una pelea en Eliminatorias: colombiano y argentino son amigos y cumplen con ganar.<\/p>\n<p>Richard R\u00edos y Nicol\u00e1s Otamendi celebraron juntos el t\u00edtulo que lograron este jueves 31 de julio con el Benfica, al imponerse 1-0 sobre Sporting CP en la final de la Supercopa de Portugal. El volante colombiano se estren\u00f3 oficialmente y obtuvo su primera coronaci\u00f3n en su nuevo equipo.<\/p>\n<p>Atr\u00e1s qued\u00f3 la imagen de la pelea que tuvieron en un Argentina vs. Colombia por Eliminatorias: hoy R\u00edos y Otamendi son compa\u00f1eros y empiezan a hacerse amigos. Adem\u00e1s, empezaron a cumplir con lo que prometieron: \u201cAhora vamos a ganar t\u00edtulos juntos\u201d, sentenciaron ambos jugadores en la presentaci\u00f3n del fichaje cafetero.<\/p>\n<p>As\u00ed, Richard y Nicol\u00e1s estuvieron muy felices y juntos en la celebraci\u00f3n del t\u00edtulo del Benfica.<\/p>\n<p>Hubo risas, abrazos, baile de Richard R\u00edos que public\u00f3 Otamendi en sus redes sociales; y al final, colombiano y argentino levantaron su primer trofeo juntos.<\/p>\n\n","protected":false},"excerpt":{"rendered":"<p>Curiosidades de f\u00fatbol Richard R\u00edos y Otamendi celebraron juntos el t\u00edtulo del Benfica Juan Pablo Ar\u00e9valo 31 de julio 2025 , 08:25 p.\u00a0m. Atr\u00e1s qued\u00f3 una pelea en Eliminatorias: colombiano y argentino son amigos y cumplen con ganar. Richard R\u00edos y Nicol\u00e1s Otamendi celebraron juntos el t\u00edtulo que lograron este jueves 31 de julio con &hellip;<\/p>\n","protected":false},"author":1,"featured_media":38468,"comment_status":"open","ping_status":"open","sticky":false,"template":"","format":"standard","meta":{"fifu_image_url":"https:\/\/www.futbolred.com\/files\/og_thumbnail\/uploads\/2025\/07\/31\/688c14ec13600.jpeg","fifu_image_alt":"","footnotes":""},"categories":[6],"tags":[],"class_list":["post-38466","post","type-post","status-publish","format-standard","has-post-thumbnail","","category-deportes"],"_links":{"self":[{"href":"https:\/\/noticiasveraces.com\/index.php?rest_route=\/wp\/v2\/posts\/38466","targetHints":{"allow":["GET"]}}],"collection":[{"href":"https:\/\/noticiasveraces.com\/index.php?rest_route=\/wp\/v2\/posts"}],"about":[{"href":"https:\/\/noticiasveraces.com\/index.php?rest_route=\/wp\/v2\/types\/post"}],"author":[{"embeddable":true,"href":"https:\/\/noticiasveraces.com\/index.php?rest_route=\/wp\/v2\/users\/1"}],"replies":[{"embeddable":true,"href":"https:\/\/noticiasveraces.com\/index.php?rest_route=%2Fwp%2Fv2%2Fcomments&post=38466"}],"version-history":[{"count":0,"href":"https:\/\/noticiasveraces.com\/index.php?rest_route=\/wp\/v2\/posts\/38466\/revisions"}],"wp:featuredmedia":[{"embeddable":true,"href":"https:\/\/noticiasveraces.com\/index.php?rest_route=\/wp\/v2\/media\/38468"}],"wp:attachment":[{"href":"https:\/\/noticiasveraces.com\/index.php?rest_route=%2Fwp%2Fv2%2Fmedia&parent=38466"}],"wp:term":[{"taxonomy":"category","embeddable":true,"href":"https:\/\/noticiasveraces.com\/index.php?rest_route=%2Fwp%2Fv2%2Fcategories&post=38466"},{"taxonomy":"post_tag","embeddable":true,"href":"https:\/\/noticiasveraces.com\/index.php?rest_route=%2Fwp%2Fv2%2Ftags&post=38466"}],"curies":[{"name":"wp","href":"https:\/\/api.w.org\/{rel}","templated":true}]}}