{"id":38450,"date":"2025-08-01T05:26:33","date_gmt":"2025-08-01T09:26:33","guid":{"rendered":"https:\/\/noticiasveraces.com\/?p=38450"},"modified":"2025-08-01T05:26:33","modified_gmt":"2025-08-01T09:26:33","slug":"estoy-muy-feliz-de-llegar-al-bayern-munich-dw-31-07-2025","status":"publish","type":"post","link":"https:\/\/noticiasveraces.com\/?p=38450","title":{"rendered":"\u00abEstoy muy feliz de llegar al Bayern M\u00fanich\u00bb \u2013 DW \u2013 31\/07\/2025"},"content":{"rendered":"<p> \n<\/p>\n<div>\n<p>El extremo colombiano Luis D\u00edaz, reci\u00e9n fichado por Bayern M\u00fanich procedente de Liverpool, se declar\u00f3 \u00abmuy feliz\u00bb en su presentaci\u00f3n con el club b\u00e1varo este jueves.<\/p>\n<p>\u00abMuy feliz, muy contento por estar ac\u00e1, en M\u00fanich, un equipo tan grande e hist\u00f3rico como es el Bayern\u00bb, declar\u00f3 el jugador de 28 a\u00f1os en una rueda de prensa.<\/p>\n<p>\u00abMis primeras impresones han sido muy buenas, lo poco que he compartido con los jugadores y el cuerpo t\u00e9cnico ha sido de muy agrado\u00bb, se\u00f1al\u00f3 sobre sus primeras horas en Bayern, vigente campe\u00f3n de la Bundesliga.<\/p>\n<p>Al ser preguntado sobre el objetivo que se ha marcado en esta nueva etapa de su carrera, luego de haber amasado t\u00edtulos en Portugal con Oporto y en Inglaterra con Liverpool, el colombiano no ocult\u00f3 su ambici\u00f3n.<\/p>\n<p>\u00abEleg\u00ed al Bayern porque mis objetivos, mis metas por cumplir todav\u00eda son grandes. Mis expectativas son muy grandes, obviamente quer\u00eda elegir un equipo grande, un club grande. Vengo a un club con much\u00edsima historia para competir por ganar todo lo posible\u00bb, detall\u00f3 D\u00edaz, que insisti\u00f3 en que otro objetivo es aclimatarse lo antes posible.<\/p>\n<\/p>\n<p><a href=\"https:\/\/www.youtube.com\/watch?v=sycscgs8eek\">https:\/\/www.youtube.com\/watch?v=sycscgs8eek<\/a><\/p>\n<\/p>\n<h2>Valencia, James y ahora Lucho<\/h2>\n<p>Tras su fichaje, que seg\u00fan la prensa inglesa y alemana se habr\u00eda cerrado por 75 millones de euros (88 millones de d\u00f3lares), se convirti\u00f3 en el tercer fichaje m\u00e1s caro de Bayern, aunque su precio no parece ser una raz\u00f3n de presi\u00f3n.<\/p>\n<p>\u00abObviamente s\u00e9 el jugador que soy, lo que estoy dando en cada club al que voy, s\u00e9 lo que me estoy jugando cada a\u00f1o, he crecido futbol\u00edsticamente. No te puedo decir que valgo los 70 o 75 (millones), lo que quisieran pagar los clubes, yo nada m\u00e1s vengo a demostrar porque me quer\u00edan en el equipo, tratar de demostrar en el campo\u00bb, confes\u00f3.<\/p>\n<p>En M\u00fanich se convertir\u00e1 en el tercer colombiano en vestir los colores de Bayern, tras &#8216;El Tren&#8217; Adolfo Valencia y, m\u00e1s recientemente James Rodr\u00edguez, con quien D\u00edaz dijo que todav\u00eda no ha hablado sobre su traspaso.<\/p>\n<p>De cara a su encaje en el sistema de Bayern, D\u00edaz, que puede jugar en la banda izquierda o en el centro del ataque, revel\u00f3 que ya ha hablado con su nuevo entrenador Vincent Kompany sobre su posici\u00f3n.<\/p>\n<p>\u00abMe ha dicho que la preferencia es jugar en el lado izquierdo. Donde me toque jugar, voy a estar a disposici\u00f3n del entrenador y del equipo pero la prioridad es la banda\u00bb.<\/p>\n<p>(AFP, Bavaria M\u00fanich)<\/p>\n<\/div>\n\n","protected":false},"excerpt":{"rendered":"<p>El extremo colombiano Luis D\u00edaz, reci\u00e9n fichado por Bayern M\u00fanich procedente de Liverpool, se declar\u00f3 \u00abmuy feliz\u00bb en su presentaci\u00f3n con el club b\u00e1varo este jueves. \u00abMuy feliz, muy contento por estar ac\u00e1, en M\u00fanich, un equipo tan grande e hist\u00f3rico como es el Bayern\u00bb, declar\u00f3 el jugador de 28 a\u00f1os en una rueda de &hellip;<\/p>\n","protected":false},"author":1,"featured_media":38451,"comment_status":"open","ping_status":"open","sticky":false,"template":"","format":"standard","meta":{"fifu_image_url":"https:\/\/static.dw.com\/image\/73462304_6.jpg","fifu_image_alt":"","footnotes":""},"categories":[13],"tags":[],"class_list":["post-38450","post","type-post","status-publish","format-standard","has-post-thumbnail","","category-mundo"],"_links":{"self":[{"href":"https:\/\/noticiasveraces.com\/index.php?rest_route=\/wp\/v2\/posts\/38450","targetHints":{"allow":["GET"]}}],"collection":[{"href":"https:\/\/noticiasveraces.com\/index.php?rest_route=\/wp\/v2\/posts"}],"about":[{"href":"https:\/\/noticiasveraces.com\/index.php?rest_route=\/wp\/v2\/types\/post"}],"author":[{"embeddable":true,"href":"https:\/\/noticiasveraces.com\/index.php?rest_route=\/wp\/v2\/users\/1"}],"replies":[{"embeddable":true,"href":"https:\/\/noticiasveraces.com\/index.php?rest_route=%2Fwp%2Fv2%2Fcomments&post=38450"}],"version-history":[{"count":0,"href":"https:\/\/noticiasveraces.com\/index.php?rest_route=\/wp\/v2\/posts\/38450\/revisions"}],"wp:featuredmedia":[{"embeddable":true,"href":"https:\/\/noticiasveraces.com\/index.php?rest_route=\/wp\/v2\/media\/38451"}],"wp:attachment":[{"href":"https:\/\/noticiasveraces.com\/index.php?rest_route=%2Fwp%2Fv2%2Fmedia&parent=38450"}],"wp:term":[{"taxonomy":"category","embeddable":true,"href":"https:\/\/noticiasveraces.com\/index.php?rest_route=%2Fwp%2Fv2%2Fcategories&post=38450"},{"taxonomy":"post_tag","embeddable":true,"href":"https:\/\/noticiasveraces.com\/index.php?rest_route=%2Fwp%2Fv2%2Ftags&post=38450"}],"curies":[{"name":"wp","href":"https:\/\/api.w.org\/{rel}","templated":true}]}}