{"id":38418,"date":"2025-08-01T00:22:38","date_gmt":"2025-08-01T04:22:38","guid":{"rendered":"https:\/\/noticiasveraces.com\/?p=38418"},"modified":"2025-08-01T00:22:38","modified_gmt":"2025-08-01T04:22:38","slug":"japon-urge-implementar-pacto-comercial-bilateral-con-ee-uu-dw-01-08-2025","status":"publish","type":"post","link":"https:\/\/noticiasveraces.com\/?p=38418","title":{"rendered":"Jap\u00f3n urge implementar pacto comercial bilateral con EE.UU. \u2013 DW \u2013 01\/08\/2025"},"content":{"rendered":"<p> \n<\/p>\n<div data-tracking-name=\"rich-text\" data-tracking-skip=\"true\">\n<p>Jap\u00f3n seguir\u00e1 solicitando a Estados Unidos la plena implementaci\u00f3n de su acuerdo comercial bilateral, que incluye la reducci\u00f3n de aranceles sobre autom\u00f3viles y piezas, dijo este viernes (01.08.2025) el principal portavoz del Ejecutivo nip\u00f3n.<\/p>\n<p>\u00abJap\u00f3n va a pedir a EE.UU. que lleve a cabo la plena implementaci\u00f3n del acuerdo arancelario lo antes posible. Nos comprometemos a que ambos pa\u00edses lleven a cabo el acuerdo de forma estable\u00bb, afirm\u00f3 en rueda de prensa el vocero gubernamental japon\u00e9s, Yohsimasa Hayashi.<\/p>\n<p>La respuesta de Jap\u00f3n se produce despu\u00e9s de que el presidente de Estados Unidos, Donald Trump, firmara el decreto para imponer aranceles \u00abrec\u00edprocos\u00bb del 15 % a Jap\u00f3n y que entrar\u00e1 en vigor el 7 de agosto.<\/p>\n<p>Este texto dej\u00f3 de lado la cuesti\u00f3n automovil\u00edstica, a pesar de lo anunciado con anterioridad de que el arancel para este sector quedar\u00eda tambi\u00e9n en el 15 %.<\/p>\n<p>Jap\u00f3n y Estados Unidos alcanzaron el pasado 23 de julio un acuerdo comercial tras meses de negociaciones por el cual el pa\u00eds asi\u00e1tico deber\u00e1 pagar aranceles del 15 % e invertir 550.000 millones de d\u00f3lares en el pa\u00eds norteamericano.<\/p>\n<p>Jap\u00f3n fue el quinto socio comercial m\u00e1s importante para EE.UU. en 2024, representando un 4,3 % de todo el comercio y m\u00e1s de 148.000 millones de d\u00f3lares en importaciones del pa\u00eds asi\u00e1tico, seg\u00fan datos del gobierno.<\/p>\n<p>Seg\u00fan estimaciones del Instituto de Investigaci\u00f3n Nomura, los aranceles \u00abrec\u00edprocos\u00bb del 15 % y los aranceles al motor, que se espera sean tambi\u00e9n del 15 %, podr\u00edan suponer una reducci\u00f3n del PIB de Jap\u00f3n en un 0,55 % en un a\u00f1o.<\/p>\n<p>Si el arancel \u00abrec\u00edproco\u00bb se hubiera mantenido en el 25 %, el PIB japon\u00e9s podr\u00eda contraerse hasta un 0,85 %.<\/p>\n<p>GS (Efe, AP)<\/p>\n<\/div>\n\n","protected":false},"excerpt":{"rendered":"<p>Jap\u00f3n seguir\u00e1 solicitando a Estados Unidos la plena implementaci\u00f3n de su acuerdo comercial bilateral, que incluye la reducci\u00f3n de aranceles sobre autom\u00f3viles y piezas, dijo este viernes (01.08.2025) el principal portavoz del Ejecutivo nip\u00f3n. \u00abJap\u00f3n va a pedir a EE.UU. que lleve a cabo la plena implementaci\u00f3n del acuerdo arancelario lo antes posible. Nos comprometemos &hellip;<\/p>\n","protected":false},"author":1,"featured_media":38419,"comment_status":"open","ping_status":"open","sticky":false,"template":"","format":"standard","meta":{"fifu_image_url":"https:\/\/static.dw.com\/image\/69300462_6.jpg","fifu_image_alt":"","footnotes":""},"categories":[13],"tags":[],"class_list":["post-38418","post","type-post","status-publish","format-standard","has-post-thumbnail","","category-mundo"],"_links":{"self":[{"href":"https:\/\/noticiasveraces.com\/index.php?rest_route=\/wp\/v2\/posts\/38418","targetHints":{"allow":["GET"]}}],"collection":[{"href":"https:\/\/noticiasveraces.com\/index.php?rest_route=\/wp\/v2\/posts"}],"about":[{"href":"https:\/\/noticiasveraces.com\/index.php?rest_route=\/wp\/v2\/types\/post"}],"author":[{"embeddable":true,"href":"https:\/\/noticiasveraces.com\/index.php?rest_route=\/wp\/v2\/users\/1"}],"replies":[{"embeddable":true,"href":"https:\/\/noticiasveraces.com\/index.php?rest_route=%2Fwp%2Fv2%2Fcomments&post=38418"}],"version-history":[{"count":0,"href":"https:\/\/noticiasveraces.com\/index.php?rest_route=\/wp\/v2\/posts\/38418\/revisions"}],"wp:featuredmedia":[{"embeddable":true,"href":"https:\/\/noticiasveraces.com\/index.php?rest_route=\/wp\/v2\/media\/38419"}],"wp:attachment":[{"href":"https:\/\/noticiasveraces.com\/index.php?rest_route=%2Fwp%2Fv2%2Fmedia&parent=38418"}],"wp:term":[{"taxonomy":"category","embeddable":true,"href":"https:\/\/noticiasveraces.com\/index.php?rest_route=%2Fwp%2Fv2%2Fcategories&post=38418"},{"taxonomy":"post_tag","embeddable":true,"href":"https:\/\/noticiasveraces.com\/index.php?rest_route=%2Fwp%2Fv2%2Ftags&post=38418"}],"curies":[{"name":"wp","href":"https:\/\/api.w.org\/{rel}","templated":true}]}}