{"id":38413,"date":"2025-07-31T23:21:36","date_gmt":"2025-08-01T03:21:36","guid":{"rendered":"https:\/\/noticiasveraces.com\/?p=38413"},"modified":"2025-07-31T23:21:36","modified_gmt":"2025-08-01T03:21:36","slug":"colombia-captura-a-narco-frances-requerido-por-su-pais-dw-01-08-2025","status":"publish","type":"post","link":"https:\/\/noticiasveraces.com\/?p=38413","title":{"rendered":"Colombia captura a narco franc\u00e9s requerido por su pa\u00eds \u2013 DW \u2013 01\/08\/2025"},"content":{"rendered":"<p> \n<\/p>\n<div data-tracking-name=\"rich-text\" data-tracking-skip=\"true\">\n<p>Un narcotraficante franc\u00e9s requerido por su pa\u00eds, que en prisi\u00f3n hizo v\u00ednculos con proveedores de Brasil y Colombia, fue capturado por la polic\u00eda colombiana, inform\u00f3 el jueves (31.07.2025) su director, el general Carlos Triana.<\/p>\n<p>El extranjero identificado como Sofyan Ben Hamdane obtuvo en 2022 la suspensi\u00f3n de una pena en su pa\u00eds por motivos m\u00e9dicos, la cual fue revocada dos a\u00f1os despu\u00e9s.<\/p>\n<p>\u00abSe habr\u00eda trasladado a Colombia para reactivar sus conexiones criminales y buscar nuevas rutas de tr\u00e1fico\u00bb, indic\u00f3 Triana en la red social X.<\/p>\n<p>Ben Hamdane, que en 2017 recibi\u00f3 en Francia una condena de 10 de c\u00e1rcel por tr\u00e1fico de coca\u00edna, fue arrestado en Rionegro, en el departamento de Antioquia (noroeste), se\u00f1al\u00f3.<\/p>\n<p>\u00abEl extraditable est\u00e1 clasificado como narcotraficante de perfil internacional\u00bb, anot\u00f3 el jefe policial.<\/p>\n<p>Desde la prisi\u00f3n, el franc\u00e9s coordinaba el env\u00edo de droga a Europa mediante correos humanos.<\/p>\n<p>En 2023, Colombia ten\u00eda 253.000 hect\u00e1reas de narcocultivos, de acuerdo con el \u00faltimo balance de la ONU.<\/p>\n<p>GS (AFP, Efe)<\/p>\n<\/div>\n\n","protected":false},"excerpt":{"rendered":"<p>Un narcotraficante franc\u00e9s requerido por su pa\u00eds, que en prisi\u00f3n hizo v\u00ednculos con proveedores de Brasil y Colombia, fue capturado por la polic\u00eda colombiana, inform\u00f3 el jueves (31.07.2025) su director, el general Carlos Triana. El extranjero identificado como Sofyan Ben Hamdane obtuvo en 2022 la suspensi\u00f3n de una pena en su pa\u00eds por motivos m\u00e9dicos, &hellip;<\/p>\n","protected":false},"author":1,"featured_media":38414,"comment_status":"open","ping_status":"open","sticky":false,"template":"","format":"standard","meta":{"fifu_image_url":"https:\/\/static.dw.com\/image\/65122026_6.jpg","fifu_image_alt":"","footnotes":""},"categories":[13],"tags":[],"class_list":["post-38413","post","type-post","status-publish","format-standard","has-post-thumbnail","","category-mundo"],"_links":{"self":[{"href":"https:\/\/noticiasveraces.com\/index.php?rest_route=\/wp\/v2\/posts\/38413","targetHints":{"allow":["GET"]}}],"collection":[{"href":"https:\/\/noticiasveraces.com\/index.php?rest_route=\/wp\/v2\/posts"}],"about":[{"href":"https:\/\/noticiasveraces.com\/index.php?rest_route=\/wp\/v2\/types\/post"}],"author":[{"embeddable":true,"href":"https:\/\/noticiasveraces.com\/index.php?rest_route=\/wp\/v2\/users\/1"}],"replies":[{"embeddable":true,"href":"https:\/\/noticiasveraces.com\/index.php?rest_route=%2Fwp%2Fv2%2Fcomments&post=38413"}],"version-history":[{"count":0,"href":"https:\/\/noticiasveraces.com\/index.php?rest_route=\/wp\/v2\/posts\/38413\/revisions"}],"wp:featuredmedia":[{"embeddable":true,"href":"https:\/\/noticiasveraces.com\/index.php?rest_route=\/wp\/v2\/media\/38414"}],"wp:attachment":[{"href":"https:\/\/noticiasveraces.com\/index.php?rest_route=%2Fwp%2Fv2%2Fmedia&parent=38413"}],"wp:term":[{"taxonomy":"category","embeddable":true,"href":"https:\/\/noticiasveraces.com\/index.php?rest_route=%2Fwp%2Fv2%2Fcategories&post=38413"},{"taxonomy":"post_tag","embeddable":true,"href":"https:\/\/noticiasveraces.com\/index.php?rest_route=%2Fwp%2Fv2%2Ftags&post=38413"}],"curies":[{"name":"wp","href":"https:\/\/api.w.org\/{rel}","templated":true}]}}