{"id":38411,"date":"2025-07-31T22:20:02","date_gmt":"2025-08-01T02:20:02","guid":{"rendered":"https:\/\/noticiasveraces.com\/?p=38411"},"modified":"2025-07-31T22:20:02","modified_gmt":"2025-08-01T02:20:02","slug":"el-sistema-aleman-de-jubilaciones-esta-al-borde-del-colapso-dw-31-07-2025","status":"publish","type":"post","link":"https:\/\/noticiasveraces.com\/?p=38411","title":{"rendered":"El sistema alem\u00e1n de jubilaciones est\u00e1 al borde del colapso \u2013 DW \u2013 31\/07\/2025"},"content":{"rendered":"<p> \n<\/p>\n<div data-tracking-name=\"rich-text\" data-tracking-skip=\"true\">\n<p>Para la ministra de Econom\u00eda alemana, Katherina Reiche, existe una manera sencilla de mejorar el sistema de pensiones alem\u00e1n: \u00abNecesitamos trabajar m\u00e1s y durante m\u00e1s tiempo\u201d, afirm\u00f3 al peri\u00f3dico <em>Frankfurter Allgemeine Zeitung<\/em> a finales de julio.<\/p>\n<p>El envejecimiento de la poblaci\u00f3n de Alemania\u00a0es, desde hace tiempo, un problema. La edad promedio de la poblaci\u00f3n, de 46,7 a\u00f1os, es la octava m\u00e1s alta del mundo y la tercera entre las principales econom\u00edas, despu\u00e9s de Jap\u00f3n e Italia. Para 2040, se prev\u00e9 que una cuarta parte de la poblaci\u00f3n tenga 67 a\u00f1os o m\u00e1s.<\/p>\n<p>A principios de la d\u00e9cada de 1960\u00a0hab\u00eda seis trabajadores asegurados en activo por cada jubilado; ahora la propoci\u00f3n es de 2 por\u00a01. En 2025, dos tercios del presupuesto del Ministerio de Trabajo se destinar\u00e1n al sistema de pensiones: 121.000 millones de euros.<\/p>\n<h2>Disputas por la jubilaci\u00f3n<\/h2>\n<p>El acuerdo alcanzado por los dos partidos gobernantes alemanes, la Uni\u00f3n Dem\u00f3crata Cristiana (CDU) y el Partido Socialdem\u00f3crata Alem\u00e1n (SPD), promet\u00eda que no se aumentar\u00eda la edad de jubilaci\u00f3n actual.<\/p>\n<p>En cambio, el contrato abogaba por medidas m\u00e1s flexibles: \u00abQueremos m\u00e1s flexibilidad en la transici\u00f3n del trabajo a la jubilaci\u00f3n\u201d. En la pr\u00e1ctica, esto incluir\u00eda medidas como la llamada <em>\u00abActivo en la moderaci\u00f3n\u00bb<\/em> (pensi\u00f3n activa), por la que los ingresos por trabajo de hasta 2.000 euros\u00a0al mes\u00a0estar\u00edan exentos de impuestos para quienes superen la edad legal de jubilaci\u00f3n.<\/p>\n<p>Seg\u00fan Jan Scharpenberg, experto en pensiones de la empresa Finanztip, \u00abla duraci\u00f3n de la vida laboral es s\u00f3lo uno de los factores que se pueden ajustar para reformar el sistema de pensiones alem\u00e1n y afrontar la transformaci\u00f3n demogr\u00e1fica\u201d, declar\u00f3 a DW. \u00abUna reforma del sistema s\u00f3lo funcionar\u00e1 si se combinan y accionan varias opciones\u00bb, sugiri\u00f3.<\/p>\n<h2>C\u00f3mo funciona el sistema de pensiones alem\u00e1n<\/h2>\n<p>El sistema de jubilaci\u00f3n en Alemania es complejo. La edad legal de jubilaci\u00f3n es de 65 a\u00f1os, aunque est\u00e1 previsto que aumente a 67 para 2031, pero\u00a0en funci\u00f3n del a\u00f1o de nacimiento y del tiempo de cotizaci\u00f3n. Sin embargo, las personas con discapacidad o quienes hayan cotizado durante 45 a\u00f1os, podr\u00e1n jubilarse antes.<\/p>\n<p>La contribuci\u00f3n del 18,6 % del salario bruto mensual de un empleado se destina al fondo de pensiones estatal: tanto el empleado como el empleador aportan la mitad cada uno. El Gobierno prev\u00e9 un aumento del 22,3 % hasta 2035.<\/p>\n<p>Johannes Geyer, investigador de Econom\u00eda P\u00fablica del Instituto Alem\u00e1n de Investigaci\u00f3n Econ\u00f3mica (DIW), advirti\u00f3 que \u00abhay mucha gente que no se imagina trabajando despu\u00e9s de los 67 a\u00f1os\u00bb. Pero\u00a0\u00abtal vez aquellos que tienen empleos mejor pagados pueden hacerlo\u00bb.<\/p>\n<p><span data-slot-id=\"Article_InContent-1\" class=\"rich-text-ad\"\/><\/p>\n<h2>Ingresos por pensi\u00f3n versus gastos de pensi\u00f3n<\/h2>\n<p>Sin embargo, muchos expertos afirman que centrarse \u00fanicamente en la edad de jubilaci\u00f3n no es \u00fatil. Hay varias opciones para aumentar las cotizaciones al sistema de pensiones: mejores servicios de guarder\u00eda para que m\u00e1s familias monoparentales puedan trabajar a tiempo completo y pagar cotizaciones m\u00e1s altas. Tambi\u00e9n se podr\u00eda facilitar y hacer m\u00e1s atractiva lamigraci\u00f3n\u00a0de trabajo a Alemania.\u00a0Asimismo, hay propuestas para incluir\u00a0a los aut\u00f3nomos y a los funcionarios p\u00fablicos en el sistema de cotizaci\u00f3n p\u00fablico.<\/p>\n<p>Si se tienen en cuenta\u00a0los gastos, se podr\u00edan implementar medidas m\u00e1s dr\u00e1sticas para equilibrar la situaci\u00f3n: adem\u00e1s de aumentar la edad de jubilaci\u00f3n, tambi\u00e9n se podr\u00eda extender el \u00abtiempo de espera\u00bb (la cantidad de a\u00f1os que se debe pagar al sistema jubilatorio para poder empezar a percibir una jubilaci\u00f3n), o reducir la tasa de aumento anual de las pensiones. El aumento de las pensiones se calcula en funci\u00f3n de la evoluci\u00f3n de los salarios brutos en Alemania y se prev\u00e9 que sea del 3,74 % para 2025.<\/p>\n<h2>Comparaci\u00f3n internacional<\/h2>\n<p>El sistema de pensiones alem\u00e1n es muy diferente a la de otros pa\u00edses europeos. En Dinamarca, por ejemplo, la edad de jubilaci\u00f3n est\u00e1 vinculada a la expectativa de vida en el pa\u00eds, de modo que aumenta autom\u00e1ticamente a medida que las personas viven m\u00e1s tiempo.<\/p>\n<p>Y en Suecia, las contribuciones individuales se invierten en diversos mercados financieros, y los beneficios se pagan al llegar a la vejez.<\/p>\n<p>\u00abEso ayuda a diversificar el riesgo\u00bb, afirm\u00f3 Geyer. \u00abNo dependen tanto del envejecimiento de su propia poblaci\u00f3n\u00bb. En el sistema alem\u00e1n, en cambio, las contribuciones de los trabajadores se utilizan para financiar las pensiones actuales.<\/p>\n<p>\u00abOtros pa\u00edses lo han hecho mucho mejor\u00bb, afirm\u00f3 Geyer. \u00abReino Unido, Pa\u00edses Bajos, Dinamarca y Suecia cuentan con sistemas de seguro obligatorio con costos relativamente bajos y buenos beneficios. Eso es lo que falta aqu\u00ed\u00bb, concluy\u00f3 el experto.<\/p>\n<p>(RMR\/CP)<\/p>\n<\/p>\n<\/div>\n\n","protected":false},"excerpt":{"rendered":"<p>Para la ministra de Econom\u00eda alemana, Katherina Reiche, existe una manera sencilla de mejorar el sistema de pensiones alem\u00e1n: \u00abNecesitamos trabajar m\u00e1s y durante m\u00e1s tiempo\u201d, afirm\u00f3 al peri\u00f3dico Frankfurter Allgemeine Zeitung a finales de julio. El envejecimiento de la poblaci\u00f3n de Alemania\u00a0es, desde hace tiempo, un problema. La edad promedio de la poblaci\u00f3n, de &hellip;<\/p>\n","protected":false},"author":1,"featured_media":38412,"comment_status":"open","ping_status":"open","sticky":false,"template":"","format":"standard","meta":{"fifu_image_url":"https:\/\/static.dw.com\/image\/70692377_6.jpg","fifu_image_alt":"","footnotes":""},"categories":[13],"tags":[],"class_list":["post-38411","post","type-post","status-publish","format-standard","has-post-thumbnail","","category-mundo"],"_links":{"self":[{"href":"https:\/\/noticiasveraces.com\/index.php?rest_route=\/wp\/v2\/posts\/38411","targetHints":{"allow":["GET"]}}],"collection":[{"href":"https:\/\/noticiasveraces.com\/index.php?rest_route=\/wp\/v2\/posts"}],"about":[{"href":"https:\/\/noticiasveraces.com\/index.php?rest_route=\/wp\/v2\/types\/post"}],"author":[{"embeddable":true,"href":"https:\/\/noticiasveraces.com\/index.php?rest_route=\/wp\/v2\/users\/1"}],"replies":[{"embeddable":true,"href":"https:\/\/noticiasveraces.com\/index.php?rest_route=%2Fwp%2Fv2%2Fcomments&post=38411"}],"version-history":[{"count":0,"href":"https:\/\/noticiasveraces.com\/index.php?rest_route=\/wp\/v2\/posts\/38411\/revisions"}],"wp:featuredmedia":[{"embeddable":true,"href":"https:\/\/noticiasveraces.com\/index.php?rest_route=\/wp\/v2\/media\/38412"}],"wp:attachment":[{"href":"https:\/\/noticiasveraces.com\/index.php?rest_route=%2Fwp%2Fv2%2Fmedia&parent=38411"}],"wp:term":[{"taxonomy":"category","embeddable":true,"href":"https:\/\/noticiasveraces.com\/index.php?rest_route=%2Fwp%2Fv2%2Fcategories&post=38411"},{"taxonomy":"post_tag","embeddable":true,"href":"https:\/\/noticiasveraces.com\/index.php?rest_route=%2Fwp%2Fv2%2Ftags&post=38411"}],"curies":[{"name":"wp","href":"https:\/\/api.w.org\/{rel}","templated":true}]}}