{"id":38407,"date":"2025-07-31T20:17:05","date_gmt":"2025-08-01T00:17:05","guid":{"rendered":"https:\/\/noticiasveraces.com\/?p=38407"},"modified":"2025-07-31T20:17:05","modified_gmt":"2025-08-01T00:17:05","slug":"eslovenia-prohibira-comercio-de-armas-con-israel-dw-01-08-2025","status":"publish","type":"post","link":"https:\/\/noticiasveraces.com\/?p=38407","title":{"rendered":"Eslovenia prohibir\u00e1 comercio de armas con Israel \u2013 DW \u2013 01\/08\/2025"},"content":{"rendered":"<p> \n<\/p>\n<div data-tracking-name=\"rich-text\" data-tracking-skip=\"true\">\n<p>Eslovenia anunci\u00f3 este jueves (31.07.2025) que prohibir\u00e1 todo comercio de armas con Israel debido a la guerra en Gaza, en lo que, seg\u00fan afirm\u00f3, es una medida sin precedentes por parte de un pa\u00eds de la Uni\u00f3n Europea.<\/p>\n<p>\u00abEslovenia es el primer pa\u00eds europeo en prohibir la importaci\u00f3n, exportaci\u00f3n y tr\u00e1nsito de armas hacia y desde Israel\u00bb, declar\u00f3 el gobierno en un comunicado.<\/p>\n<p>A\u00f1adi\u00f3 que act\u00faa de forma independiente porque el bloque \u00abno hab\u00eda sido capaz de adoptar medidas concretas\u00bb tal y como hab\u00eda solicitado.<\/p>\n<p>En medio de la devastadora guerra en Gaza, donde \u00abla gente (&#8230;) est\u00e1 muriendo porque se le niega sistem\u00e1ticamente la ayuda humanitaria\u00bb, es el \u00abdeber de todo Estado responsable tomar medidas, aunque ello suponga adelantarse a los dem\u00e1s\u00bb, reza la nota. <\/p>\n<h2>Denunci\u00f3n \u00abgenocidio\u00bb<\/h2>\n<p>A principios de este mes, Eslovenia prohibi\u00f3 la entrada al pa\u00eds a dos ministros israel\u00edes de extrema derecha, una iniciativa presentada como \u00abuna primicia en la UE\u00bb.<\/p>\n<p>La presi\u00f3n internacional sobre Israel por su ofensiva en Gaza ha crecido en los \u00faltimos meses, pero Eslovenia lleva tiempo condenando el conflicto que est\u00e1 por cumplir 22 meses.<\/p>\n<p>Su presidenta, Natasa Pirc Musar, denunci\u00f3 en mayo el genocidio ante el Parlamento Europeo y el a\u00f1o pasado el pa\u00eds reconoci\u00f3 al Estado palestino, uni\u00e9ndose a Irlanda, Espa\u00f1a y Noruega.<\/p>\n<p>Aunque casi 150 naciones han dado este paso, la mayor\u00eda de los pa\u00edses occidentales no lo ha hecho.<\/p>\n<p>Mg (AFP, Reuters)<\/p>\n<\/p>\n<\/div>\n\n","protected":false},"excerpt":{"rendered":"<p>Eslovenia anunci\u00f3 este jueves (31.07.2025) que prohibir\u00e1 todo comercio de armas con Israel debido a la guerra en Gaza, en lo que, seg\u00fan afirm\u00f3, es una medida sin precedentes por parte de un pa\u00eds de la Uni\u00f3n Europea. \u00abEslovenia es el primer pa\u00eds europeo en prohibir la importaci\u00f3n, exportaci\u00f3n y tr\u00e1nsito de armas hacia y &hellip;<\/p>\n","protected":false},"author":1,"featured_media":38408,"comment_status":"open","ping_status":"open","sticky":false,"template":"","format":"standard","meta":{"fifu_image_url":"https:\/\/static.dw.com\/image\/63743843_6.jpg","fifu_image_alt":"","footnotes":""},"categories":[13],"tags":[],"class_list":["post-38407","post","type-post","status-publish","format-standard","has-post-thumbnail","","category-mundo"],"_links":{"self":[{"href":"https:\/\/noticiasveraces.com\/index.php?rest_route=\/wp\/v2\/posts\/38407","targetHints":{"allow":["GET"]}}],"collection":[{"href":"https:\/\/noticiasveraces.com\/index.php?rest_route=\/wp\/v2\/posts"}],"about":[{"href":"https:\/\/noticiasveraces.com\/index.php?rest_route=\/wp\/v2\/types\/post"}],"author":[{"embeddable":true,"href":"https:\/\/noticiasveraces.com\/index.php?rest_route=\/wp\/v2\/users\/1"}],"replies":[{"embeddable":true,"href":"https:\/\/noticiasveraces.com\/index.php?rest_route=%2Fwp%2Fv2%2Fcomments&post=38407"}],"version-history":[{"count":0,"href":"https:\/\/noticiasveraces.com\/index.php?rest_route=\/wp\/v2\/posts\/38407\/revisions"}],"wp:featuredmedia":[{"embeddable":true,"href":"https:\/\/noticiasveraces.com\/index.php?rest_route=\/wp\/v2\/media\/38408"}],"wp:attachment":[{"href":"https:\/\/noticiasveraces.com\/index.php?rest_route=%2Fwp%2Fv2%2Fmedia&parent=38407"}],"wp:term":[{"taxonomy":"category","embeddable":true,"href":"https:\/\/noticiasveraces.com\/index.php?rest_route=%2Fwp%2Fv2%2Fcategories&post=38407"},{"taxonomy":"post_tag","embeddable":true,"href":"https:\/\/noticiasveraces.com\/index.php?rest_route=%2Fwp%2Fv2%2Ftags&post=38407"}],"curies":[{"name":"wp","href":"https:\/\/api.w.org\/{rel}","templated":true}]}}