{"id":38396,"date":"2025-07-31T18:50:10","date_gmt":"2025-07-31T22:50:10","guid":{"rendered":"https:\/\/noticiasveraces.com\/?p=38396"},"modified":"2025-07-31T18:50:10","modified_gmt":"2025-07-31T22:50:10","slug":"la-devastadora-actualizacion-de-salud-de-justin-timberlake-en-el-anuncio-de-shock-noticias-de-celebridades-showbiz-tv","status":"publish","type":"post","link":"https:\/\/noticiasveraces.com\/?p=38396","title":{"rendered":"La devastadora actualizaci\u00f3n de salud de Justin Timberlake en el anuncio de shock | Noticias de celebridades | Showbiz &#038; TV"},"content":{"rendered":"<p> \n<\/p>\n<div>\n<p>Justin Timberlake ha revelado que ha estado luchando contra la enfermedad de Lyme durante su reciente gira mundial, explicando c\u00f3mo la afecci\u00f3n ha causado s\u00edntomas \u00abimplacablemente debilitantes\u00bb que afectaron sus actuaciones.<\/p>\n<p>El cantante pop concluy\u00f3 el Forget Tomorrow World Tour el 30 de julio y se dirigi\u00f3 a Instagram para abrir sobre las luchas de salud que ha enfrentado detr\u00e1s de escena.<\/p>\n<p>\u00abEsta ha sido la experiencia m\u00e1s divertida, emocional, gratificante, f\u00edsicamente exigente y, a veces, agotadora\u00bb, dijo el hombre de 44 a\u00f1os sobre la gira, y agreg\u00f3: \u00abNo podr\u00eda haberlo hecho sin mi familia, amigos, ni\u00f1os TN y todo su apoyo\u00bb.<\/p>\n<p>El padre de dos comparti\u00f3 que en los \u00faltimos a\u00f1os ha estado haciendo frente a la enfermedad de Lyme. \u00abEntre otras cosas, he estado luchando contra algunos problemas de salud y me diagnosticaron la enfermedad de Lyme, lo que no digo para que te sientas mal por m\u00ed, pero para arrojar algo de luz sobre lo que he estado al respecto detr\u00e1s de escena\u00bb, escribi\u00f3.<\/p>\n<p>La enfermedad de Lyme es una infecci\u00f3n bacteriana transmitida a los humanos a trav\u00e9s de la picadura de una garrapata infectada con patas negras. Por lo general, se encuentra en las \u00e1reas cubiertas de hierba o boscosas, la enfermedad de Lyme es muy tratable si se atrapa temprano, pero puede causar dolor o hinchaz\u00f3n articular severo, entumecimiento, problemas de memoria y par\u00e1lisis facial, e incluso palpitaciones card\u00edacas o mareos.<\/p>\n<\/div>\n<div>\n<p>El cantante admiti\u00f3 que el diagn\u00f3stico fue un shock. \u00abCuando obtuve el diagn\u00f3stico por primera vez, me sorprendi\u00f3 seguro. Pero, al menos pude entender por qu\u00e9 estar\u00eda en el escenario y en una gran cantidad de dolor nervioso o, solo sintiendo fatiga o enfermedad loca\u00bb.<\/p>\n<p>La enfermedad oblig\u00f3 al sexy cantante a tomar una decisi\u00f3n dif\u00edcil de continuar la gira. \u00abDecid\u00ed que la alegr\u00eda de que realizar me lleva lejos supera el estr\u00e9s fugaz que mi cuerpo estaba sintiendo. Estoy muy contento de haber seguido adelante\u00bb, reflexion\u00f3.<\/p>\n<p>\u00c9l continu\u00f3: \u00abNo solo prob\u00e9 mi tenacidad mental para m\u00ed mismo, sino que ahora tengo tantos momentos especiales con todos ustedes que nunca olvidar\u00e9. Era reacio a hablar de esto porque siempre fui criado para guardar algo como esto para usted. Pero estoy tratando de ser m\u00e1s transparente abotu mis luchas, por lo que no est\u00e1n mal interpretados.<\/p>\n<\/div>\n<div>\n<p>A lo largo de la gira, la estrella enfrent\u00f3 duras cr\u00edticas de algunos fan\u00e1ticos que lo acusaron de aparecer \u00abperezoso\u00bb y \u00abcansado\u00bb en el escenario, y cuestionaron su esfuerzo vocal.<\/p>\n<p>Al dirigirse a la reacci\u00f3n en su puesto, reconoci\u00f3 los desaf\u00edos que enfrent\u00f3 mientras realizaba y destacaba el peaje invisible que su condici\u00f3n de salud le asumi\u00f3.<\/p>\n<p>Aprovechando la oportunidad para agradecer a su sistema de apoyo, agreg\u00f3: \u00abNo podr\u00eda haberlo hecho sin mi familia, amigos, los ni\u00f1os TN y todo su apoyo\u00bb.<\/p>\n<p>Finalmente, agradeciendo a su esposa Jessica Biel y sus dos hijos, agreg\u00f3: \u00abA Jess, Silas y Phin &#8230; nada es m\u00e1s poderoso que tu amor incondicional. Eres mi coraz\u00f3n y mi hogar. Estoy en camino &#8230;\u00bb<\/p>\n<\/div>\n\n","protected":false},"excerpt":{"rendered":"<p>Justin Timberlake ha revelado que ha estado luchando contra la enfermedad de Lyme durante su reciente gira mundial, explicando c\u00f3mo la afecci\u00f3n ha causado s\u00edntomas \u00abimplacablemente debilitantes\u00bb que afectaron sus actuaciones. El cantante pop concluy\u00f3 el Forget Tomorrow World Tour el 30 de julio y se dirigi\u00f3 a Instagram para abrir sobre las luchas de &hellip;<\/p>\n","protected":false},"author":1,"featured_media":38397,"comment_status":"open","ping_status":"open","sticky":false,"template":"","format":"standard","meta":{"fifu_image_url":"https:\/\/cdn.images.express.co.uk\/img\/dynamic\/79\/1200x630\/6332263.jpg","fifu_image_alt":"","footnotes":""},"categories":[766],"tags":[],"class_list":["post-38396","post","type-post","status-publish","format-standard","has-post-thumbnail","","category-musica"],"_links":{"self":[{"href":"https:\/\/noticiasveraces.com\/index.php?rest_route=\/wp\/v2\/posts\/38396","targetHints":{"allow":["GET"]}}],"collection":[{"href":"https:\/\/noticiasveraces.com\/index.php?rest_route=\/wp\/v2\/posts"}],"about":[{"href":"https:\/\/noticiasveraces.com\/index.php?rest_route=\/wp\/v2\/types\/post"}],"author":[{"embeddable":true,"href":"https:\/\/noticiasveraces.com\/index.php?rest_route=\/wp\/v2\/users\/1"}],"replies":[{"embeddable":true,"href":"https:\/\/noticiasveraces.com\/index.php?rest_route=%2Fwp%2Fv2%2Fcomments&post=38396"}],"version-history":[{"count":0,"href":"https:\/\/noticiasveraces.com\/index.php?rest_route=\/wp\/v2\/posts\/38396\/revisions"}],"wp:featuredmedia":[{"embeddable":true,"href":"https:\/\/noticiasveraces.com\/index.php?rest_route=\/wp\/v2\/media\/38397"}],"wp:attachment":[{"href":"https:\/\/noticiasveraces.com\/index.php?rest_route=%2Fwp%2Fv2%2Fmedia&parent=38396"}],"wp:term":[{"taxonomy":"category","embeddable":true,"href":"https:\/\/noticiasveraces.com\/index.php?rest_route=%2Fwp%2Fv2%2Fcategories&post=38396"},{"taxonomy":"post_tag","embeddable":true,"href":"https:\/\/noticiasveraces.com\/index.php?rest_route=%2Fwp%2Fv2%2Ftags&post=38396"}],"curies":[{"name":"wp","href":"https:\/\/api.w.org\/{rel}","templated":true}]}}