{"id":38391,"date":"2025-07-31T18:39:05","date_gmt":"2025-07-31T22:39:05","guid":{"rendered":"https:\/\/noticiasveraces.com\/?p=38391"},"modified":"2025-07-31T18:39:05","modified_gmt":"2025-07-31T22:39:05","slug":"antonio-casale-fue-despedido-de-rcn-radio-cual-fue-el-motivo","status":"publish","type":"post","link":"https:\/\/noticiasveraces.com\/?p=38391","title":{"rendered":"Antonio Casale fue despedido de RCN Radio: \u00bfCu\u00e1l fue el motivo?"},"content":{"rendered":"<p> \n<br \/><img decoding=\"async\" src=\"https:\/\/www.futbolred.com\/files\/article_graphic\/uploads\/2024\/05\/13\/6641a9d92b27a.jpeg\" \/><\/p>\n<header>\n<h3>\n<p>                Curiosidades de f\u00fatbol<br \/>\n            <\/h3>\n<h1>\n<p>            Antonio Casale fue despedido de RCN Radio: \u00bfCu\u00e1l fue el motivo?<br \/>\n        <\/h1>\n<address>\n            <a>Andres Julian Abril Gomez<br \/>\n        <\/address>\n<p>            31 de julio 2025 , 05:21 p.\u00a0m.<\/p>\n<\/header>\n<p>El periodista colombiano deja la cadena radial despu\u00e9s de varios a\u00f1os de servicio.<\/p>\n<p>Se sacudi\u00f3 el panorama del periodismo deportivo este jueves luego de que se diera a conocer que <b>Antonio Casale<\/b>reconocido periodista con m\u00e1s de dos d\u00e9cadas de trayectoria fuera despedido de <b>RCN Radio.  <\/b><\/p>\n<p>El comunicador colombiano era director del programa \u2018En la Jugada\u2019 y al parecer su salida se da luego de la renovaci\u00f3n que tendr\u00e1n las marcas ligadas a la reconocida cadena de radio.  <\/p>\n<p>De hecho, el propio Casale fue el encargado de confirmar su salida del medio: \u201cLa compa\u00f1\u00eda ha decidido que yo no voy a continuar mis servicios en este lugar. Pensamos diferente, pero no por eso puedo dejar de ser agradecido\u201d.<\/p>\n<p>Por su parte, en el programa de \u2018En la Jugada\u2019 de este jueves, el periodista se despidi\u00f3 de sus colegas y agradeci\u00f3 a sus oyentes: \u201cMuchas gracias, nos encontraremos en otro lugar\u201d. <\/p>\n<p>Desde el pr\u00f3ximo 4 de agosto, varios programas reconocidos de RCN Radio pasar\u00e1n a estar en La FM como parte de la renovaci\u00f3n de la cadena y eso significa que habr\u00e1 varios cambios y salidas como la mencionada de Casale. <\/p>\n<p>Ante la marcha del periodista, se dio a conocer que Juan Felipe Cadavid ser\u00e1 el encargado de reemplazar a Casale, aunque el periodista ni el medio a\u00fan no ha hecho oficial su paso a RCN Radio y su salida de Caracol Radio.<\/p>\n\n","protected":false},"excerpt":{"rendered":"<p>Curiosidades de f\u00fatbol Antonio Casale fue despedido de RCN Radio: \u00bfCu\u00e1l fue el motivo? Andres Julian Abril Gomez 31 de julio 2025 , 05:21 p.\u00a0m. El periodista colombiano deja la cadena radial despu\u00e9s de varios a\u00f1os de servicio. Se sacudi\u00f3 el panorama del periodismo deportivo este jueves luego de que se diera a conocer que &hellip;<\/p>\n","protected":false},"author":1,"featured_media":38393,"comment_status":"open","ping_status":"open","sticky":false,"template":"","format":"standard","meta":{"fifu_image_url":"https:\/\/www.futbolred.com\/files\/og_thumbnail\/uploads\/2024\/05\/13\/6641a9d92b27a.jpeg","fifu_image_alt":"","footnotes":""},"categories":[6],"tags":[],"class_list":["post-38391","post","type-post","status-publish","format-standard","has-post-thumbnail","","category-deportes"],"_links":{"self":[{"href":"https:\/\/noticiasveraces.com\/index.php?rest_route=\/wp\/v2\/posts\/38391","targetHints":{"allow":["GET"]}}],"collection":[{"href":"https:\/\/noticiasveraces.com\/index.php?rest_route=\/wp\/v2\/posts"}],"about":[{"href":"https:\/\/noticiasveraces.com\/index.php?rest_route=\/wp\/v2\/types\/post"}],"author":[{"embeddable":true,"href":"https:\/\/noticiasveraces.com\/index.php?rest_route=\/wp\/v2\/users\/1"}],"replies":[{"embeddable":true,"href":"https:\/\/noticiasveraces.com\/index.php?rest_route=%2Fwp%2Fv2%2Fcomments&post=38391"}],"version-history":[{"count":0,"href":"https:\/\/noticiasveraces.com\/index.php?rest_route=\/wp\/v2\/posts\/38391\/revisions"}],"wp:featuredmedia":[{"embeddable":true,"href":"https:\/\/noticiasveraces.com\/index.php?rest_route=\/wp\/v2\/media\/38393"}],"wp:attachment":[{"href":"https:\/\/noticiasveraces.com\/index.php?rest_route=%2Fwp%2Fv2%2Fmedia&parent=38391"}],"wp:term":[{"taxonomy":"category","embeddable":true,"href":"https:\/\/noticiasveraces.com\/index.php?rest_route=%2Fwp%2Fv2%2Fcategories&post=38391"},{"taxonomy":"post_tag","embeddable":true,"href":"https:\/\/noticiasveraces.com\/index.php?rest_route=%2Fwp%2Fv2%2Ftags&post=38391"}],"curies":[{"name":"wp","href":"https:\/\/api.w.org\/{rel}","templated":true}]}}