{"id":38380,"date":"2025-07-31T18:15:06","date_gmt":"2025-07-31T22:15:06","guid":{"rendered":"https:\/\/noticiasveraces.com\/?p=38380"},"modified":"2025-07-31T18:15:06","modified_gmt":"2025-07-31T22:15:06","slug":"catastrofe-en-gaza-supera-lo-imaginable-dw-31-07-2025","status":"publish","type":"post","link":"https:\/\/noticiasveraces.com\/?p=38380","title":{"rendered":"\u00abcat\u00e1strofe\u00bb en Gaza \u00absupera lo imaginable\u00bb \u2013 DW \u2013 31\/07\/2025"},"content":{"rendered":"<p> \n<\/p>\n<div data-tracking-name=\"rich-text\" data-tracking-skip=\"true\">\n<p>El ministro alem\u00e1n de Relaciones Exteriores, Johann Wadephul, pidi\u00f3 este jueves (31.07.2025) al gobierno de Israel que permita una \u00abmejora fundamental\u00bb de la situaci\u00f3n en la Franja de Gaza, donde \u00abla cat\u00e1strofe humanitaria supera lo imaginable\u00bb.<\/p>\n<p>\u00abEn toda la Franja de Gaza, la gente pasa hambre cada d\u00eda, mujeres, hombres y ni\u00f1os mueren en su desesperada b\u00fasqueda de alimentos. Es una situaci\u00f3n totalmente intolerable que debe cambiar de inmediato\u00bb, declar\u00f3 en Jerusal\u00e9n tras reunirse con varios funcionarios israel\u00edes.<\/p>\n<h2><strong>\u00abIsrael corre el riesgo de quedar cada vez m\u00e1s aislado internacionalmente\u00bb<\/strong><\/h2>\n<p>Israel debe \u00abenviar de forma r\u00e1pida y segura suficiente ayuda humanitaria y m\u00e9dica para evitar muertes masivas\u00bb como consecuencia de la hambruna, afirm\u00f3, a la vez que calific\u00f3 de \u00ababsolutamente intolerable\u00bb que \u00abhombres, mujeres y ni\u00f1os fueran asesinados a diario mientras buscan desesperadamente comida\u00bb.<\/p>\n<p>\u00abIsrael corre el riesgo de quedar cada vez m\u00e1s aislado internacionalmente\u00bb, apunt\u00f3 Wadephul. \u00abConsidero que es deber de Alemania hacer todo lo posible para evitarlo\u00bb.<\/p>\n<figure class=\"placeholder-image master_landscape big\"><img data-format=\"MASTER_LANDSCAPE\" data-id=\"73486203\" data-url=\"https:\/\/static.dw.com\/image\/73486203_${formatId}.jpg\" data-aspect-ratio=\"16\/9\" alt=\"Palestinos llevan suministros de ayuda que recibieron de la Fundaci\u00f3n Humanitaria de Gaza, respaldada por Estados Unidos, en el centro de la Franja de Gaza (31.07.2025)\" style=\"padding-bottom: 56.25%; height: 0; max-height: 0;\"\/><figcaption class=\"img-caption\">Palestinos llevan suministros de ayuda que recibieron de la Fundaci\u00f3n Humanitaria de Gaza, respaldada por Estados Unidos, en el centro de la Franja de Gaza (31.07.2025)<small class=\"copyright\">Imagen: REUTERS<\/small><\/figcaption><\/figure>\n<p>Asimismo, advirti\u00f3 que podr\u00eda estar abri\u00e9ndose una \u00abbrecha\u00bb entre Israel y la Uni\u00f3n Europea (UE), e inst\u00f3 a \u00abambas partes\u00bb a garantizar que esto no suceda. \u00abNecesitamos claridad, incluso por parte de Israel, de que no existe una pol\u00edtica de expulsi\u00f3n ni de anexi\u00f3n\u00bb, explic\u00f3. \u00abEn mi opini\u00f3n, nos encontramos en una fase decisiva en la que Alemania tendr\u00e1 que posicionarse\u00bb.<\/p>\n<h2><strong>Alemania ve un reconocimiento de un Estado palestino solo tras negociaciones <\/strong><\/h2>\n<p>Israel se encuentra bajo una creciente presi\u00f3n internacional para acordar un alto al fuego y permitir un aumento de la ayuda alimentaria en la Franja de Gaza, donde expertos respaldados por la ONU han reportado que \u00abse est\u00e1 extendiendo la hambruna\u00bb.<\/p>\n<p>Canad\u00e1 se convirti\u00f3 este mi\u00e9rcoles en el \u00faltimo gobierno occidental en anunciar planes para reconocer un Estado palestino, tras medidas similares de Francia y Reino Unido.<\/p>\n<p>Alemania ha postergado su promesa de reconocer el Estado palestino y ha mantenido su postura de larga data de que el reconocimiento solo podr\u00eda producirse tras negociaciones entre Israel y los palestinos. \u00abVemos el reconocimiento de un Estado palestino al final de un proceso de negociaci\u00f3n, un proceso que, sin embargo, debe comenzar pronto\u00bb, declar\u00f3 Wadephul este jueves.<\/p>\n<p>RR AFP\/Tachau\/DPA<\/p>\n<\/div>\n\n","protected":false},"excerpt":{"rendered":"<p>El ministro alem\u00e1n de Relaciones Exteriores, Johann Wadephul, pidi\u00f3 este jueves (31.07.2025) al gobierno de Israel que permita una \u00abmejora fundamental\u00bb de la situaci\u00f3n en la Franja de Gaza, donde \u00abla cat\u00e1strofe humanitaria supera lo imaginable\u00bb. \u00abEn toda la Franja de Gaza, la gente pasa hambre cada d\u00eda, mujeres, hombres y ni\u00f1os mueren en su &hellip;<\/p>\n","protected":false},"author":1,"featured_media":38381,"comment_status":"open","ping_status":"open","sticky":false,"template":"","format":"standard","meta":{"fifu_image_url":"https:\/\/static.dw.com\/image\/73485267_6.jpg","fifu_image_alt":"","footnotes":""},"categories":[13],"tags":[],"class_list":["post-38380","post","type-post","status-publish","format-standard","has-post-thumbnail","","category-mundo"],"_links":{"self":[{"href":"https:\/\/noticiasveraces.com\/index.php?rest_route=\/wp\/v2\/posts\/38380","targetHints":{"allow":["GET"]}}],"collection":[{"href":"https:\/\/noticiasveraces.com\/index.php?rest_route=\/wp\/v2\/posts"}],"about":[{"href":"https:\/\/noticiasveraces.com\/index.php?rest_route=\/wp\/v2\/types\/post"}],"author":[{"embeddable":true,"href":"https:\/\/noticiasveraces.com\/index.php?rest_route=\/wp\/v2\/users\/1"}],"replies":[{"embeddable":true,"href":"https:\/\/noticiasveraces.com\/index.php?rest_route=%2Fwp%2Fv2%2Fcomments&post=38380"}],"version-history":[{"count":0,"href":"https:\/\/noticiasveraces.com\/index.php?rest_route=\/wp\/v2\/posts\/38380\/revisions"}],"wp:featuredmedia":[{"embeddable":true,"href":"https:\/\/noticiasveraces.com\/index.php?rest_route=\/wp\/v2\/media\/38381"}],"wp:attachment":[{"href":"https:\/\/noticiasveraces.com\/index.php?rest_route=%2Fwp%2Fv2%2Fmedia&parent=38380"}],"wp:term":[{"taxonomy":"category","embeddable":true,"href":"https:\/\/noticiasveraces.com\/index.php?rest_route=%2Fwp%2Fv2%2Fcategories&post=38380"},{"taxonomy":"post_tag","embeddable":true,"href":"https:\/\/noticiasveraces.com\/index.php?rest_route=%2Fwp%2Fv2%2Ftags&post=38380"}],"curies":[{"name":"wp","href":"https:\/\/api.w.org\/{rel}","templated":true}]}}