{"id":38364,"date":"2025-07-31T14:11:16","date_gmt":"2025-07-31T18:11:16","guid":{"rendered":"https:\/\/noticiasveraces.com\/?p=38364"},"modified":"2025-07-31T14:11:16","modified_gmt":"2025-07-31T18:11:16","slug":"la-decreciente-tasa-de-natalidad-se-ha-vuelto-tema-politico-dw-31-07-2025","status":"publish","type":"post","link":"https:\/\/noticiasveraces.com\/?p=38364","title":{"rendered":"La decreciente tasa de natalidad se ha vuelto tema pol\u00edtico \u2013 DW \u2013 31\/07\/2025"},"content":{"rendered":"<p> \n<\/p>\n<div data-tracking-name=\"rich-text\" data-tracking-skip=\"true\">\n<p>Hace poco, durante la presentaci\u00f3n de su libro <em>No estoy bromeando<\/em>la actriz y <em>hombre de influencia <\/em>de 30 a\u00f1os Julia Brandner fue objeto de insultos. Seg\u00fan relata a DW, una mujer de 72 a\u00f1os, madre de tres hijos, tom\u00f3 la palabra y la atac\u00f3 ante el p\u00fablico reunido, tach\u00e1ndola de ego\u00edsta.<\/p>\n<p>Pero el libro, en el que esta austriaca afincada en Berl\u00edn explica con mucho humor y franqueza por qu\u00e9 nunca quiso quedar\u00a0embarazada y por qu\u00e9 decidi\u00f3 esterilizarse, tambi\u00e9n ha recibido muchas reacciones positivas.<\/p>\n<p>\u00abSi dices que no quieres tener hijos, r\u00e1pidamente te culpan de sabotear el sistema de pensiones y el pacto generacional, as\u00ed como de ser la responsable de la extinci\u00f3n de la humanidad\u00bb, comenta Julia Brandner a DW.<\/p>\n<p>En 2024, las alemanas dieron a luz una media de 1,35 hijos por mujer, seg\u00fan datos de la Oficina Federal de Estad\u00edstica de Alemania. En cifras absolutas, supone un total de 677.117 ni\u00f1os, es decir, m\u00e1s de 15.000 menos que el a\u00f1o anterior.<\/p>\n<h2>El partido AfD se apropia del tema de la ca\u00edda de la tasa de natalidad<\/h2>\n<p>Julia Brandner ten\u00eda 28 a\u00f1os cuando se someti\u00f3 a la esterilizaci\u00f3n. Su ginec\u00f3loga le exigi\u00f3 un informe psiqui\u00e1trico para determinar su capacidad de discernimiento, a pesar de que la ley solo exige el consentimiento de las mujeres mayores de 25 a\u00f1os.<\/p>\n<figure class=\"placeholder-image master_landscape big\"><img data-format=\"MASTER_LANDSCAPE\" data-id=\"73477601\" data-url=\"https:\/\/static.dw.com\/image\/73477601_${formatId}.jpg\" data-aspect-ratio=\"16\/9\" alt=\"Julia Brandner, sonriente. La influyente y comediante se hizo esterilizar voluntariamente a los 28 a\u00f1os.\" style=\"padding-bottom: 56.25%; height: 0; max-height: 0;\"\/><figcaption class=\"img-caption\">Julia Brandner se someti\u00f3 a una esterilizaci\u00f3n voluntaria a los 28 a\u00f1os. <small class=\"copyright\">Imagen: Andy Sparkles<\/small><\/figcaption><\/figure>\n<p>A Brandner le sorprende la intensidad del debate suscitado por su libro. Y observa un giro cada vez mayor hacia la derecha en tiempos de inestabilidad, hacia valores m\u00e1s tradicionales, en los que las mujeres deben volver a los fogones y cuidar de los ni\u00f1os.<\/p>\n<p>El partido alem\u00e1n AfD, en parte de extrema derecha, ha descubierto el tema de la disminuci\u00f3n de la tasa de natalidad y exige que los alemanes tengan m\u00e1s descendencia en lugar de que los inmigrantes sean la forma de combatir la escasez de mano de obra cualificada.<\/p>\n<h2>La tasa de natalidad disminuye en todo el mundo<\/h2>\n<p>Alemania no es un caso aislado en lo que respecta a la disminuci\u00f3n de la tasa de natalidad. Las cifras est\u00e1n cayendo dr\u00e1sticamente en todo el mundo, en Corea del Sur incluso hasta 0,75 hijos por mujer. La \u00fanica excepci\u00f3n es la zona del Sahel, donde las mujeres siguen teniendo una media de m\u00e1s de cinco hijos.<\/p>\n<p>Michaela Kreyenfeld es soci\u00f3loga y ha participado como experta en la elaboraci\u00f3n de un informe sobre la familia impulsado por el Gobierno alem\u00e1n. Kreyenfeld afirma que existe una relaci\u00f3n cada vez m\u00e1s estrecha entre las crisis econ\u00f3micas y la inseguridad, y la tendencia reproductiva.<\/p>\n<p>\u00ab\u00bfEs ego\u00edsmo o simplemente una decisi\u00f3n aut\u00f3noma que las mujeres no quieran tener hijos? Llevamos hablando de ello desde la d\u00e9cada de 1970, as\u00ed que no es nada nuevo\u00bb, dice a DW. Lo que s\u00ed es nuevo son las m\u00faltiples crisis: \u00abLa pandemia del coronavirus, el r\u00e1pido cambio clim\u00e1tico y la alta inflaci\u00f3n. Especialmente para la generaci\u00f3n joven, se trata de una situaci\u00f3n completamente nueva\u00bb, subraya Kreyenfeld.<\/p>\n<figure class=\"placeholder-image master_landscape big\"><img data-format=\"MASTER_LANDSCAPE\" data-id=\"73435732\" data-url=\"https:\/\/static.dw.com\/image\/73435732_${formatId}.jpg\" data-aspect-ratio=\"16\/9\" alt=\"La soci\u00f3loga Michaela Kreyenfeld posa sonriente. \" style=\"padding-bottom: 56.25%; height: 0; max-height: 0;\"\/><figcaption class=\"img-caption\">Para la soci\u00f3loga Michaela Kreyenfeld, hay una correlaci\u00f3n entre las crisis econ\u00f3micas y la inseguridad, y la tendencia reproductiva. <small class=\"copyright\">Imagen: Bettina Ausserhofer<\/small><\/figcaption><\/figure>\n<p>En Estados Unidos est\u00e1 surgiendo un movimiento contrario, con el hombre m\u00e1s rico del mundo como su representante m\u00e1s destacado: los pronatalistas y Elon Musk quieren traer al mundo tantos hijos como sea posible. Por su parte, el presidente ruso, Vladimir Putin, tambi\u00e9n exhorta a las mujeres rusas a tener m\u00e1s descendencia.<\/p>\n<h2>\u00abBrecha de fertilidad\u00bb: la diferencia entre el deseo de tener hijos y la tasa de natalidad<\/h2>\n<p>\u00bfQu\u00e9 se puede hacer para aumentar el n\u00famero de hijos sin presi\u00f3n por parte de la pol\u00edtica? Martin Bujard, que se ocupa intensamente de la tasa de natalidad en Alemania y conoce las cifras de las \u00faltimas dos d\u00e9cadas hasta el \u00faltimo decimal, tiene la respuesta. El director adjunto del Instituto Federal de Investigaci\u00f3n Demogr\u00e1fica afirma que el debate sobre las mujeres que deciden no tener hijos, como Julia Brandner, pasa por alto el tema real.<\/p>\n<p>\u00abSi alguien no quiere tener hijos, es una decisi\u00f3n libre. Esto no deber\u00eda estigmatizarse, ya que cada vez se acepta m\u00e1s llevar una vida sin hijos\u00bb. La cuesti\u00f3n es otra: \u00abHacemos preguntas emp\u00edricas sobre el deseo de tener hijos, y se observa que, en promedio, el deseo de tener hijos en 2024 es de aproximadamente 1,8 hijos por mujer y por hombre, es decir, muy por encima de la tasa de natalidad de 1,35. Si se cumplieran estos deseos de tener hijos, que existen, tendr\u00edamos menos problemas demogr\u00e1ficos y, a largo plazo, mucha m\u00e1s prosperidad\u00bb.<\/p>\n<p>La \u00abbrecha de fertilidad\u00bb es la diferencia entre el n\u00famero de hijos deseados y la tasa de natalidad, es decir, que muchas mujeres acaban teniendo solo un hijo en lugar de los dos que deseaban. Esto se debe a que es posible que encuentren una pareja estable m\u00e1s tarde, a que en el debate social los hijos se consideran cada vez m\u00e1s un problema en lugar de un aporte, y a que la pol\u00edtica podr\u00eda hacer m\u00e1s de lo que hace actualmente.<\/p>\n<p><span data-slot-id=\"Article_InContent-1\" class=\"rich-text-ad\"\/><\/p>\n<h2>Tarea para Alemania: mejorar la conciliaci\u00f3n de la vida laboral y familiar<\/h2>\n<p>Martin Bujard elogia los esfuerzos de Alemania en materia de pol\u00edtica familiar en el pasado, como la ampliaci\u00f3n de las guarder\u00edas y las escuelas de jornada completa, as\u00ed como las prestaciones por paternidad a principios de la d\u00e9cada de 2000. Se trata de un cambio de paradigma reconocido internacionalmente, ya que, durante d\u00e9cadas, Alemania estuvo a la cola a nivel mundial en cuanto a tasa de natalidad.<\/p>\n<p>El problema es que \u00abhay escasez de personal cualificado en el \u00e1mbito del cuidado infantil y, en \u00faltima instancia, se invierte muy poco dinero en el sistema. Si hubiera suficiente dinero, tambi\u00e9n se podr\u00eda hablar de aumentar los salarios de los educadores y educadoras\u00bb.<\/p>\n<p>\u00abEl peor escenario posible es que, con una tasa de natalidad en continuo descenso, en 2030 tengamos problemas a\u00fan m\u00e1s graves con la seguridad social a largo plazo. Esto supondr\u00eda un gran costo\u00a0para la prosperidad: habr\u00eda que aumentar las cotizaciones a la seguridad social, las pensiones ser\u00edan m\u00e1s bajas y tambi\u00e9n habr\u00eda que hacer m\u00e1s recortes en el sistema sanitario y en la asistencia\u00bb, alerta Bujard.<\/p>\n<p>(MS\/CP)<\/p>\n<\/p>\n<\/div>\n\n","protected":false},"excerpt":{"rendered":"<p>Hace poco, durante la presentaci\u00f3n de su libro No estoy bromeandola actriz y hombre de influencia de 30 a\u00f1os Julia Brandner fue objeto de insultos. Seg\u00fan relata a DW, una mujer de 72 a\u00f1os, madre de tres hijos, tom\u00f3 la palabra y la atac\u00f3 ante el p\u00fablico reunido, tach\u00e1ndola de ego\u00edsta. Pero el libro, en &hellip;<\/p>\n","protected":false},"author":1,"featured_media":38365,"comment_status":"open","ping_status":"open","sticky":false,"template":"","format":"standard","meta":{"fifu_image_url":"https:\/\/static.dw.com\/image\/73479108_6.jpg","fifu_image_alt":"","footnotes":""},"categories":[13],"tags":[],"class_list":["post-38364","post","type-post","status-publish","format-standard","has-post-thumbnail","","category-mundo"],"_links":{"self":[{"href":"https:\/\/noticiasveraces.com\/index.php?rest_route=\/wp\/v2\/posts\/38364","targetHints":{"allow":["GET"]}}],"collection":[{"href":"https:\/\/noticiasveraces.com\/index.php?rest_route=\/wp\/v2\/posts"}],"about":[{"href":"https:\/\/noticiasveraces.com\/index.php?rest_route=\/wp\/v2\/types\/post"}],"author":[{"embeddable":true,"href":"https:\/\/noticiasveraces.com\/index.php?rest_route=\/wp\/v2\/users\/1"}],"replies":[{"embeddable":true,"href":"https:\/\/noticiasveraces.com\/index.php?rest_route=%2Fwp%2Fv2%2Fcomments&post=38364"}],"version-history":[{"count":0,"href":"https:\/\/noticiasveraces.com\/index.php?rest_route=\/wp\/v2\/posts\/38364\/revisions"}],"wp:featuredmedia":[{"embeddable":true,"href":"https:\/\/noticiasveraces.com\/index.php?rest_route=\/wp\/v2\/media\/38365"}],"wp:attachment":[{"href":"https:\/\/noticiasveraces.com\/index.php?rest_route=%2Fwp%2Fv2%2Fmedia&parent=38364"}],"wp:term":[{"taxonomy":"category","embeddable":true,"href":"https:\/\/noticiasveraces.com\/index.php?rest_route=%2Fwp%2Fv2%2Fcategories&post=38364"},{"taxonomy":"post_tag","embeddable":true,"href":"https:\/\/noticiasveraces.com\/index.php?rest_route=%2Fwp%2Fv2%2Ftags&post=38364"}],"curies":[{"name":"wp","href":"https:\/\/api.w.org\/{rel}","templated":true}]}}