{"id":38348,"date":"2025-07-31T11:07:39","date_gmt":"2025-07-31T15:07:39","guid":{"rendered":"https:\/\/noticiasveraces.com\/?p=38348"},"modified":"2025-07-31T11:07:39","modified_gmt":"2025-07-31T15:07:39","slug":"trump-le-dice-a-hamas-que-se-rinda-y-libere-a-los-rehenes-para-terminar-con-la-crisis-de-gaza","status":"publish","type":"post","link":"https:\/\/noticiasveraces.com\/?p=38348","title":{"rendered":"Trump le dice a Hamas que se rinda y libere a los rehenes para terminar con la crisis de Gaza"},"content":{"rendered":"<p> \n<\/p>\n<div>\n<div id=\"beyondwords-wrapper\" class=\"beyondwords-wrapper\">\n<p><span class=\"label-bg\">NUEVO<\/span>\u00a1Ahora puedes escuchar art\u00edculos de Fox News!\n  <\/p>\n<\/div>\n<p class=\"speakable\">El presidente Donald Trump llev\u00f3 el jueves a Truth Social con un mensaje severo sobre Hamas, los rehenes restantes y la crisis que se desarrolla en Gaza.<\/p>\n<p class=\"speakable\">\u00ab\u00a1La forma m\u00e1s r\u00e1pida de poner fin a las crisis humanitarias en Gaza es que Hamas se rinda y libere a los rehenes!\u00bb El presidente public\u00f3.<\/p>\n<p>La publicaci\u00f3n de Trump muestra un cambio en sus mensajes sobre la guerra y la situaci\u00f3n humanitaria en Gaza. Recientemente, Trump pareci\u00f3 poner la responsabilidad en Israel y reconoci\u00f3 que \u00abexiste un hambre real en Gaza\u00bb, representando un raro descanso del primer ministro israel\u00ed Benjamin Netanyahu, quien entreg\u00f3 exactamente el mensaje opuesto.<\/p>\n<div class=\"image-ct inline\">\n<div class=\"m\"><picture><source media=\"(max-width: 767px)\" srcset=\"https:\/\/a57.foxnews.com\/static.foxnews.com\/foxnews.com\/content\/uploads\/2025\/07\/343\/192\/trump-and-netanyahu.jpg?ve=1&amp;tl=1, https:\/\/a57.foxnews.com\/static.foxnews.com\/foxnews.com\/content\/uploads\/2025\/07\/686\/384\/trump-and-netanyahu.jpg?ve=1&amp;tl=1 2x\" height=\"192\" width=\"343\"><source media=\"(min-width: 768px) and (max-width: 1023px)\" srcset=\"https:\/\/a57.foxnews.com\/static.foxnews.com\/foxnews.com\/content\/uploads\/2025\/07\/672\/378\/trump-and-netanyahu.jpg?ve=1&amp;tl=1, https:\/\/a57.foxnews.com\/static.foxnews.com\/foxnews.com\/content\/uploads\/2025\/07\/1344\/756\/trump-and-netanyahu.jpg?ve=1&amp;tl=1 2x\" height=\"378\" width=\"672\"><source media=\"(min-width: 1024px) and (max-width: 1279px)\" srcset=\"https:\/\/a57.foxnews.com\/static.foxnews.com\/foxnews.com\/content\/uploads\/2025\/07\/931\/523\/trump-and-netanyahu.jpg?ve=1&amp;tl=1, https:\/\/a57.foxnews.com\/static.foxnews.com\/foxnews.com\/content\/uploads\/2025\/07\/1862\/1046\/trump-and-netanyahu.jpg?ve=1&amp;tl=1 2x\" height=\"523\" width=\"931\"><source media=\"(min-width: 1280px)\" srcset=\"https:\/\/a57.foxnews.com\/static.foxnews.com\/foxnews.com\/content\/uploads\/2025\/07\/720\/405\/trump-and-netanyahu.jpg?ve=1&amp;tl=1, https:\/\/a57.foxnews.com\/static.foxnews.com\/foxnews.com\/content\/uploads\/2025\/07\/1440\/810\/trump-and-netanyahu.jpg?ve=1&amp;tl=1 2x\" height=\"405\" width=\"720\"><img loading=\"lazy\" decoding=\"async\" src=\"https:\/\/a57.foxnews.com\/static.foxnews.com\/foxnews.com\/content\/uploads\/2025\/07\/1200\/675\/trump-and-netanyahu.jpg?ve=1&amp;tl=1\" alt=\"El acuerdo de se\u00f1al de Trump y Netanyahu con Hamas est\u00e1 cerca.\" width=\"1200\" height=\"675\"\/><\/source><\/source><\/source><\/source><\/picture><\/div>\n<div class=\"info\">\n<div class=\"caption\">\n<p><span>El presidente Donald Trump y el primer ministro israel\u00ed Benjamin Netanyahu dijeron que un alto el fuego de 60 d\u00edas podr\u00eda ocurrir pronto mientras en Washington, DC el 9 de julio de 2025.<\/span> <span>(Imagen de Trump: Demetrius Freeman\/The Washington Post a trav\u00e9s de Getty Images, Image of Netanyahu: Jack Guez\/Pool\/AFP a trav\u00e9s de Getty Images, Image of Gaza: Bashar Taleb\/AFP a trav\u00e9s de Getty Images,))<\/span><\/p>\n<\/div>\n<\/div>\n<\/div>\n<p><strong><u>Hamas retrocede las cr\u00edticas de Trump y Witkoff, exige la presi\u00f3n de los Estados Unidos a Israel<\/u><\/strong><\/p>\n<p>\u00abNo hay hambre en Gaza, no hay pol\u00edtica de inanici\u00f3n en Gaza, y le aseguro que tenemos el compromiso de lograr nuestros objetivos de guerra\u00bb, dijo Netanyahu en una declaraci\u00f3n de video sobre X. Tambi\u00e9n se duplic\u00f3 sobre su compromiso de sacar a los rehenes y destruir las capacidades militares y gobernantes de Hamas.<\/p>\n<p>\u00abHay dos formas de poner fin a la guerra: terminar Hamas o terminar el estado jud\u00edo\u00bb, dijo a Fox Digital, presidente de Voices de Derechos Humanos, y el Instituto de Derechos Humanos y el Holocausto, Anne Bayefsky, Fox News Digital. \u00abLos europeos pretenden que hay una soluci\u00f3n de bits-bits-embarazada, a saber, diezmar al Israel militar, econ\u00f3mica y pol\u00edticamente, y permiten que los terroristas palestinos vivan ver otro d\u00eda &#8230; el presidente Trump dice con bastante raz\u00f3n, el infierno no; la m\u00e1quina terrorista palestina debe terminar por el sake de Israelis, los palestinos y el resto de los Estados Unidos\u00bb.<\/p>\n<p>La publicaci\u00f3n del jueves de Trump llega cuando el enviado especial de los Estados Unidos al Medio Oriente Steve Witkoff se re\u00fane con Netanyahu para discutir el potencial de un acuerdo de alto el fuego, as\u00ed como la situaci\u00f3n humanitaria en Gaza. <\/p>\n<div class=\"image-ct inline\">\n<div class=\"m\"><picture><source media=\"(max-width: 767px)\" srcset=\"https:\/\/a57.foxnews.com\/static.foxnews.com\/foxnews.com\/content\/uploads\/2025\/07\/343\/192\/witkoff-netanyahu.jpg?ve=1&amp;tl=1, https:\/\/a57.foxnews.com\/static.foxnews.com\/foxnews.com\/content\/uploads\/2025\/07\/686\/384\/witkoff-netanyahu.jpg?ve=1&amp;tl=1 2x\" height=\"192\" width=\"343\"><source media=\"(min-width: 768px) and (max-width: 1023px)\" srcset=\"https:\/\/a57.foxnews.com\/static.foxnews.com\/foxnews.com\/content\/uploads\/2025\/07\/672\/378\/witkoff-netanyahu.jpg?ve=1&amp;tl=1, https:\/\/a57.foxnews.com\/static.foxnews.com\/foxnews.com\/content\/uploads\/2025\/07\/1344\/756\/witkoff-netanyahu.jpg?ve=1&amp;tl=1 2x\" height=\"378\" width=\"672\"><source media=\"(min-width: 1024px) and (max-width: 1279px)\" srcset=\"https:\/\/a57.foxnews.com\/static.foxnews.com\/foxnews.com\/content\/uploads\/2025\/07\/931\/523\/witkoff-netanyahu.jpg?ve=1&amp;tl=1, https:\/\/a57.foxnews.com\/static.foxnews.com\/foxnews.com\/content\/uploads\/2025\/07\/1862\/1046\/witkoff-netanyahu.jpg?ve=1&amp;tl=1 2x\" height=\"523\" width=\"931\"><source media=\"(min-width: 1280px)\" srcset=\"https:\/\/a57.foxnews.com\/static.foxnews.com\/foxnews.com\/content\/uploads\/2025\/07\/720\/405\/witkoff-netanyahu.jpg?ve=1&amp;tl=1, https:\/\/a57.foxnews.com\/static.foxnews.com\/foxnews.com\/content\/uploads\/2025\/07\/1440\/810\/witkoff-netanyahu.jpg?ve=1&amp;tl=1 2x\" height=\"405\" width=\"720\"><img loading=\"lazy\" decoding=\"async\" src=\"https:\/\/a57.foxnews.com\/static.foxnews.com\/foxnews.com\/content\/uploads\/2025\/07\/1200\/675\/witkoff-netanyahu.jpg?ve=1&amp;tl=1\" alt=\"Steve Witkoff, Benjamin Netanyahu\" width=\"1200\" height=\"675\"\/><\/source><\/source><\/source><\/source><\/picture><\/div>\n<div class=\"info\">\n<div class=\"caption\">\n<p><span>El enviado especial de los Estados Unidos Steve Witkoff y el primer ministro israel\u00ed Benjamin Netanyahu se re\u00fanen en Jerusal\u00e9n.<\/span> <span>(Cortes\u00eda de GPO)<\/span><\/p>\n<\/div>\n<\/div>\n<\/div>\n<p><strong>Israel, Hamas habla de arrastrar mientras la silla del grupo de ayuda le dice a la ONU que deje de actuar como la &#8216;mafia&#8217;<\/strong><\/p>\n<p>La semana pasada, las conversaciones de alto el fuego en Qatar se rompieron, lo que llev\u00f3 a los Estados Unidos e Israel a sacar sus delegaciones de negociadores. Ambos pa\u00edses citaron la respuesta de Hamas como la raz\u00f3n principal para retroceder. Witkoff dijo que el grupo terrorista mostr\u00f3 \u00abuna falta de deseo de alcanzar un alto el fuego en Gaza\u00bb y que Hamas no estaba \u00abactuando de buena fe\u00bb.<\/p>\n<p>\u00abEs una pena que Hamas haya actuado de esta manera ego\u00edsta. Estamos decididos al buscar el fin de este conflicto y una paz permanente en Gaza\u00bb, escribi\u00f3 Witkoff en X.<\/p>\n<p>A pesar de que las negociaciones se rompieron, la comunidad internacional emiti\u00f3 recientemente una declaraci\u00f3n que pidi\u00f3 a Hamas que se desarme, exigiendo que Israel salga de la franja y describiera un camino para terminar con el sangriento conflicto israel\u00ed-palestino. La \u00abDeclaraci\u00f3n de Nueva York\u00bb fue firmada durante una conferencia de la ONU copresidida por Francia y Arabia Saudita. <\/p>\n<p>La declaraci\u00f3n, que fue obtenida y publicada por The Times of Israel, exige la unificaci\u00f3n de Gaza y Cisjordania bajo el control de la Autoridad Palestina y \u00abel fin del control del grupo armado y el desmantelamiento de sus capacidades militares\u00bb, probablemente se refieren a Hamas y otros grupos terroristas palestinos. Adem\u00e1s, el documento incluye elogios por los esfuerzos de los Estados Unidos, Egipto y Qatar para poner fin a la guerra.<\/p>\n<div class=\"image-ct inline\">\n<div class=\"m\"><picture><source media=\"(max-width: 767px)\" srcset=\"https:\/\/a57.foxnews.com\/static.foxnews.com\/foxnews.com\/content\/uploads\/2025\/07\/343\/192\/saudi-france-un.jpg?ve=1&amp;tl=1, https:\/\/a57.foxnews.com\/static.foxnews.com\/foxnews.com\/content\/uploads\/2025\/07\/686\/384\/saudi-france-un.jpg?ve=1&amp;tl=1 2x\" height=\"192\" width=\"343\"><source media=\"(min-width: 768px) and (max-width: 1023px)\" srcset=\"https:\/\/a57.foxnews.com\/static.foxnews.com\/foxnews.com\/content\/uploads\/2025\/07\/672\/378\/saudi-france-un.jpg?ve=1&amp;tl=1, https:\/\/a57.foxnews.com\/static.foxnews.com\/foxnews.com\/content\/uploads\/2025\/07\/1344\/756\/saudi-france-un.jpg?ve=1&amp;tl=1 2x\" height=\"378\" width=\"672\"><source media=\"(min-width: 1024px) and (max-width: 1279px)\" srcset=\"https:\/\/a57.foxnews.com\/static.foxnews.com\/foxnews.com\/content\/uploads\/2025\/07\/931\/523\/saudi-france-un.jpg?ve=1&amp;tl=1, https:\/\/a57.foxnews.com\/static.foxnews.com\/foxnews.com\/content\/uploads\/2025\/07\/1862\/1046\/saudi-france-un.jpg?ve=1&amp;tl=1 2x\" height=\"523\" width=\"931\"><source media=\"(min-width: 1280px)\" srcset=\"https:\/\/a57.foxnews.com\/static.foxnews.com\/foxnews.com\/content\/uploads\/2025\/07\/720\/405\/saudi-france-un.jpg?ve=1&amp;tl=1, https:\/\/a57.foxnews.com\/static.foxnews.com\/foxnews.com\/content\/uploads\/2025\/07\/1440\/810\/saudi-france-un.jpg?ve=1&amp;tl=1 2x\" height=\"405\" width=\"720\"><img loading=\"lazy\" decoding=\"async\" src=\"https:\/\/a57.foxnews.com\/static.foxnews.com\/foxnews.com\/content\/uploads\/2025\/07\/1200\/675\/saudi-france-un.jpg?ve=1&amp;tl=1\" alt=\"Conferencia de la ONU de Arabia Saudita y Francia\" width=\"1200\" height=\"675\"\/><\/source><\/source><\/source><\/source><\/picture><\/div>\n<div class=\"info\">\n<div class=\"caption\">\n<p><span>El ministro de Relaciones Exteriores de Saudita, Faisal Bin Farhan al-Saud, y el ministro de Relaciones Exteriores franc\u00e9s Jean-Noel Barot, copresidentes de una conferencia internacional de alto nivel de las Naciones Unidas, organizada por Francia y Arabia Saudita para trabajar hacia una soluci\u00f3n de dos estados entre Israel y los palestinos, escuche una pregunta durante una presentaci\u00f3n informativa en la sede de la ONU en la ciudad de Nueva York, 28 de julio, 2025. <\/span> <span>(Reuters\/Kylie Cooper)<\/span><\/p>\n<\/div>\n<\/div>\n<\/div>\n<p><strong>Obama emite una declaraci\u00f3n rara sobre el tema de la pol\u00edtica exterior<\/strong><\/p>\n<p>Bayefsky no era optimista sobre la declaraci\u00f3n, a pesar de sus aparentes llamados a la paz y al final del gobierno de Hamas.<\/p>\n<p>\u00abLa Declaraci\u00f3n de Nueva York es un ataque sin restricciones contra los Estados Unidos, as\u00ed como a Israel, destinada a descarrilar por completo la pol\u00edtica exterior del presidente Trump y el compromiso bipartidista de larga data con un acuerdo negociado\u00bb, dijo a Fox News Digital. \u00abEn este documento muy largo que incluye hablar sobre las afirmaciones isl\u00e1micas, hay referencia a un estado jud\u00edo, a los jud\u00edos o la historia jud\u00eda, o al antisemitismo, al conductor del conflicto \u00e1rabe-israel\u00ed en primer lugar\u00bb.<\/p>\n<p>\u00abLa declaraci\u00f3n dice que habr\u00e1 una reuni\u00f3n en Nueva York en septiembre para que los l\u00edderes mundiales asistan a la apertura de la Asamblea General para firmar y darle al presidente el dedo medio proverbial\u00bb, agreg\u00f3 Bayefsky.<\/p>\n<div class=\"image-ct inline\">\n<div class=\"m\"><picture><source media=\"(max-width: 767px)\" srcset=\"https:\/\/a57.foxnews.com\/static.foxnews.com\/foxnews.com\/content\/uploads\/2024\/10\/343\/192\/2024-10-02t142832z_1780340056_rc2ecaanyopd_rtrmadp_3_israel-palestinians-lebanon-un-scaled.jpg?ve=1&amp;tl=1, https:\/\/a57.foxnews.com\/static.foxnews.com\/foxnews.com\/content\/uploads\/2024\/10\/686\/384\/2024-10-02t142832z_1780340056_rc2ecaanyopd_rtrmadp_3_israel-palestinians-lebanon-un-scaled.jpg?ve=1&amp;tl=1 2x\" height=\"192\" width=\"343\"><source media=\"(min-width: 768px) and (max-width: 1023px)\" srcset=\"https:\/\/a57.foxnews.com\/static.foxnews.com\/foxnews.com\/content\/uploads\/2024\/10\/672\/378\/2024-10-02t142832z_1780340056_rc2ecaanyopd_rtrmadp_3_israel-palestinians-lebanon-un-scaled.jpg?ve=1&amp;tl=1, https:\/\/a57.foxnews.com\/static.foxnews.com\/foxnews.com\/content\/uploads\/2024\/10\/1344\/756\/2024-10-02t142832z_1780340056_rc2ecaanyopd_rtrmadp_3_israel-palestinians-lebanon-un-scaled.jpg?ve=1&amp;tl=1 2x\" height=\"378\" width=\"672\"><source media=\"(min-width: 1024px) and (max-width: 1279px)\" srcset=\"https:\/\/a57.foxnews.com\/static.foxnews.com\/foxnews.com\/content\/uploads\/2024\/10\/931\/523\/2024-10-02t142832z_1780340056_rc2ecaanyopd_rtrmadp_3_israel-palestinians-lebanon-un-scaled.jpg?ve=1&amp;tl=1, https:\/\/a57.foxnews.com\/static.foxnews.com\/foxnews.com\/content\/uploads\/2024\/10\/1862\/1046\/2024-10-02t142832z_1780340056_rc2ecaanyopd_rtrmadp_3_israel-palestinians-lebanon-un-scaled.jpg?ve=1&amp;tl=1 2x\" height=\"523\" width=\"931\"><source media=\"(min-width: 1280px)\" srcset=\"https:\/\/a57.foxnews.com\/static.foxnews.com\/foxnews.com\/content\/uploads\/2024\/10\/720\/405\/2024-10-02t142832z_1780340056_rc2ecaanyopd_rtrmadp_3_israel-palestinians-lebanon-un-scaled.jpg?ve=1&amp;tl=1, https:\/\/a57.foxnews.com\/static.foxnews.com\/foxnews.com\/content\/uploads\/2024\/10\/1440\/810\/2024-10-02t142832z_1780340056_rc2ecaanyopd_rtrmadp_3_israel-palestinians-lebanon-un-scaled.jpg?ve=1&amp;tl=1 2x\" height=\"405\" width=\"720\"><img loading=\"lazy\" decoding=\"async\" src=\"https:\/\/a57.foxnews.com\/static.foxnews.com\/foxnews.com\/content\/uploads\/2024\/10\/1200\/675\/2024-10-02t142832z_1780340056_rc2ecaanyopd_rtrmadp_3_israel-palestinians-lebanon-un-scaled.jpg?ve=1&amp;tl=1\" alt=\"Israel\u00ed Un embajador Danny Danon\" width=\"1200\" height=\"675\"\/><\/source><\/source><\/source><\/source><\/picture><\/div>\n<div class=\"info\">\n<div class=\"caption\">\n<p><span>El embajador de Israel, Danny Danon, habla con los miembros de los medios de comunicaci\u00f3n antes de la reuni\u00f3n del Consejo de Seguridad de las Naciones Unidas, luego de un ataque de misiles bal\u00edsticos contra Israel, en la sede de la ONU en la ciudad de Nueva York, el 2 de octubre de 2024. <\/span> <span>(Reuters \/ Stephen Spindel)<\/span><\/p>\n<\/div>\n<\/div>\n<\/div>\n<p><strong><u>Haga clic aqu\u00ed para obtener la aplicaci\u00f3n Fox News<\/u><\/strong><\/p>\n<p>Israel se opuso a la declaraci\u00f3n, mientras que Estados Unidos se mantuvo alejado de la conferencia, llam\u00e1ndola \u00abimproductiva y mal tiempo\u00bb.<\/p>\n<p>\u00abNo hay reconocimiento simb\u00f3lico y ninguna resoluci\u00f3n de la ONU cambiar\u00e1 el hecho b\u00e1sico de que hay aquellos en el mundo que luchan contra los terroristas y las fuerzas extremistas y luego hay quienes hacen la vista gorda hacia ellos o recurren al apaciguamiento\u00bb, dijo el embajador de la ONU israel\u00ed, Danny Danon, en un comunicado.<\/p>\n<p>El portavoz del Departamento de Estado, Tammy Bruce, dijo que la conferencia era un \u00abtruco publicitario\u00bb que \u00abprolongar\u00eda la guerra, envalentonaba a Hamas y recompens\u00f3 su obstrucci\u00f3n y socavaba los esfuerzos del mundo real para lograr la paz.<\/p>\n<p> <!----> <\/p>\n<div class=\"article-meta\">\n<div class=\"author-bio\">\n<p>Rachel Wolf es una escritora de noticias de Fox News Digital y Fox Business.<\/p>\n<\/div>\n<\/div>\n<\/div>\n\n","protected":false},"excerpt":{"rendered":"<p>NUEVO\u00a1Ahora puedes escuchar art\u00edculos de Fox News! El presidente Donald Trump llev\u00f3 el jueves a Truth Social con un mensaje severo sobre Hamas, los rehenes restantes y la crisis que se desarrolla en Gaza. \u00ab\u00a1La forma m\u00e1s r\u00e1pida de poner fin a las crisis humanitarias en Gaza es que Hamas se rinda y libere a &hellip;<\/p>\n","protected":false},"author":1,"featured_media":38350,"comment_status":"open","ping_status":"open","sticky":false,"template":"","format":"standard","meta":{"fifu_image_url":"https:\/\/static.foxnews.com\/foxnews.com\/content\/uploads\/2025\/07\/trump-and-netanyahu.jpg","fifu_image_alt":"","footnotes":""},"categories":[13],"tags":[],"class_list":["post-38348","post","type-post","status-publish","format-standard","has-post-thumbnail","","category-mundo"],"_links":{"self":[{"href":"https:\/\/noticiasveraces.com\/index.php?rest_route=\/wp\/v2\/posts\/38348","targetHints":{"allow":["GET"]}}],"collection":[{"href":"https:\/\/noticiasveraces.com\/index.php?rest_route=\/wp\/v2\/posts"}],"about":[{"href":"https:\/\/noticiasveraces.com\/index.php?rest_route=\/wp\/v2\/types\/post"}],"author":[{"embeddable":true,"href":"https:\/\/noticiasveraces.com\/index.php?rest_route=\/wp\/v2\/users\/1"}],"replies":[{"embeddable":true,"href":"https:\/\/noticiasveraces.com\/index.php?rest_route=%2Fwp%2Fv2%2Fcomments&post=38348"}],"version-history":[{"count":0,"href":"https:\/\/noticiasveraces.com\/index.php?rest_route=\/wp\/v2\/posts\/38348\/revisions"}],"wp:featuredmedia":[{"embeddable":true,"href":"https:\/\/noticiasveraces.com\/index.php?rest_route=\/wp\/v2\/media\/38350"}],"wp:attachment":[{"href":"https:\/\/noticiasveraces.com\/index.php?rest_route=%2Fwp%2Fv2%2Fmedia&parent=38348"}],"wp:term":[{"taxonomy":"category","embeddable":true,"href":"https:\/\/noticiasveraces.com\/index.php?rest_route=%2Fwp%2Fv2%2Fcategories&post=38348"},{"taxonomy":"post_tag","embeddable":true,"href":"https:\/\/noticiasveraces.com\/index.php?rest_route=%2Fwp%2Fv2%2Ftags&post=38348"}],"curies":[{"name":"wp","href":"https:\/\/api.w.org\/{rel}","templated":true}]}}