{"id":38318,"date":"2025-07-31T06:37:30","date_gmt":"2025-07-31T10:37:30","guid":{"rendered":"https:\/\/noticiasveraces.com\/?p=38318"},"modified":"2025-07-31T06:37:30","modified_gmt":"2025-07-31T10:37:30","slug":"caqueret-futbolista-del-como-sufre-un-accidente-de-trafico-contra-un-autobus","status":"publish","type":"post","link":"https:\/\/noticiasveraces.com\/?p=38318","title":{"rendered":"Caqueret, futbolista del Como, sufre un accidente de tr\u00e1fico contra un autob\u00fas"},"content":{"rendered":"<p> \n<\/p>\n<div>\n<p data-mrf-recirculation=\"Links P\u00e1rrafos\" class=\"ue-c-article__paragraph paragraph ue-c-article--first-letter-highlighted\">Esta ma\u00f1ana, cerca de las 7:00 horas,<strong> Maxence Caqueret <\/strong>perdi\u00f3 el control de su todoterreno mientras conduc\u00eda por las calles de San Fermo della Battaglia (localidad cercana a Como)\u00a0y acab\u00f3 impactando contra un autob\u00fas. <strong>El jugador de 25 a\u00f1os result\u00f3 ileso y tampoco hubo heridos en el transporte p\u00fablico<\/strong>mientras que el veh\u00edculo qued\u00f3 visiblemente da\u00f1ado.<\/p>\n<p data-mrf-recirculation=\"Links P\u00e1rrafos\" class=\"ue-c-article__paragraph paragraph\">El galo <strong>lleg\u00f3 al conjunto italiano en enero de este a\u00f1o<\/strong> procedente del Lyon. Tras terminar la campa\u00f1a, los de Cesc F\u00e0bregas est\u00e1n firmando una pretemporada con pleno de victorias. Vienen de vencer la Como Cup con un contundente 3-0 frente al Ajax. As\u00ed pues, <strong>el cuadro transalpino se preparaba para viajar a Marbella<\/strong>donde jugar\u00e1n sus dos pr\u00f3ximos amistosos (ante el Betis el 6 de agosto y contra el Bar\u00e7a el 10\u00a0 del mismo mes para disputar el Gamper). <\/p>\n<figure class=\"ue-c-article__media ue-c-article__media--image\">\n<div class=\"ue-c-article__media-img-container ue-l-article--expand-edge-right-until-tablet ue-l-article--expand-edge-left-until-tablet\"><picture><source type=\"image\/webp\" sizes=\"(min-width: 1010px) 660px, (min-width: 980px) calc(100vw - 350px), (min-width: 740px) calc(100vw - 320px), 100vw\" srcset=\"https:\/\/e00-xlk-ue-marca.uecdn.es\/files\/article_360_widen_webp\/uploads\/2025\/07\/30\/688a5257c7802.webp 360w,https:\/\/e00-xlk-ue-marca.uecdn.es\/files\/article_375_widen_webp\/uploads\/2025\/07\/30\/688a5257c7802.webp 375w,https:\/\/e00-xlk-ue-marca.uecdn.es\/files\/article_414_widen_webp\/uploads\/2025\/07\/30\/688a5257c7802.webp 414w,https:\/\/e00-xlk-ue-marca.uecdn.es\/files\/article_660_widen_webp\/uploads\/2025\/07\/30\/688a5257c7802.webp 660w,https:\/\/e00-xlk-ue-marca.uecdn.es\/files\/article_720_widen_webp\/uploads\/2025\/07\/30\/688a5257c7802.webp 720w,https:\/\/e00-xlk-ue-marca.uecdn.es\/files\/article_750_widen_webp\/uploads\/2025\/07\/30\/688a5257c7802.webp 750w,https:\/\/e00-xlk-ue-marca.uecdn.es\/files\/article_828_widen_webp\/uploads\/2025\/07\/30\/688a5257c7802.webp 828w,https:\/\/e00-xlk-ue-marca.uecdn.es\/files\/article_1320_widen_webp\/uploads\/2025\/07\/30\/688a5257c7802.webp 1320w\"><source type=\"image\/jpeg\" sizes=\"(min-width: 1010px) 660px, (min-width: 980px) calc(100vw - 350px), (min-width: 740px) calc(100vw - 320px), 100vw\" srcset=\"https:\/\/e00-xlk-ue-marca.uecdn.es\/files\/article_360_widen\/uploads\/2025\/07\/30\/688a5257c7802.jpeg 360w,https:\/\/e00-xlk-ue-marca.uecdn.es\/files\/article_375_widen\/uploads\/2025\/07\/30\/688a5257c7802.jpeg 375w,https:\/\/e00-xlk-ue-marca.uecdn.es\/files\/article_414_widen\/uploads\/2025\/07\/30\/688a5257c7802.jpeg 414w,https:\/\/e00-xlk-ue-marca.uecdn.es\/files\/article_660_widen\/uploads\/2025\/07\/30\/688a5257c7802.jpeg 660w,https:\/\/e00-xlk-ue-marca.uecdn.es\/files\/article_720_widen\/uploads\/2025\/07\/30\/688a5257c7802.jpeg 720w,https:\/\/e00-xlk-ue-marca.uecdn.es\/files\/article_750_widen\/uploads\/2025\/07\/30\/688a5257c7802.jpeg 750w,https:\/\/e00-xlk-ue-marca.uecdn.es\/files\/article_828_widen\/uploads\/2025\/07\/30\/688a5257c7802.jpeg 828w,https:\/\/e00-xlk-ue-marca.uecdn.es\/files\/article_1320_widen\/uploads\/2025\/07\/30\/688a5257c7802.jpeg 1320w\"><img decoding=\"async\" width=\"1980\" height=\"1320\" class=\"ue-c-article__image lazyload\" alt=\"Caqueret en un encuentro con el Como\" loading=\"lazy\" src=\"https:\/\/e00-xlk-ue-marca.uecdn.es\/uploads\/2025\/07\/30\/688a5257c7802.jpeg\"\/><\/source><\/source><\/picture><\/div><figcaption class=\"ue-c-article__media-caption\">\n<p><span class=\"ue-c-article__media-description\">Caqueret en un encuentro con el Como<\/span><\/p>\n<\/figcaption><\/figure>\n<p data-mrf-recirculation=\"Links P\u00e1rrafos\" class=\"ue-c-article__paragraph paragraph\">De esta forma, estaba planeado que, <strong>este mismo d\u00eda, el franc\u00e9s se uniese a la expedici\u00f3n<\/strong> para trasladarse a Espa\u00f1a; por lo que <strong>es una inc\u00f3gnita si viajar\u00e1 hoy o en los pr\u00f3ximos d\u00edas.<\/strong> Adem\u00e1s, se cree que la causa del accidente fue que la carretera estaba mojada, pero la polic\u00eda investigar\u00e1 el suceso.<\/p>\n<p data-mrf-recirculation=\"Links P\u00e1rrafos\" class=\"ue-c-article__paragraph paragraph\">Desde que Caqueret lleg\u00f3 al equipo dirigido por Cesc\u00a0F\u00e0bregas por 15 millones de euros, ha sido una <strong>pieza importante en la plantilla<\/strong>. En Serie A ha disputado 18 encuentros, 15 de ellos como titular, en los que ha sumado<strong> dos goles y tres asistencias.<\/strong> Por parte de su club, ha sido <strong>una de las revelaciones en Italia. <\/strong>Acab\u00f3 en d\u00e9cima posici\u00f3n tras ascender en la temporada 2023-24. Ahora, ha reforzado su plantilla a lo grande, siendo el equipo que m\u00e1s ha gastado en el pa\u00eds transalpino (101,5 millones de euros).<\/p>\n<\/div>\n\n","protected":false},"excerpt":{"rendered":"<p>Esta ma\u00f1ana, cerca de las 7:00 horas, Maxence Caqueret perdi\u00f3 el control de su todoterreno mientras conduc\u00eda por las calles de San Fermo della Battaglia (localidad cercana a Como)\u00a0y acab\u00f3 impactando contra un autob\u00fas. El jugador de 25 a\u00f1os result\u00f3 ileso y tampoco hubo heridos en el transporte p\u00fablicomientras que el veh\u00edculo qued\u00f3 visiblemente da\u00f1ado. &hellip;<\/p>\n","protected":false},"author":1,"featured_media":38320,"comment_status":"open","ping_status":"open","sticky":false,"template":"","format":"standard","meta":{"fifu_image_url":"https:\/\/e00-xlk-ue-marca.uecdn.es\/files\/phantom_desktop_1200w\/uploads\/2025\/07\/30\/688a4b478e487.jpeg","fifu_image_alt":"","footnotes":""},"categories":[6],"tags":[],"class_list":["post-38318","post","type-post","status-publish","format-standard","has-post-thumbnail","","category-deportes"],"_links":{"self":[{"href":"https:\/\/noticiasveraces.com\/index.php?rest_route=\/wp\/v2\/posts\/38318","targetHints":{"allow":["GET"]}}],"collection":[{"href":"https:\/\/noticiasveraces.com\/index.php?rest_route=\/wp\/v2\/posts"}],"about":[{"href":"https:\/\/noticiasveraces.com\/index.php?rest_route=\/wp\/v2\/types\/post"}],"author":[{"embeddable":true,"href":"https:\/\/noticiasveraces.com\/index.php?rest_route=\/wp\/v2\/users\/1"}],"replies":[{"embeddable":true,"href":"https:\/\/noticiasveraces.com\/index.php?rest_route=%2Fwp%2Fv2%2Fcomments&post=38318"}],"version-history":[{"count":0,"href":"https:\/\/noticiasveraces.com\/index.php?rest_route=\/wp\/v2\/posts\/38318\/revisions"}],"wp:featuredmedia":[{"embeddable":true,"href":"https:\/\/noticiasveraces.com\/index.php?rest_route=\/wp\/v2\/media\/38320"}],"wp:attachment":[{"href":"https:\/\/noticiasveraces.com\/index.php?rest_route=%2Fwp%2Fv2%2Fmedia&parent=38318"}],"wp:term":[{"taxonomy":"category","embeddable":true,"href":"https:\/\/noticiasveraces.com\/index.php?rest_route=%2Fwp%2Fv2%2Fcategories&post=38318"},{"taxonomy":"post_tag","embeddable":true,"href":"https:\/\/noticiasveraces.com\/index.php?rest_route=%2Fwp%2Fv2%2Ftags&post=38318"}],"curies":[{"name":"wp","href":"https:\/\/api.w.org\/{rel}","templated":true}]}}