{"id":38284,"date":"2025-07-31T00:54:30","date_gmt":"2025-07-31T04:54:30","guid":{"rendered":"https:\/\/noticiasveraces.com\/?p=38284"},"modified":"2025-07-31T00:54:30","modified_gmt":"2025-07-31T04:54:30","slug":"canada-planea-reconocer-el-estado-palestino-en-septiembre-el-primer-ministro-carney-dice","status":"publish","type":"post","link":"https:\/\/noticiasveraces.com\/?p=38284","title":{"rendered":"Canad\u00e1 planea reconocer el estado palestino en septiembre, el primer ministro Carney dice"},"content":{"rendered":"<p> \n<\/p>\n<div>\n<div id=\"beyondwords-wrapper\" class=\"beyondwords-wrapper\">\n<p><span class=\"label-bg\">NUEVO<\/span>\u00a1Ahora puedes escuchar art\u00edculos de Fox News!\n  <\/p>\n<\/div>\n<p class=\"speakable\">Canad\u00e1 planea reconocer a un estado palestino en septiembre durante una reuni\u00f3n de las Naciones Unidas, anunci\u00f3 el mi\u00e9rcoles el primer ministro canadiense Mark Carney.<\/p>\n<p class=\"speakable\">\u00abEstamos trabajando nosotros mismos, con otros, para preservar la posibilidad de una soluci\u00f3n de dos estados, para no permitir los hechos en el suelo, las muertes en el suelo, los asentamientos en el suelo, las expropiaciones en el suelo, para llegar a tal medida que esto no sea posible\u00bb, dijo Carney.<\/p>\n<p>Carney dijo que la medida estaba sujeta al compromiso de la Autoridad Palestina con las reformas, incluidos los compromisos de reformar su gobierno y celebrar elecciones generales el pr\u00f3ximo a\u00f1o en que Hamas \u00abno puede desempe\u00f1ar ning\u00fan papel\u00bb.<\/p>\n<p>Israel critic\u00f3 la posici\u00f3n de Carney, llam\u00e1ndolo una \u00abrecompensa por Hamas\u00bb que perjudica los esfuerzos para alcanzar un alto el fuego y liberar a los rehenes restantes que a\u00fan tienen el grupo terrorista despu\u00e9s de su ataque del 7 de octubre de 2023 contra el estado jud\u00edo.<\/p>\n<p><strong>Starmer dice que el Reino Unido reconoce el estado palestino si Israel no acepta el fuego, Hamas debe \u00abdesarmar\u00bb<\/strong><\/p>\n<div class=\"image-ct inline\">\n<div class=\"m\"><picture><source media=\"(max-width: 767px)\" srcset=\"https:\/\/a57.foxnews.com\/static.foxnews.com\/foxnews.com\/content\/uploads\/2025\/07\/343\/192\/carney.png?ve=1&amp;tl=1, https:\/\/a57.foxnews.com\/static.foxnews.com\/foxnews.com\/content\/uploads\/2025\/07\/686\/384\/carney.png?ve=1&amp;tl=1 2x\" height=\"192\" width=\"343\"><source media=\"(min-width: 768px) and (max-width: 1023px)\" srcset=\"https:\/\/a57.foxnews.com\/static.foxnews.com\/foxnews.com\/content\/uploads\/2025\/07\/672\/378\/carney.png?ve=1&amp;tl=1, https:\/\/a57.foxnews.com\/static.foxnews.com\/foxnews.com\/content\/uploads\/2025\/07\/1344\/756\/carney.png?ve=1&amp;tl=1 2x\" height=\"378\" width=\"672\"><source media=\"(min-width: 1024px) and (max-width: 1279px)\" srcset=\"https:\/\/a57.foxnews.com\/static.foxnews.com\/foxnews.com\/content\/uploads\/2025\/07\/931\/523\/carney.png?ve=1&amp;tl=1, https:\/\/a57.foxnews.com\/static.foxnews.com\/foxnews.com\/content\/uploads\/2025\/07\/1862\/1046\/carney.png?ve=1&amp;tl=1 2x\" height=\"523\" width=\"931\"><source media=\"(min-width: 1280px)\" srcset=\"https:\/\/a57.foxnews.com\/static.foxnews.com\/foxnews.com\/content\/uploads\/2025\/07\/720\/405\/carney.png?ve=1&amp;tl=1, https:\/\/a57.foxnews.com\/static.foxnews.com\/foxnews.com\/content\/uploads\/2025\/07\/1440\/810\/carney.png?ve=1&amp;tl=1 2x\" height=\"405\" width=\"720\"><img loading=\"lazy\" decoding=\"async\" src=\"https:\/\/a57.foxnews.com\/static.foxnews.com\/foxnews.com\/content\/uploads\/2025\/07\/1200\/675\/carney.png?ve=1&amp;tl=1\" alt=\"El primer ministro de Canad\u00e1 Mark Carney\" width=\"1200\" height=\"675\"\/><\/source><\/source><\/source><\/source><\/picture><\/div>\n<div class=\"info\">\n<div class=\"caption\">\n<p><span>Canad\u00e1 planea reconocer a un estado palestino en septiembre durante una reuni\u00f3n de las Naciones Unidas, dijo el primer ministro canadiense Mark Carney.<\/span> <span>(Reuters)<\/span><\/p>\n<\/div>\n<\/div>\n<\/div>\n<p>\u00abIsrael rechaza la declaraci\u00f3n del primer ministro de Canad\u00e1\u00bb, dijo el Ministerio de Relaciones Exteriores de Israel en un comunicado. \u00abEl cambio en la posici\u00f3n del gobierno canadiense en este momento es una recompensa para Hamas y perjudica los esfuerzos para lograr un alto el fuego en Gaza y un marco para la liberaci\u00f3n de los rehenes\u00bb.<\/p>\n<p>El anuncio de Carney se produjo despu\u00e9s de que Francia dijo la semana pasada que reconocer\u00eda a un estado palestino y un d\u00eda despu\u00e9s de que Gran Breta\u00f1a dijo que reconocer\u00eda al estado en la ONU si la guerra de Israel-Hamas en Gaza no se hubiera detenido para entonces.<\/p>\n<p>El presidente franc\u00e9s, Emmanuel Macron, quien habl\u00f3 con Carney antes del anuncio de Canad\u00e1, dijo que el reconocimiento de un estado palestino \u00abrevivir\u00e1 una perspectiva de paz en la regi\u00f3n\u00bb.<\/p>\n<p>Los anuncios de algunos de los aliados m\u00e1s cercanos de Israel reflejan la creciente indignaci\u00f3n internacional sobre la crisis humanitaria en Gaza, agregando m\u00e1s presi\u00f3n sobre el primer ministro israel\u00ed Benjamin Netanyahu y su gobierno.<\/p>\n<div class=\"image-ct inline\">\n<div class=\"m\"><picture><source media=\"(max-width: 767px)\" srcset=\"https:\/\/a57.foxnews.com\/static.foxnews.com\/foxnews.com\/content\/uploads\/2025\/07\/343\/192\/gazaaid.png?ve=1&amp;tl=1, https:\/\/a57.foxnews.com\/static.foxnews.com\/foxnews.com\/content\/uploads\/2025\/07\/686\/384\/gazaaid.png?ve=1&amp;tl=1 2x\" height=\"192\" width=\"343\"><source media=\"(min-width: 768px) and (max-width: 1023px)\" srcset=\"https:\/\/a57.foxnews.com\/static.foxnews.com\/foxnews.com\/content\/uploads\/2025\/07\/672\/378\/gazaaid.png?ve=1&amp;tl=1, https:\/\/a57.foxnews.com\/static.foxnews.com\/foxnews.com\/content\/uploads\/2025\/07\/1344\/756\/gazaaid.png?ve=1&amp;tl=1 2x\" height=\"378\" width=\"672\"><source media=\"(min-width: 1024px) and (max-width: 1279px)\" srcset=\"https:\/\/a57.foxnews.com\/static.foxnews.com\/foxnews.com\/content\/uploads\/2025\/07\/931\/523\/gazaaid.png?ve=1&amp;tl=1, https:\/\/a57.foxnews.com\/static.foxnews.com\/foxnews.com\/content\/uploads\/2025\/07\/1862\/1046\/gazaaid.png?ve=1&amp;tl=1 2x\" height=\"523\" width=\"931\"><source media=\"(min-width: 1280px)\" srcset=\"https:\/\/a57.foxnews.com\/static.foxnews.com\/foxnews.com\/content\/uploads\/2025\/07\/720\/405\/gazaaid.png?ve=1&amp;tl=1, https:\/\/a57.foxnews.com\/static.foxnews.com\/foxnews.com\/content\/uploads\/2025\/07\/1440\/810\/gazaaid.png?ve=1&amp;tl=1 2x\" height=\"405\" width=\"720\"><img loading=\"lazy\" decoding=\"async\" src=\"https:\/\/a57.foxnews.com\/static.foxnews.com\/foxnews.com\/content\/uploads\/2025\/07\/1200\/675\/gazaaid.png?ve=1&amp;tl=1\" alt=\"Los palestinos llevan suministros de ayuda\" width=\"1200\" height=\"675\"\/><\/source><\/source><\/source><\/source><\/picture><\/div>\n<div class=\"info\">\n<div class=\"caption\">\n<p><span>Los anuncios de algunos de los aliados m\u00e1s cercanos de Israel reflejan la creciente indignaci\u00f3n internacional sobre la crisis humanitaria en Gaza.<\/span> <span>(Reuters)<\/span><\/p>\n<\/div>\n<\/div>\n<\/div>\n<p>\u00abCanad\u00e1 condena el hecho de que el gobierno israel\u00ed ha permitido que una cat\u00e1strofe se desarrolle en Gaza\u00bb, dijo Carney.<\/p>\n<p>La Casa Blanca tambi\u00e9n se opone a la decisi\u00f3n de reconocer a un estado palestino, diciendo que el presidente Donald Trump est\u00e1 de acuerdo con Israel en que ser\u00eda \u00abrecompensar a Hamas\u00bb.<\/p>\n<p>\u00abComo declar\u00f3 el presidente, estar\u00eda recompensando a Hamas si reconoce a un estado palestino, y no cree que deban ser recompensados\u00bb, dijo un funcionario de la Casa Blanca. \u00abEntonces \u00e9l no va a hacer eso. El enfoque del presidente Trump es hacer que la gente se alimente [in Gaza]\u00bb<\/p>\n<p>El enviado especial de los Estados Unidos al Medio Oriente Steve Witkoff est\u00e1 programado para viajar a Israel el jueves para discutir la situaci\u00f3n en Gaza. Trump dijo esta semana que esperaba que los centros se establezcan para alimentar a m\u00e1s personas en el \u00e1rea.<\/p>\n<p><strong>El enviado antisemitismo de Canad\u00e1 renuncia, citando el agotamiento en medio de la oleada de odio<\/strong><\/p>\n<div class=\"image-ct inline\">\n<div class=\"m\"><picture><source media=\"(max-width: 767px)\" srcset=\"https:\/\/a57.foxnews.com\/static.foxnews.com\/foxnews.com\/content\/uploads\/2025\/07\/343\/192\/gaza.png?ve=1&amp;tl=1, https:\/\/a57.foxnews.com\/static.foxnews.com\/foxnews.com\/content\/uploads\/2025\/07\/686\/384\/gaza.png?ve=1&amp;tl=1 2x\" height=\"192\" width=\"343\"><source media=\"(min-width: 768px) and (max-width: 1023px)\" srcset=\"https:\/\/a57.foxnews.com\/static.foxnews.com\/foxnews.com\/content\/uploads\/2025\/07\/672\/378\/gaza.png?ve=1&amp;tl=1, https:\/\/a57.foxnews.com\/static.foxnews.com\/foxnews.com\/content\/uploads\/2025\/07\/1344\/756\/gaza.png?ve=1&amp;tl=1 2x\" height=\"378\" width=\"672\"><source media=\"(min-width: 1024px) and (max-width: 1279px)\" srcset=\"https:\/\/a57.foxnews.com\/static.foxnews.com\/foxnews.com\/content\/uploads\/2025\/07\/931\/523\/gaza.png?ve=1&amp;tl=1, https:\/\/a57.foxnews.com\/static.foxnews.com\/foxnews.com\/content\/uploads\/2025\/07\/1862\/1046\/gaza.png?ve=1&amp;tl=1 2x\" height=\"523\" width=\"931\"><source media=\"(min-width: 1280px)\" srcset=\"https:\/\/a57.foxnews.com\/static.foxnews.com\/foxnews.com\/content\/uploads\/2025\/07\/720\/405\/gaza.png?ve=1&amp;tl=1, https:\/\/a57.foxnews.com\/static.foxnews.com\/foxnews.com\/content\/uploads\/2025\/07\/1440\/810\/gaza.png?ve=1&amp;tl=1 2x\" height=\"405\" width=\"720\"><img loading=\"lazy\" decoding=\"async\" src=\"https:\/\/a57.foxnews.com\/static.foxnews.com\/foxnews.com\/content\/uploads\/2025\/07\/1200\/675\/gaza.png?ve=1&amp;tl=1\" alt=\"Gaza\" width=\"1200\" height=\"675\"\/><\/source><\/source><\/source><\/source><\/picture><\/div>\n<div class=\"info\">\n<div class=\"caption\">\n<p><span>Israel critic\u00f3 la posici\u00f3n de Canad\u00e1, llam\u00e1ndolo una \u00abrecompensa por Hamas\u00bb que perjudica los esfuerzos para alcanzar un alto el fuego y liberar a los rehenes restantes.<\/span> <span>(Reuters)<\/span><\/p>\n<\/div>\n<\/div>\n<\/div>\n<p><strong><u>Haga clic aqu\u00ed para obtener la aplicaci\u00f3n Fox News<\/u><\/strong><\/p>\n<p>El gobierno palestino ha sido un estado observador no miembro del estado de la Asamblea General de la ONU desde 2012, reconocido por m\u00e1s de las tres cuartas partes de los 193 estados miembros de la Asamblea.<\/p>\n<p>La guerra en Gaza comenz\u00f3 con el ataque del 7 de octubre de 2023 de Hamas contra Israel en el que mataron aproximadamente 1.200 personas y otras 251 fueron secuestradas, informaron funcionarios israel\u00edes.<\/p>\n<p>Israel respondi\u00f3 con una ofensiva militar en curso en la Franja de Gaza, matando a m\u00e1s de 60,000 personas, seg\u00fan el Ministerio de Salud Gaza del gobierno dirigido por Hamas.<\/p>\n<p><i>Reuters contribuy\u00f3 a este informe.<\/i><\/p>\n<p> <!----> <\/div>\n\n","protected":false},"excerpt":{"rendered":"<p>NUEVO\u00a1Ahora puedes escuchar art\u00edculos de Fox News! Canad\u00e1 planea reconocer a un estado palestino en septiembre durante una reuni\u00f3n de las Naciones Unidas, anunci\u00f3 el mi\u00e9rcoles el primer ministro canadiense Mark Carney. \u00abEstamos trabajando nosotros mismos, con otros, para preservar la posibilidad de una soluci\u00f3n de dos estados, para no permitir los hechos en el &hellip;<\/p>\n","protected":false},"author":1,"featured_media":38286,"comment_status":"open","ping_status":"open","sticky":false,"template":"","format":"standard","meta":{"fifu_image_url":"https:\/\/static.foxnews.com\/foxnews.com\/content\/uploads\/2025\/07\/carney.png","fifu_image_alt":"","footnotes":""},"categories":[13],"tags":[],"class_list":["post-38284","post","type-post","status-publish","format-standard","has-post-thumbnail","","category-mundo"],"_links":{"self":[{"href":"https:\/\/noticiasveraces.com\/index.php?rest_route=\/wp\/v2\/posts\/38284","targetHints":{"allow":["GET"]}}],"collection":[{"href":"https:\/\/noticiasveraces.com\/index.php?rest_route=\/wp\/v2\/posts"}],"about":[{"href":"https:\/\/noticiasveraces.com\/index.php?rest_route=\/wp\/v2\/types\/post"}],"author":[{"embeddable":true,"href":"https:\/\/noticiasveraces.com\/index.php?rest_route=\/wp\/v2\/users\/1"}],"replies":[{"embeddable":true,"href":"https:\/\/noticiasveraces.com\/index.php?rest_route=%2Fwp%2Fv2%2Fcomments&post=38284"}],"version-history":[{"count":0,"href":"https:\/\/noticiasveraces.com\/index.php?rest_route=\/wp\/v2\/posts\/38284\/revisions"}],"wp:featuredmedia":[{"embeddable":true,"href":"https:\/\/noticiasveraces.com\/index.php?rest_route=\/wp\/v2\/media\/38286"}],"wp:attachment":[{"href":"https:\/\/noticiasveraces.com\/index.php?rest_route=%2Fwp%2Fv2%2Fmedia&parent=38284"}],"wp:term":[{"taxonomy":"category","embeddable":true,"href":"https:\/\/noticiasveraces.com\/index.php?rest_route=%2Fwp%2Fv2%2Fcategories&post=38284"},{"taxonomy":"post_tag","embeddable":true,"href":"https:\/\/noticiasveraces.com\/index.php?rest_route=%2Fwp%2Fv2%2Ftags&post=38284"}],"curies":[{"name":"wp","href":"https:\/\/api.w.org\/{rel}","templated":true}]}}