{"id":38269,"date":"2025-07-30T21:51:14","date_gmt":"2025-07-31T01:51:14","guid":{"rendered":"https:\/\/noticiasveraces.com\/?p=38269"},"modified":"2025-07-30T21:51:14","modified_gmt":"2025-07-31T01:51:14","slug":"poder-judicial-no-se-curvara-por-presion-de-trump-dw-31-07-2025","status":"publish","type":"post","link":"https:\/\/noticiasveraces.com\/?p=38269","title":{"rendered":"Poder Judicial \u00abno se curvar\u00e1\u00bb por presi\u00f3n de Trump \u2013 DW \u2013 31\/07\/2025"},"content":{"rendered":"<p> \n<\/p>\n<div data-tracking-name=\"rich-text\" data-tracking-skip=\"true\">\n<p>El canciller de Brasil, Mauro Vieira, afirm\u00f3 este mi\u00e9rcoles (30.07.2025) que el Poder Judicial de su pa\u00eds \u00abno se curvar\u00e1 ante las presiones externas\u00bb y que su Gobierno \u00abse reserva el derecho a responder\u00bb a las sanciones de EE.UU. contra un magistrado de la Corte Suprema.<\/p>\n<p>Vieira declar\u00f3 ante los medios de comunicaci\u00f3n que se reuni\u00f3 con su hom\u00f3logo estadounidense, Marco Rubio, en Washington y que durante el encuentro defendi\u00f3 la \u00abindependencia\u00bb del Poder Judicial, tras la decisi\u00f3n del Gobierno de Donald Trump de aplicar nuevas sanciones al juez Alexandre de Moraes.<\/p>\n<p>Asimismo, el canciller dijo que ambos funcionarios estuvieron de acuerdo en \u00abla necesidad de mantener el di\u00e1logo\u00bb para \u00abresolver\u00bb la crisis bilateral.<\/p>\n<p>Vieira afirm\u00f3 que tiene previsto volver a Brasil este mismo mi\u00e9rcoles y que informar\u00e1 al presidente Luiz In\u00e1cio Lula da Silva sobre los resultados de las conversaciones con funcionarios estadounidenses para luego \u00abdefinir\u00bb una respuesta.<\/p>\n<h2>Argumentos de Trump<\/h2>\n<p>El encuentro entre los dos cancilleres es la reuni\u00f3n en persona de mayor nivel realizada entre representantes de ambos pa\u00edses desde que escalaran las tensiones por los ataques de Trump al Poder Judicial de Brasil.<\/p>\n<p>Seg\u00fan el Gobierno de Trump, De Moraes, a quien ya se le hab\u00eda prohibido entrar en territorio estadounidense, viola los derechos humanos con sus \u00f3rdenes para retirar publicaciones en redes sociales con mensajes antidemocr\u00e1ticos.<\/p>\n<p>Adem\u00e1s, el l\u00edder norteamericano le acusa de \u00abperseguir\u00bb al exmandatario brasile\u00f1o Jair Bolsonaro, un aliado suyo que est\u00e1 siendo juzgado por intentar dar un golpe de Estado para mantenerse en el poder tras la derrota electoral de 2022.<\/p>\n<p>Trump tambi\u00e9n ha usado estos argumentos para justificar la imposici\u00f3n de un arancel del 50 % sobre una parte de las importaciones brasile\u00f1as.<\/p>\n<p>La Corte Suprema de Brasil, por su parte, destac\u00f3 en un comunicado que hay \u00abindicios graves\u00bb contra Bolsonaro, a quien garantiz\u00f3 un \u00abjuicio justo\u00bb.<\/p>\n<p>MG (Efe, Brasiliense Mail)<\/p>\n<\/p>\n<\/div>\n\n","protected":false},"excerpt":{"rendered":"<p>El canciller de Brasil, Mauro Vieira, afirm\u00f3 este mi\u00e9rcoles (30.07.2025) que el Poder Judicial de su pa\u00eds \u00abno se curvar\u00e1 ante las presiones externas\u00bb y que su Gobierno \u00abse reserva el derecho a responder\u00bb a las sanciones de EE.UU. contra un magistrado de la Corte Suprema. Vieira declar\u00f3 ante los medios de comunicaci\u00f3n que se &hellip;<\/p>\n","protected":false},"author":1,"featured_media":38270,"comment_status":"open","ping_status":"open","sticky":false,"template":"","format":"standard","meta":{"fifu_image_url":"https:\/\/static.dw.com\/image\/68973541_6.jpg","fifu_image_alt":"","footnotes":""},"categories":[13],"tags":[],"class_list":["post-38269","post","type-post","status-publish","format-standard","has-post-thumbnail","","category-mundo"],"_links":{"self":[{"href":"https:\/\/noticiasveraces.com\/index.php?rest_route=\/wp\/v2\/posts\/38269","targetHints":{"allow":["GET"]}}],"collection":[{"href":"https:\/\/noticiasveraces.com\/index.php?rest_route=\/wp\/v2\/posts"}],"about":[{"href":"https:\/\/noticiasveraces.com\/index.php?rest_route=\/wp\/v2\/types\/post"}],"author":[{"embeddable":true,"href":"https:\/\/noticiasveraces.com\/index.php?rest_route=\/wp\/v2\/users\/1"}],"replies":[{"embeddable":true,"href":"https:\/\/noticiasveraces.com\/index.php?rest_route=%2Fwp%2Fv2%2Fcomments&post=38269"}],"version-history":[{"count":0,"href":"https:\/\/noticiasveraces.com\/index.php?rest_route=\/wp\/v2\/posts\/38269\/revisions"}],"wp:featuredmedia":[{"embeddable":true,"href":"https:\/\/noticiasveraces.com\/index.php?rest_route=\/wp\/v2\/media\/38270"}],"wp:attachment":[{"href":"https:\/\/noticiasveraces.com\/index.php?rest_route=%2Fwp%2Fv2%2Fmedia&parent=38269"}],"wp:term":[{"taxonomy":"category","embeddable":true,"href":"https:\/\/noticiasveraces.com\/index.php?rest_route=%2Fwp%2Fv2%2Fcategories&post=38269"},{"taxonomy":"post_tag","embeddable":true,"href":"https:\/\/noticiasveraces.com\/index.php?rest_route=%2Fwp%2Fv2%2Ftags&post=38269"}],"curies":[{"name":"wp","href":"https:\/\/api.w.org\/{rel}","templated":true}]}}