{"id":38257,"date":"2025-07-30T18:47:42","date_gmt":"2025-07-30T22:47:42","guid":{"rendered":"https:\/\/noticiasveraces.com\/?p=38257"},"modified":"2025-07-30T18:47:42","modified_gmt":"2025-07-30T22:47:42","slug":"familias-de-rehenes-de-gaza-se-oponen-al-reino-unido-planes-de-estadidad-palestina-de-francia","status":"publish","type":"post","link":"https:\/\/noticiasveraces.com\/?p=38257","title":{"rendered":"Familias de rehenes de Gaza se oponen al Reino Unido, Planes de estadidad palestina de Francia"},"content":{"rendered":"<p> \n<\/p>\n<div>\n<div id=\"beyondwords-wrapper\" class=\"beyondwords-wrapper\">\n<p><span class=\"label-bg\">NUEVO<\/span>\u00a1Ahora puedes escuchar art\u00edculos de Fox News!\n  <\/p>\n<\/div>\n<p class=\"speakable\">Familias de rehenes celebrados en Gaza, junto con un cautivo liberado, est\u00e1n volando a Gran Breta\u00f1a, Francia y otras naciones por decidir reconocer a un estado palestino, advirtiendo que estos pasos recompensan a los terroristas de Hamas, mientras que docenas de rehenes permanecen atrapados bajo tierra.<\/p>\n<p class=\"speakable\">La reacci\u00f3n violenta se produjo despu\u00e9s de que el primer ministro brit\u00e1nico, Keir Starmer, anunci\u00f3 el martes que su gobierno reconocer\u00e1 formalmente a un estado palestino en la Asamblea General de las Naciones Unidas en septiembre a menos que Israel acepte un alto el fuego, permita una ayuda de la ONU y se comprometa a una soluci\u00f3n de dos estados.<\/p>\n<p>Emily Damari, una doble ciudadana brit\u00e1nica-israel\u00ed que sobrevivi\u00f3 al cautiverio de Hamas, publicado en X, \u00abcomo una doble ciudadana brit\u00e1nica-israel\u00ed que sobrevivi\u00f3 471 d\u00edas en el cautiverio de Hamas, estoy profundamente triste por su decisi\u00f3n Keir Starmer para reconocer el estado palestino. Este movimiento no avanza la paz: los riesgos de los riesgos recompensan el terror.<\/p>\n<p><strong>Starmer dice que el Reino Unido reconoce el estado palestino si Israel no acepta el fuego, Hamas debe \u00abdesarmar\u00bb<\/strong><\/p>\n<div class=\"image-ct inline\">\n<div class=\"m\"><picture><source media=\"(max-width: 767px)\" srcset=\"https:\/\/a57.foxnews.com\/static.foxnews.com\/foxnews.com\/content\/uploads\/2025\/01\/343\/192\/emily-damari.jpg?ve=1&amp;tl=1, https:\/\/a57.foxnews.com\/static.foxnews.com\/foxnews.com\/content\/uploads\/2025\/01\/686\/384\/emily-damari.jpg?ve=1&amp;tl=1 2x\" height=\"192\" width=\"343\"><source media=\"(min-width: 768px) and (max-width: 1023px)\" srcset=\"https:\/\/a57.foxnews.com\/static.foxnews.com\/foxnews.com\/content\/uploads\/2025\/01\/672\/378\/emily-damari.jpg?ve=1&amp;tl=1, https:\/\/a57.foxnews.com\/static.foxnews.com\/foxnews.com\/content\/uploads\/2025\/01\/1344\/756\/emily-damari.jpg?ve=1&amp;tl=1 2x\" height=\"378\" width=\"672\"><source media=\"(min-width: 1024px) and (max-width: 1279px)\" srcset=\"https:\/\/a57.foxnews.com\/static.foxnews.com\/foxnews.com\/content\/uploads\/2025\/01\/931\/523\/emily-damari.jpg?ve=1&amp;tl=1, https:\/\/a57.foxnews.com\/static.foxnews.com\/foxnews.com\/content\/uploads\/2025\/01\/1862\/1046\/emily-damari.jpg?ve=1&amp;tl=1 2x\" height=\"523\" width=\"931\"><source media=\"(min-width: 1280px)\" srcset=\"https:\/\/a57.foxnews.com\/static.foxnews.com\/foxnews.com\/content\/uploads\/2025\/01\/720\/405\/emily-damari.jpg?ve=1&amp;tl=1, https:\/\/a57.foxnews.com\/static.foxnews.com\/foxnews.com\/content\/uploads\/2025\/01\/1440\/810\/emily-damari.jpg?ve=1&amp;tl=1 2x\" height=\"405\" width=\"720\"><img loading=\"lazy\" decoding=\"async\" src=\"https:\/\/a57.foxnews.com\/static.foxnews.com\/foxnews.com\/content\/uploads\/2025\/01\/1200\/675\/emily-damari.jpg?ve=1&amp;tl=1\" alt=\"Emily Damari lanzado\" width=\"1200\" height=\"675\"\/><\/source><\/source><\/source><\/source><\/picture><\/div>\n<div class=\"info\">\n<div class=\"caption\">\n<p><span>Emily Damari, derecha, y su madre Mandy son vistas cerca de Kibbutz Reim, sur de Israel despu\u00e9s de que Emily fue liberada del cautiverio por los terroristas de Hamas en Gaza, el domingo 19 de enero.<\/span> <span>(AP\/Ej\u00e9rcito israel\u00ed)<\/span><\/p>\n<\/div>\n<\/div>\n<\/div>\n<p>\u00abAl legitimar una entidad estatal mientras Hamas todav\u00eda controla a Gaza y contin\u00faa su campa\u00f1a de terror, no est\u00e1 promoviendo una soluci\u00f3n; est\u00e1 prolongando el conflicto. El reconocimiento bajo estas condiciones envalentona a los extremistas y socava cualquier esperanza de una paz genuina. Verg\u00fcenza sobre usted\u00bb, escribi\u00f3 Damari.<\/p>\n<p>Los rehenes y el foro de familias desaparecidas, que representan a familiares de personas que a\u00fan se celebran en Gaza, tambi\u00e9n criticaron los anuncios.<\/p>\n<p>\u00abRecientemente, hemos visto un aumento en las iniciativas que piden el reconocimiento unilateral de un estado palestino: todo, mientras que 50 rehenes han sido cautivos por Hamas durante 663 d\u00edas. Reconocer un estado palestino, mientras que 50 rehenes permanecen atrapados en los t\u00faneles de Hamas equivalen a terrorismo recompensador.<\/p>\n<div class=\"image-ct inline\">\n<div class=\"m\"><picture><source media=\"(max-width: 767px)\" srcset=\"https:\/\/a57.foxnews.com\/static.foxnews.com\/foxnews.com\/content\/uploads\/2025\/02\/343\/192\/hamas-fighters.png?ve=1&amp;tl=1, https:\/\/a57.foxnews.com\/static.foxnews.com\/foxnews.com\/content\/uploads\/2025\/02\/686\/384\/hamas-fighters.png?ve=1&amp;tl=1 2x\" height=\"192\" width=\"343\"><source media=\"(min-width: 768px) and (max-width: 1023px)\" srcset=\"https:\/\/a57.foxnews.com\/static.foxnews.com\/foxnews.com\/content\/uploads\/2025\/02\/672\/378\/hamas-fighters.png?ve=1&amp;tl=1, https:\/\/a57.foxnews.com\/static.foxnews.com\/foxnews.com\/content\/uploads\/2025\/02\/1344\/756\/hamas-fighters.png?ve=1&amp;tl=1 2x\" height=\"378\" width=\"672\"><source media=\"(min-width: 1024px) and (max-width: 1279px)\" srcset=\"https:\/\/a57.foxnews.com\/static.foxnews.com\/foxnews.com\/content\/uploads\/2025\/02\/931\/523\/hamas-fighters.png?ve=1&amp;tl=1, https:\/\/a57.foxnews.com\/static.foxnews.com\/foxnews.com\/content\/uploads\/2025\/02\/1862\/1046\/hamas-fighters.png?ve=1&amp;tl=1 2x\" height=\"523\" width=\"931\"><source media=\"(min-width: 1280px)\" srcset=\"https:\/\/a57.foxnews.com\/static.foxnews.com\/foxnews.com\/content\/uploads\/2025\/02\/720\/405\/hamas-fighters.png?ve=1&amp;tl=1, https:\/\/a57.foxnews.com\/static.foxnews.com\/foxnews.com\/content\/uploads\/2025\/02\/1440\/810\/hamas-fighters.png?ve=1&amp;tl=1 2x\" height=\"405\" width=\"720\"><img loading=\"lazy\" decoding=\"async\" src=\"https:\/\/a57.foxnews.com\/static.foxnews.com\/foxnews.com\/content\/uploads\/2025\/02\/1200\/675\/hamas-fighters.png?ve=1&amp;tl=1\" alt=\"luchadores de Hamas\" width=\"1200\" height=\"675\"\/><\/source><\/source><\/source><\/source><\/picture><\/div>\n<div class=\"info\">\n<div class=\"caption\">\n<p><span>Los terroristas de Hamas est\u00e1n en formaci\u00f3n mientras los palestinos se re\u00fanen en una calle para ver la entrega de tres rehenes israel\u00edes de un equipo de la Cruz Roja en Deir El-Balah, Central Gaza, el 8 de febrero de 2025<\/span> <span>(Majdi Fathi\/Nurphoto a trav\u00e9s de Getty Images)<\/span><\/p>\n<\/div>\n<\/div>\n<\/div>\n<p>\u00abEl secuestro de hombres, mujeres y ni\u00f1os, que est\u00e1n siendo retenidos contra su voluntad en t\u00faneles mientras est\u00e1n sujetos a hambre y abuso f\u00edsico y psicol\u00f3gico, no pueden y no deben servir como base para establecer un estado. Si la comunidad internacional realmente desea la paz, debe unirse a los esfuerzos de nosotros exigiendo primero la liberaci\u00f3n de todos los hostios, seguido por un final\u00bb.<\/p>\n<p><strong>Desde Gaza hasta Groenlandia, Macron rompe con Trump en Flashpoints globales<\/strong><\/p>\n<p>El martes, Starmer anunci\u00f3 sus intenciones. \u00abPuedo confirmar que el Reino Unido reconocer\u00e1 el estado de Palestina por parte de la Asamblea General de las Naciones Unidas (UNGA) en septiembre, a menos que el gobierno israel\u00ed tome medidas sustantivas para poner fin a la terrible situaci\u00f3n en Gaza, acepta un alto el fuego y se compromete a una paz sostenible a largo plazo, reviviendo la perspectiva de una soluci\u00f3n de dos estados\u00bb. <\/p>\n<div class=\"image-ct inline\">\n<div class=\"m\"><picture><source media=\"(max-width: 767px)\" srcset=\"https:\/\/a57.foxnews.com\/static.foxnews.com\/foxnews.com\/content\/uploads\/2025\/05\/343\/192\/hostage-appeal.jpg?ve=1&amp;tl=1, https:\/\/a57.foxnews.com\/static.foxnews.com\/foxnews.com\/content\/uploads\/2025\/05\/686\/384\/hostage-appeal.jpg?ve=1&amp;tl=1 2x\" height=\"192\" width=\"343\"><source media=\"(min-width: 768px) and (max-width: 1023px)\" srcset=\"https:\/\/a57.foxnews.com\/static.foxnews.com\/foxnews.com\/content\/uploads\/2025\/05\/672\/378\/hostage-appeal.jpg?ve=1&amp;tl=1, https:\/\/a57.foxnews.com\/static.foxnews.com\/foxnews.com\/content\/uploads\/2025\/05\/1344\/756\/hostage-appeal.jpg?ve=1&amp;tl=1 2x\" height=\"378\" width=\"672\"><source media=\"(min-width: 1024px) and (max-width: 1279px)\" srcset=\"https:\/\/a57.foxnews.com\/static.foxnews.com\/foxnews.com\/content\/uploads\/2025\/05\/931\/523\/hostage-appeal.jpg?ve=1&amp;tl=1, https:\/\/a57.foxnews.com\/static.foxnews.com\/foxnews.com\/content\/uploads\/2025\/05\/1862\/1046\/hostage-appeal.jpg?ve=1&amp;tl=1 2x\" height=\"523\" width=\"931\"><source media=\"(min-width: 1280px)\" srcset=\"https:\/\/a57.foxnews.com\/static.foxnews.com\/foxnews.com\/content\/uploads\/2025\/05\/720\/405\/hostage-appeal.jpg?ve=1&amp;tl=1, https:\/\/a57.foxnews.com\/static.foxnews.com\/foxnews.com\/content\/uploads\/2025\/05\/1440\/810\/hostage-appeal.jpg?ve=1&amp;tl=1 2x\" height=\"405\" width=\"720\"><img loading=\"lazy\" decoding=\"async\" src=\"https:\/\/a57.foxnews.com\/static.foxnews.com\/foxnews.com\/content\/uploads\/2025\/05\/1200\/675\/hostage-appeal.jpg?ve=1&amp;tl=1\" alt=\"apelaci\u00f3n de rehenes\" width=\"1200\" height=\"675\"\/><\/source><\/source><\/source><\/source><\/picture><\/div>\n<div class=\"info\">\n<div class=\"caption\">\n<p><span>Los familiares y partidarios de los rehenes israel\u00edes mantuvieron cautivos en la Franja de Gaza desde el ataque del 7 de octubre en el sur de Israel, mantienen sus retratos durante una protesta en los rehenes en Tel Aviv el 28 de mayo de 2025, para marcar 600 d\u00edas de su cautiverio y exigir su liberaci\u00f3n y terminar la guerra.<\/span> <span>(Ahmad Gharabli\/AFP a trav\u00e9s de Getty Images)<\/span><\/p>\n<\/div>\n<\/div>\n<\/div>\n<p>Francia anunci\u00f3 un paso similar la semana pasada. Despu\u00e9s de esas declaraciones, diez pa\u00edses m\u00e1s dijeron que tienen la intenci\u00f3n de seguir: Malta confirm\u00f3 que Will, y Andorra, Australia, Canad\u00e1, Finlandia, Islandia, Luxemburgo, Nueva Zelanda, Portugal y San Marino declararon planes para moverse en esa direcci\u00f3n. Espa\u00f1a, Irlanda, Noruega y B\u00e9lgica tambi\u00e9n han expresado su apoyo. Los Pa\u00edses Bajos, una vez considerados uno de los aliados m\u00e1s cercanos de Israel, ha endurecido su postura, amenazando con eliminar a Israel de un programa de investigaci\u00f3n de la UE y prohibir a los ministros israel\u00edes de la entrada.<\/p>\n<p>Hablando a bordo de Air Force One despu\u00e9s de reunirse con Starmer en Escocia, el presidente Donald Trump no respald\u00f3 el plan. \u00abEsencialmente, ellos (el Reino Unido y Francia) est\u00e1n diciendo lo mismo, y eso est\u00e1 bien. Pero sabes que no significa que tenga que estar de acuerdo\u00bb, dijo a los periodistas.<\/p>\n<div class=\"image-ct inline\">\n<div class=\"m\"><picture><source media=\"(max-width: 767px)\" srcset=\"https:\/\/a57.foxnews.com\/static.foxnews.com\/foxnews.com\/content\/uploads\/2025\/07\/343\/192\/macron-welcomes-starmer-france-uk-meeting.jpg?ve=1&amp;tl=1, https:\/\/a57.foxnews.com\/static.foxnews.com\/foxnews.com\/content\/uploads\/2025\/07\/686\/384\/macron-welcomes-starmer-france-uk-meeting.jpg?ve=1&amp;tl=1 2x\" height=\"192\" width=\"343\"><source media=\"(min-width: 768px) and (max-width: 1023px)\" srcset=\"https:\/\/a57.foxnews.com\/static.foxnews.com\/foxnews.com\/content\/uploads\/2025\/07\/672\/378\/macron-welcomes-starmer-france-uk-meeting.jpg?ve=1&amp;tl=1, https:\/\/a57.foxnews.com\/static.foxnews.com\/foxnews.com\/content\/uploads\/2025\/07\/1344\/756\/macron-welcomes-starmer-france-uk-meeting.jpg?ve=1&amp;tl=1 2x\" height=\"378\" width=\"672\"><source media=\"(min-width: 1024px) and (max-width: 1279px)\" srcset=\"https:\/\/a57.foxnews.com\/static.foxnews.com\/foxnews.com\/content\/uploads\/2025\/07\/931\/523\/macron-welcomes-starmer-france-uk-meeting.jpg?ve=1&amp;tl=1, https:\/\/a57.foxnews.com\/static.foxnews.com\/foxnews.com\/content\/uploads\/2025\/07\/1862\/1046\/macron-welcomes-starmer-france-uk-meeting.jpg?ve=1&amp;tl=1 2x\" height=\"523\" width=\"931\"><source media=\"(min-width: 1280px)\" srcset=\"https:\/\/a57.foxnews.com\/static.foxnews.com\/foxnews.com\/content\/uploads\/2025\/07\/720\/405\/macron-welcomes-starmer-france-uk-meeting.jpg?ve=1&amp;tl=1, https:\/\/a57.foxnews.com\/static.foxnews.com\/foxnews.com\/content\/uploads\/2025\/07\/1440\/810\/macron-welcomes-starmer-france-uk-meeting.jpg?ve=1&amp;tl=1 2x\" height=\"405\" width=\"720\"><img loading=\"lazy\" decoding=\"async\" src=\"https:\/\/a57.foxnews.com\/static.foxnews.com\/foxnews.com\/content\/uploads\/2025\/07\/1200\/675\/macron-welcomes-starmer-france-uk-meeting.jpg?ve=1&amp;tl=1\" alt=\"El presidente franc\u00e9s, Emmanuel Macron, da la bienvenida al primer ministro brit\u00e1nico Keir Starmer (L) durante una reuni\u00f3n sobre la situaci\u00f3n en Ucrania y problemas de seguridad en Europa en el Palacio El\u00edseo el 17 de febrero de 2025 en Par\u00eds, Francia. \" width=\"1200\" height=\"675\"\/><\/source><\/source><\/source><\/source><\/picture><\/div>\n<div class=\"info\">\n<div class=\"caption\">\n<p><span>El presidente franc\u00e9s, Emmanuel Macron, da la bienvenida al primer ministro brit\u00e1nico Keir Starmer (L) durante una reuni\u00f3n sobre la situaci\u00f3n en Ucrania y problemas de seguridad en Europa en el Palacio El\u00edseo el 17 de febrero de 2025 en Par\u00eds, Francia. <\/span> <span>(Tom Nicholson\/Getty Images)<\/span><\/p>\n<\/div>\n<\/div>\n<\/div>\n<p><strong>Haga clic aqu\u00ed para obtener la aplicaci\u00f3n Fox News<\/strong><\/p>\n<p>El veterano diplom\u00e1tico de los Estados Unidos, Dennis Ross, tambi\u00e9n intervino en X, advirtiendo que el reconocimiento sin puntos de referencia claros podr\u00eda ser contraproducente, publicar \u00abreconocer a un estado palestino sin condiciones perpetuar\u00e1 el conflicto no finalizar.<\/p>\n<p> <!----> <\/p>\n<div class=\"article-meta\">\n<div class=\"author-bio\">\n<p>Efrat Lachter es un reportero de investigaci\u00f3n y corresponsal de guerra. Su trabajo la ha llevado a 40 pa\u00edses, incluidos Ucrania, Rusia, Irak, Siria, Sud\u00e1n y Afganist\u00e1n. Recibi\u00f3 la Comunidad para el Periodismo 2024 Knight-Wallace para periodismo. Lachter se puede seguir en x @efratlachter.<\/p>\n<\/div>\n<\/div>\n<\/div>\n\n","protected":false},"excerpt":{"rendered":"<p>NUEVO\u00a1Ahora puedes escuchar art\u00edculos de Fox News! Familias de rehenes celebrados en Gaza, junto con un cautivo liberado, est\u00e1n volando a Gran Breta\u00f1a, Francia y otras naciones por decidir reconocer a un estado palestino, advirtiendo que estos pasos recompensan a los terroristas de Hamas, mientras que docenas de rehenes permanecen atrapados bajo tierra. La reacci\u00f3n &hellip;<\/p>\n","protected":false},"author":1,"featured_media":38259,"comment_status":"open","ping_status":"open","sticky":false,"template":"","format":"standard","meta":{"fifu_image_url":"https:\/\/static.foxnews.com\/foxnews.com\/content\/uploads\/2025\/07\/macron-welcomes-starmer-france-uk-meeting.jpg","fifu_image_alt":"","footnotes":""},"categories":[13],"tags":[],"class_list":["post-38257","post","type-post","status-publish","format-standard","has-post-thumbnail","","category-mundo"],"_links":{"self":[{"href":"https:\/\/noticiasveraces.com\/index.php?rest_route=\/wp\/v2\/posts\/38257","targetHints":{"allow":["GET"]}}],"collection":[{"href":"https:\/\/noticiasveraces.com\/index.php?rest_route=\/wp\/v2\/posts"}],"about":[{"href":"https:\/\/noticiasveraces.com\/index.php?rest_route=\/wp\/v2\/types\/post"}],"author":[{"embeddable":true,"href":"https:\/\/noticiasveraces.com\/index.php?rest_route=\/wp\/v2\/users\/1"}],"replies":[{"embeddable":true,"href":"https:\/\/noticiasveraces.com\/index.php?rest_route=%2Fwp%2Fv2%2Fcomments&post=38257"}],"version-history":[{"count":0,"href":"https:\/\/noticiasveraces.com\/index.php?rest_route=\/wp\/v2\/posts\/38257\/revisions"}],"wp:featuredmedia":[{"embeddable":true,"href":"https:\/\/noticiasveraces.com\/index.php?rest_route=\/wp\/v2\/media\/38259"}],"wp:attachment":[{"href":"https:\/\/noticiasveraces.com\/index.php?rest_route=%2Fwp%2Fv2%2Fmedia&parent=38257"}],"wp:term":[{"taxonomy":"category","embeddable":true,"href":"https:\/\/noticiasveraces.com\/index.php?rest_route=%2Fwp%2Fv2%2Fcategories&post=38257"},{"taxonomy":"post_tag","embeddable":true,"href":"https:\/\/noticiasveraces.com\/index.php?rest_route=%2Fwp%2Fv2%2Ftags&post=38257"}],"curies":[{"name":"wp","href":"https:\/\/api.w.org\/{rel}","templated":true}]}}