{"id":38234,"date":"2025-07-30T18:08:20","date_gmt":"2025-07-30T22:08:20","guid":{"rendered":"https:\/\/noticiasveraces.com\/?p=38234"},"modified":"2025-07-30T18:08:20","modified_gmt":"2025-07-30T22:08:20","slug":"el-retiro-aleman-de-los-dos-osos-mas-longevos-en-cautividad-de-espana-clima-y-medio-ambiente","status":"publish","type":"post","link":"https:\/\/noticiasveraces.com\/?p=38234","title":{"rendered":"El retiro alem\u00e1n de los dos osos m\u00e1s longevos en cautividad de Espa\u00f1a | Clima y Medio Ambiente"},"content":{"rendered":"<p> \n<br \/><img decoding=\"async\" src=\"https:\/\/imagenes.elpais.com\/resizer\/v2\/LMDHPZQYJZPVVPG5TD25TGS3KY.jpg?auth=1aa90eabe976a8f95473a4cdee9123a19c7ce3fa24554f2a48663a2df3ffa3d3\" \/><\/p>\n<div data-dtm-region=\"articulo_cuerpo\">\n<p class=\"\">Los dos osos m\u00e1s longevos en cautividad en Espa\u00f1a, <i>Luna<\/i> Y <i>Poderoso<\/i>ya est\u00e1n en Bad F\u00fcssing, en M\u00fanich, Alemania, para pasar el final de sus d\u00edas en un santuario especializado en esta especie. Se trata de un espacio de 10 hect\u00e1reas adaptado a las necesidades de los plant\u00edgrados, que cuenta con \u00e1reas rocosas y bosques, al que llegaron este mi\u00e9rcoles por la ma\u00f1ana.<\/p>\n<p class=\"\">Acostumbrados a las miradas de visitantes y ni\u00f1os en Le\u00f3n, donde fueron exhibidos m\u00e1s de tres d\u00e9cadas en el centro municipal el Coto Escolar de Le\u00f3n, en un recinto cerrado de unos cientos de metros cuadrados, ahora han llegado a un lugar donde podr\u00e1n estar a su aire en un espacio mucho m\u00e1s amplio. El santuario de Bad F\u00fcssing acepta visitas por un recorrido acotado de 1,5 kil\u00f3metros, pero no asegura que se vayan a ver osos. <\/p>\n<p class=\"\">La asociaci\u00f3n animalista FAADA (Fundaci\u00f3n para el Asesoramiento y Acci\u00f3n en Defensa de los Animales) ha coordinado el operativo, las gestiones m\u00e9dicas y el transporte de Le\u00f3n a Bad F\u00fcssing. Y ha agradecido la disposici\u00f3n del Coto Escolar, que ha entendido que los osos estar\u00e1n mejor en Alemania.<\/p>\n<p class=\"\">El nuevo refugio de <i>Luna<\/i> Y <i>Poderoso<\/i> se presenta en su p\u00e1gina web como un \u00e1rea especialmente dedicada para los osos, pues all\u00ed ya se encuentran <i>Balo<\/i>, <i>Giorgio<\/i>, <i>Luc\u00eda<\/i>, <i>L\u00e1tigo<\/i> O <i>Romeo<\/i>otros cong\u00e9neres que cambiaron vidas peores por el bienestar de este centro. \u201cSi nuestro santuario de animales puede contribuir a aliviar el sufrimiento de los osos en todo el mundo, entonces habremos cumplido el legado del fundador de nuestra asociaci\u00f3n, el doctor Andreas Grasm\u00fcller\u201d, explica la organizaci\u00f3n. Seg\u00fan precisa, muchos de los plant\u00edgrados que viven hoy all\u00ed sufrieron maltrato en circos, espect\u00e1culos en el este de Europa o malos cuidados, antes de llegar a Alemania. <\/p>\n<p class=\"\">Aunque la situaci\u00f3n de Luna y Poderoso no resultaba tan mala en Le\u00f3n, como incide Andrea Torres, de FAADA, aquel espacio municipal tampoco era el lugar id\u00f3neo para cuidarlos. \u201cHoy en d\u00eda deber\u00edamos superar lo de tener animales en cautividad salvo que no puedan vivir en libertad, los animales no est\u00e1n para exhibirse y entretenernos\u201d, reflexiona Torres, quien destaca que la buena voluntad del personal y de la direcci\u00f3n de este centro \u201cmuy grande y muy bonito con much\u00edsimas cosas, desde caba\u00f1as y huertos a campamentos o actividades escolares, actividades ambientales\u2026 e instalaciones con animales con gamos u osos\u201d. No era mal sitio, pero proced\u00eda buscar algo mejor para ellos. <\/p>\n<p class=\"\">A los plant\u00edgrados quiz\u00e1 les queden meses de vida, puede que a\u00f1os, y entre todos han considerado que el santuario germano les permitir\u00e1 disfrutarlos con m\u00e1s felicidad y dignidad entre cong\u00e9neres. \u201cHay gente que se queja de que como son viejos, andar movi\u00e9ndolos\u2026 pero merecen acabar de forma digna\u201d, sostiene esta bi\u00f3loga, y explica que esta pareja lleva junta casi toda su existencia y que, de no trasladarlos, si muere uno antes que otro, cosa muy probable, el que resista sentir\u00e1 la soledad, a menos que se \u201cempiece el c\u00edrculo\u201d e incorporen a otro oso a ese espacio no del todo apropiado. En el nuevo hogar \u201cse adaptar\u00e1n bien al santuario porque se conocen y se podr\u00e1n apoyar, la socializaci\u00f3n ser\u00e1 f\u00e1cil porque se tienen uno a otro y cuando uno falle, el otro tendr\u00e1 m\u00e1s compa\u00f1\u00eda\u201d.<\/p>\n<p class=\"\">Los osos han viajado por carretera hacia Alemania junto a un veterinario para tenerlos totalmente controlados y antes de salir, y de someterlos a la anestesia para poder trasladarlos al veh\u00edculo, fueron desparasitados y dispensados con la vacuna antirr\u00e1bica, de la que carec\u00edan. <\/p>\n<p class=\"\">\u201cLuna tiene que pasar por el quir\u00f3fano, tiene un peque\u00f1o tumor benigno, pero le sangra y hay que cuidarlo\u201d, asegura Torres, y a\u00f1ade que su prioridad para el traslado fueron los tiempos: en Ruman\u00eda, Polonia o B\u00e9lgica hay buenos santuarios para plant\u00edgrados, pero el de M\u00fanich fue el que m\u00e1s pronto pod\u00eda alojar a los animales y se decantaron por \u00e9l. Espa\u00f1a, apostilla, cuenta con buenos centros de atenci\u00f3n para fauna ex\u00f3tica o primates, aunque no tanto para osos como estos dos.<\/p>\n<p class=\"\">La bi\u00f3loga agradece el \u201ccari\u00f1o\u201d de los cuidadores de los osos, que se despidieron de ellos entre l\u00e1grimas y muy emocionados, conscientes en todo caso de que ser\u00e1n m\u00e1s felices en su nuevo destino. El Ayuntamiento de Le\u00f3n, del que depende el espacio donde resid\u00edan, ha emitido un comunicado detallando que Ponderoso arrib\u00f3 al Coto Escolar en 1991, con apenas seis meses, y su compa\u00f1era lo hizo en 1993, con unos dos a\u00f1os de edad. Por tanto, se cree que ambos tienen 33 a\u00f1os aunque no se puede precisar con exactitud. <\/p>\n<\/div>\n\n","protected":false},"excerpt":{"rendered":"<p>Los dos osos m\u00e1s longevos en cautividad en Espa\u00f1a, Luna Y Poderosoya est\u00e1n en Bad F\u00fcssing, en M\u00fanich, Alemania, para pasar el final de sus d\u00edas en un santuario especializado en esta especie. Se trata de un espacio de 10 hect\u00e1reas adaptado a las necesidades de los plant\u00edgrados, que cuenta con \u00e1reas rocosas y bosques, &hellip;<\/p>\n","protected":false},"author":1,"featured_media":38236,"comment_status":"open","ping_status":"open","sticky":false,"template":"","format":"standard","meta":{"fifu_image_url":"https:\/\/imagenes.elpais.com\/resizer\/v2\/LMDHPZQYJZPVVPG5TD25TGS3KY.jpg?auth=1aa90eabe976a8f95473a4cdee9123a19c7ce3fa24554f2a48663a2df3ffa3d3&width=1200","fifu_image_alt":"","footnotes":""},"categories":[11],"tags":[],"class_list":["post-38234","post","type-post","status-publish","format-standard","has-post-thumbnail","","category-viaje"],"_links":{"self":[{"href":"https:\/\/noticiasveraces.com\/index.php?rest_route=\/wp\/v2\/posts\/38234","targetHints":{"allow":["GET"]}}],"collection":[{"href":"https:\/\/noticiasveraces.com\/index.php?rest_route=\/wp\/v2\/posts"}],"about":[{"href":"https:\/\/noticiasveraces.com\/index.php?rest_route=\/wp\/v2\/types\/post"}],"author":[{"embeddable":true,"href":"https:\/\/noticiasveraces.com\/index.php?rest_route=\/wp\/v2\/users\/1"}],"replies":[{"embeddable":true,"href":"https:\/\/noticiasveraces.com\/index.php?rest_route=%2Fwp%2Fv2%2Fcomments&post=38234"}],"version-history":[{"count":0,"href":"https:\/\/noticiasveraces.com\/index.php?rest_route=\/wp\/v2\/posts\/38234\/revisions"}],"wp:featuredmedia":[{"embeddable":true,"href":"https:\/\/noticiasveraces.com\/index.php?rest_route=\/wp\/v2\/media\/38236"}],"wp:attachment":[{"href":"https:\/\/noticiasveraces.com\/index.php?rest_route=%2Fwp%2Fv2%2Fmedia&parent=38234"}],"wp:term":[{"taxonomy":"category","embeddable":true,"href":"https:\/\/noticiasveraces.com\/index.php?rest_route=%2Fwp%2Fv2%2Fcategories&post=38234"},{"taxonomy":"post_tag","embeddable":true,"href":"https:\/\/noticiasveraces.com\/index.php?rest_route=%2Fwp%2Fv2%2Ftags&post=38234"}],"curies":[{"name":"wp","href":"https:\/\/api.w.org\/{rel}","templated":true}]}}