{"id":38225,"date":"2025-07-30T16:44:20","date_gmt":"2025-07-30T20:44:20","guid":{"rendered":"https:\/\/noticiasveraces.com\/?p=38225"},"modified":"2025-07-30T16:44:20","modified_gmt":"2025-07-30T20:44:20","slug":"el-enviado-antisemitismo-de-canada-se-reduce-en-medio-de-records-en-el-odio","status":"publish","type":"post","link":"https:\/\/noticiasveraces.com\/?p=38225","title":{"rendered":"El enviado antisemitismo de Canad\u00e1 se reduce en medio de r\u00e9cords en el odio"},"content":{"rendered":"<p> \n<\/p>\n<div>\n<div id=\"beyondwords-wrapper\" class=\"beyondwords-wrapper\">\n<p><span class=\"label-bg\">NUEVO<\/span>\u00a1Ahora puedes escuchar art\u00edculos de Fox News!\n  <\/p>\n<\/div>\n<p class=\"speakable\">El antisemitismo en Canad\u00e1 aument\u00f3 despu\u00e9s de la masacre del 7 de octubre de Hamas en Israel, que culmin\u00f3 en un r\u00e9cord de 920 cr\u00edmenes de odio dirigidos a jud\u00edos el a\u00f1o pasado. <\/p>\n<p class=\"speakable\">El aumento en los incidentes llev\u00f3 a Deborah Lyons, el enviado especial del pa\u00eds en preservar el recuerdo del Holocausto y la lucha contra el antisemitismo, a renunciar a principios de este mes, citando el agotamiento de \u00abdespertar todos los d\u00edas a una pelea\u00bb.<\/p>\n<p>Lyons le dijo a The Canadian Jewish News la semana pasada que \u00abel trabajo era uno que te rasg\u00f3 f\u00edsica y emocionalmente. Quiero decir, yo mismo me enfrent\u00e9 mucho odio &#8230; muchas palabras desagradables y, en algunos casos, acciones\u00bb, dijo. <\/p>\n<p><strong>Antisemitismo Aga\u00f1o en todo el mundo, la Fuerza de Tarea de ADL encuentra en su primer informe global<\/strong><\/p>\n<div class=\"image-ct inline\">\n<div class=\"m\"><picture><source media=\"(max-width: 767px)\" srcset=\"https:\/\/a57.foxnews.com\/static.foxnews.com\/foxnews.com\/content\/uploads\/2025\/04\/343\/192\/montreal-synagogue-attack-scaled.jpg?ve=1&amp;tl=1, https:\/\/a57.foxnews.com\/static.foxnews.com\/foxnews.com\/content\/uploads\/2025\/04\/686\/384\/montreal-synagogue-attack-scaled.jpg?ve=1&amp;tl=1 2x\" height=\"192\" width=\"343\"><source media=\"(min-width: 768px) and (max-width: 1023px)\" srcset=\"https:\/\/a57.foxnews.com\/static.foxnews.com\/foxnews.com\/content\/uploads\/2025\/04\/672\/378\/montreal-synagogue-attack-scaled.jpg?ve=1&amp;tl=1, https:\/\/a57.foxnews.com\/static.foxnews.com\/foxnews.com\/content\/uploads\/2025\/04\/1344\/756\/montreal-synagogue-attack-scaled.jpg?ve=1&amp;tl=1 2x\" height=\"378\" width=\"672\"><source media=\"(min-width: 1024px) and (max-width: 1279px)\" srcset=\"https:\/\/a57.foxnews.com\/static.foxnews.com\/foxnews.com\/content\/uploads\/2025\/04\/931\/523\/montreal-synagogue-attack-scaled.jpg?ve=1&amp;tl=1, https:\/\/a57.foxnews.com\/static.foxnews.com\/foxnews.com\/content\/uploads\/2025\/04\/1862\/1046\/montreal-synagogue-attack-scaled.jpg?ve=1&amp;tl=1 2x\" height=\"523\" width=\"931\"><source media=\"(min-width: 1280px)\" srcset=\"https:\/\/a57.foxnews.com\/static.foxnews.com\/foxnews.com\/content\/uploads\/2025\/04\/720\/405\/montreal-synagogue-attack-scaled.jpg?ve=1&amp;tl=1, https:\/\/a57.foxnews.com\/static.foxnews.com\/foxnews.com\/content\/uploads\/2025\/04\/1440\/810\/montreal-synagogue-attack-scaled.jpg?ve=1&amp;tl=1 2x\" height=\"405\" width=\"720\"><img loading=\"lazy\" decoding=\"async\" src=\"https:\/\/a57.foxnews.com\/static.foxnews.com\/foxnews.com\/content\/uploads\/2025\/04\/1200\/675\/montreal-synagogue-attack-scaled.jpg?ve=1&amp;tl=1\" alt=\"Antisemitismo de Canad\u00e1\" width=\"1200\" height=\"675\"\/><\/source><\/source><\/source><\/source><\/picture><\/div>\n<div class=\"info\">\n<div class=\"caption\">\n<p><span>Un hombre fija el bloqueo de las puertas de la congregaci\u00f3n Beth Tikvah mientras la polic\u00eda investiga a un presunto incendio provocado en la sinagoga en el suburbio de Dollard-des-Ormeaux en Montreal, mi\u00e9rcoles 18 de diciembre de 2024. <\/span> <span>(Christinne Muschi\/The Canadian Press a trav\u00e9s de AP)<\/span><\/p>\n<\/div>\n<\/div>\n<\/div>\n<p>\u00abDir\u00eda que durante este per\u00edodo, estos \u00faltimos dos a\u00f1os, me sorprendi\u00f3 mucho y a menudo me he vuelto bastante abatido y desesperado por el hecho de que era dif\u00edcil lograr que la gente hablara, hablara con claridad, que hable con convicci\u00f3n sobre lo que est\u00e1bamos viendo que sucedimos aqu\u00ed en suelo canadiense\u00bb, agreg\u00f3.<\/p>\n<p>Irwin Cotler, un ex ministro de Justicia canadiense y predecesor de Lyons como enviado especial sobre el antisemitismo, le dijo a Fox News Digital que la \u00abexplosi\u00f3n\u00bb en odios jud\u00edos no se ha cumplido con una amplia condena, sino con \u00absilencio, negaci\u00f3n, adquisici\u00f3n, apoyo y justificaci\u00f3n\u00bb.<\/p>\n<p>\u00abEl gobierno no puede simplemente una se\u00f1al de virtud o ser performativa, debe actuar\u00bb, dijo Cotler. \u00abEso es algo con lo que Deborah tuvo que lidiar. Es una funcionario muy leal, y estoy seguro de que era dif\u00edcil para ella, incluso en el que el gobierno no se mueve de manera tan r\u00e1pida, efectiva o decisiva como el mandato requerido\u00bb.<\/p>\n<p>Aunque los jud\u00edos representan menos del uno por ciento de la poblaci\u00f3n de Canad\u00e1, el 18.8% de todos los delitos de odio reportados en 2024 fueron motivados por el antisemitismo.<\/p>\n<p>De los 1.342 cr\u00edmenes de odio motivados religiosamente reportados el a\u00f1o pasado, 920, o 68.5%, dirigieron a la comunidad jud\u00eda.<\/p>\n<div class=\"image-ct inline\">\n<div class=\"m\"><picture><source media=\"(max-width: 767px)\" srcset=\"https:\/\/a57.foxnews.com\/static.foxnews.com\/foxnews.com\/content\/uploads\/2024\/01\/343\/192\/GettyImages-1900665365.jpg?ve=1&amp;tl=1, https:\/\/a57.foxnews.com\/static.foxnews.com\/foxnews.com\/content\/uploads\/2024\/01\/686\/384\/GettyImages-1900665365.jpg?ve=1&amp;tl=1 2x\" height=\"192\" width=\"343\"><source media=\"(min-width: 768px) and (max-width: 1023px)\" srcset=\"https:\/\/a57.foxnews.com\/static.foxnews.com\/foxnews.com\/content\/uploads\/2024\/01\/672\/378\/GettyImages-1900665365.jpg?ve=1&amp;tl=1, https:\/\/a57.foxnews.com\/static.foxnews.com\/foxnews.com\/content\/uploads\/2024\/01\/1344\/756\/GettyImages-1900665365.jpg?ve=1&amp;tl=1 2x\" height=\"378\" width=\"672\"><source media=\"(min-width: 1024px) and (max-width: 1279px)\" srcset=\"https:\/\/a57.foxnews.com\/static.foxnews.com\/foxnews.com\/content\/uploads\/2024\/01\/931\/523\/GettyImages-1900665365.jpg?ve=1&amp;tl=1, https:\/\/a57.foxnews.com\/static.foxnews.com\/foxnews.com\/content\/uploads\/2024\/01\/1862\/1046\/GettyImages-1900665365.jpg?ve=1&amp;tl=1 2x\" height=\"523\" width=\"931\"><source media=\"(min-width: 1280px)\" srcset=\"https:\/\/a57.foxnews.com\/static.foxnews.com\/foxnews.com\/content\/uploads\/2024\/01\/720\/405\/GettyImages-1900665365.jpg?ve=1&amp;tl=1, https:\/\/a57.foxnews.com\/static.foxnews.com\/foxnews.com\/content\/uploads\/2024\/01\/1440\/810\/GettyImages-1900665365.jpg?ve=1&amp;tl=1 2x\" height=\"405\" width=\"720\"><img loading=\"lazy\" decoding=\"async\" src=\"https:\/\/a57.foxnews.com\/static.foxnews.com\/foxnews.com\/content\/uploads\/2024\/01\/1200\/675\/GettyImages-1900665365.jpg?ve=1&amp;tl=1\" alt=\"La polic\u00eda de Toronto responde a la protesta de Palestina\" width=\"1200\" height=\"675\"\/><\/source><\/source><\/source><\/source><\/picture><\/div>\n<div class=\"info\">\n<div class=\"caption\">\n<p><span>TORONTO, Canad\u00e1 &#8211; 4 de enero: los manifestantes anti -Israel se re\u00fanen fuera de la estaci\u00f3n de Union durante una manifestaci\u00f3n en Toronto, Ontario, el 4 de enero de 2024. Los manifestantes que exigen el alto el fuego reunidos fuera de la estaci\u00f3n de Union en el centro de Toronto.<\/span> <span>(Mert Alper Dervis\/Anadolu a trav\u00e9s de Getty Images)<\/span><\/p>\n<\/div>\n<\/div>\n<\/div>\n<p>\u00abDesde que el enviado especial Lyons asumi\u00f3 el cargo, hemos visto un aumento del 124% en el antisemitismo\u00bb, dijo Richard Robertson, director de investigaci\u00f3n y defensa de B&#8217;nai Brith Canada, a Fox News Digital.<\/p>\n<p>\u00abLa situaci\u00f3n se ha vuelto cada vez m\u00e1s insostenible para la comunidad. Y aunque el gobierno federal dio algunas medidas positivas, no se ha hecho lo suficiente para detener la marea, poniendo a alguien como el enviado especial en una posici\u00f3n muy dif\u00edcil\u00bb, continu\u00f3. \u00abPor lo tanto, es comprensible que se sintiera fatigada y desalentada por el estado actual del odio en Canad\u00e1\u00bb.<\/p>\n<p><strong><u>Reg\u00edstrese en un bolet\u00edn expuesto antisemitismo<\/u><\/strong><\/p>\n<p>Tanto Cotler como Robertson reconocieron logros clave de Lyons durante su mandato, incluida la publicaci\u00f3n de un manual sobre la definici\u00f3n de antisemitismo de IHRA, producida por la oficina del enviado. Seg\u00fan Cotler, el recurso ahora est\u00e1 siendo utilizado internacionalmente por gobiernos para capacitar a la polic\u00eda, fiscales, funcionarios encargados de hacer cumplir la ley y servidores p\u00fablicos.<\/p>\n<p>Lyons tambi\u00e9n fue una voz importante en la coalici\u00f3n internacional de enviados especiales para combatir el antisemitismo, dando a Canad\u00e1 una presencia con resonancia global, dijo Cotler. Tambi\u00e9n destac\u00f3 su \u00e9xito en la construcci\u00f3n de la oficina del enviado especial con un personal fuerte y un presupuesto dedicado, una base institucional que no exist\u00eda antes.<\/p>\n<div class=\"image-ct inline\">\n<div class=\"m\"><picture><source media=\"(max-width: 767px)\" srcset=\"https:\/\/a57.foxnews.com\/static.foxnews.com\/foxnews.com\/content\/uploads\/2024\/05\/343\/192\/Palestinian-Protest-Photo-1.jpg?ve=1&amp;tl=1, https:\/\/a57.foxnews.com\/static.foxnews.com\/foxnews.com\/content\/uploads\/2024\/05\/686\/384\/Palestinian-Protest-Photo-1.jpg?ve=1&amp;tl=1 2x\" height=\"192\" width=\"343\"><source media=\"(min-width: 768px) and (max-width: 1023px)\" srcset=\"https:\/\/a57.foxnews.com\/static.foxnews.com\/foxnews.com\/content\/uploads\/2024\/05\/672\/378\/Palestinian-Protest-Photo-1.jpg?ve=1&amp;tl=1, https:\/\/a57.foxnews.com\/static.foxnews.com\/foxnews.com\/content\/uploads\/2024\/05\/1344\/756\/Palestinian-Protest-Photo-1.jpg?ve=1&amp;tl=1 2x\" height=\"378\" width=\"672\"><source media=\"(min-width: 1024px) and (max-width: 1279px)\" srcset=\"https:\/\/a57.foxnews.com\/static.foxnews.com\/foxnews.com\/content\/uploads\/2024\/05\/931\/523\/Palestinian-Protest-Photo-1.jpg?ve=1&amp;tl=1, https:\/\/a57.foxnews.com\/static.foxnews.com\/foxnews.com\/content\/uploads\/2024\/05\/1862\/1046\/Palestinian-Protest-Photo-1.jpg?ve=1&amp;tl=1 2x\" height=\"523\" width=\"931\"><source media=\"(min-width: 1280px)\" srcset=\"https:\/\/a57.foxnews.com\/static.foxnews.com\/foxnews.com\/content\/uploads\/2024\/05\/720\/405\/Palestinian-Protest-Photo-1.jpg?ve=1&amp;tl=1, https:\/\/a57.foxnews.com\/static.foxnews.com\/foxnews.com\/content\/uploads\/2024\/05\/1440\/810\/Palestinian-Protest-Photo-1.jpg?ve=1&amp;tl=1 2x\" height=\"405\" width=\"720\"><img loading=\"lazy\" decoding=\"async\" src=\"https:\/\/a57.foxnews.com\/static.foxnews.com\/foxnews.com\/content\/uploads\/2024\/05\/1200\/675\/Palestinian-Protest-Photo-1.jpg?ve=1&amp;tl=1\" alt=\"Los manifestantes pro-palestinos levantan banderas y letreros en la Universidad de Toronto.\" width=\"1200\" height=\"675\"\/><\/source><\/source><\/source><\/source><\/picture><\/div>\n<div class=\"info\">\n<div class=\"caption\">\n<p><span>Los agitadores anti-Israel protestan en la Universidad de Toronto en Toronto, Ontario, Canad\u00e1.<\/span> <span>(Foto de Mert Alper Dervis\/Anadolu a trav\u00e9s de Getty Images)<\/span><\/p>\n<\/div>\n<\/div>\n<\/div>\n<p>Lyons tambi\u00e9n ayud\u00f3 a organizar el Foro Nacional sobre la Combinaci\u00f3n del Antisemitismo, celebrado en marzo de 2024 y copresidido por el Ministro de Justicia y Fiscal General de Canad\u00e1. El foro reuni\u00f3 a los l\u00edderes de todos los niveles de gobierno para abordar la creciente amenaza de seguridad p\u00fablica que representa el odio a los jud\u00edos.<\/p>\n<p>\u00abNecesitamos un enfoque de todo el gobierno\u00bb, dijo Robertson. \u00abEs por eso que, inmediatamente despu\u00e9s de la elecci\u00f3n de Mark Carney, escribimos al Primer Ministro y describimos ministerios clave que podr\u00edan ser obligados a tener un impacto inmediato en la crisis del antisemitismo. Esto no es algo que el enviado especial pueda resolver solo, requiere un esfuerzo coordinado de todo el gobierno\u00bb.<\/p>\n<p><strong>Apretando el antisemitismo en Canad\u00e1 provoca preocupaci\u00f3n por los jud\u00edos del pa\u00eds antes de la elecci\u00f3n<\/strong><\/p>\n<div class=\"image-ct inline\">\n<div class=\"m\"><picture><source media=\"(max-width: 767px)\" srcset=\"https:\/\/a57.foxnews.com\/static.foxnews.com\/foxnews.com\/content\/uploads\/2025\/07\/343\/192\/deborah-lyons-canada-fmr-special-envoy-antisemitism-jpg.jpg?ve=1&amp;tl=1, https:\/\/a57.foxnews.com\/static.foxnews.com\/foxnews.com\/content\/uploads\/2025\/07\/686\/384\/deborah-lyons-canada-fmr-special-envoy-antisemitism-jpg.jpg?ve=1&amp;tl=1 2x\" height=\"192\" width=\"343\"><source media=\"(min-width: 768px) and (max-width: 1023px)\" srcset=\"https:\/\/a57.foxnews.com\/static.foxnews.com\/foxnews.com\/content\/uploads\/2025\/07\/672\/378\/deborah-lyons-canada-fmr-special-envoy-antisemitism-jpg.jpg?ve=1&amp;tl=1, https:\/\/a57.foxnews.com\/static.foxnews.com\/foxnews.com\/content\/uploads\/2025\/07\/1344\/756\/deborah-lyons-canada-fmr-special-envoy-antisemitism-jpg.jpg?ve=1&amp;tl=1 2x\" height=\"378\" width=\"672\"><source media=\"(min-width: 1024px) and (max-width: 1279px)\" srcset=\"https:\/\/a57.foxnews.com\/static.foxnews.com\/foxnews.com\/content\/uploads\/2025\/07\/931\/523\/deborah-lyons-canada-fmr-special-envoy-antisemitism-jpg.jpg?ve=1&amp;tl=1, https:\/\/a57.foxnews.com\/static.foxnews.com\/foxnews.com\/content\/uploads\/2025\/07\/1862\/1046\/deborah-lyons-canada-fmr-special-envoy-antisemitism-jpg.jpg?ve=1&amp;tl=1 2x\" height=\"523\" width=\"931\"><source media=\"(min-width: 1280px)\" srcset=\"https:\/\/a57.foxnews.com\/static.foxnews.com\/foxnews.com\/content\/uploads\/2025\/07\/720\/405\/deborah-lyons-canada-fmr-special-envoy-antisemitism-jpg.jpg?ve=1&amp;tl=1, https:\/\/a57.foxnews.com\/static.foxnews.com\/foxnews.com\/content\/uploads\/2025\/07\/1440\/810\/deborah-lyons-canada-fmr-special-envoy-antisemitism-jpg.jpg?ve=1&amp;tl=1 2x\" height=\"405\" width=\"720\"><img loading=\"lazy\" decoding=\"async\" src=\"https:\/\/a57.foxnews.com\/static.foxnews.com\/foxnews.com\/content\/uploads\/2025\/07\/1200\/675\/deborah-lyons-canada-fmr-special-envoy-antisemitism-jpg.jpg?ve=1&amp;tl=1\" alt=\"Deborah Lyons, a la izquierda, el ex enviado especial sobre la preservaci\u00f3n del recuerdo del Holocausto y el antisemitismo combatiente, habla con David Moscovic, un sobreviviente del Holocausto y Auschwitz, antes de un evento que conmemora el 80 aniversario de la liberaci\u00f3n de Auschwitz, en el parlamento en ottatawa, el viernes, el viernes, el viernes 24. \" width=\"1200\" height=\"675\"\/><\/source><\/source><\/source><\/source><\/picture><\/div>\n<div class=\"info\">\n<div class=\"caption\">\n<p><span>Deborah Lyons, a la izquierda, el ex enviado especial sobre la preservaci\u00f3n del recuerdo del Holocausto y el antisemitismo combatiente, habla con David Moscovic, un sobreviviente del Holocausto y Auschwitz, antes de un evento que conmemora el 80 aniversario de la liberaci\u00f3n de Auschwitz, en el parlamento en ottatawa, el viernes, el viernes, el viernes 24. <\/span> <span>(Justin Tang\/The Canadian Press a trav\u00e9s de AP)<\/span><\/p>\n<\/div>\n<\/div>\n<\/div>\n<p>Noah Shack, CEO del Centro de Asuntos de Israel y Jud\u00edos (CIJA), le dijo a Fox News Digital que cuando la polic\u00eda o las instituciones p\u00fablicas se han enfrentado directamente a las protestas antisemitas, el acoso o la intimidaci\u00f3n, r\u00e1pidamente colapsaron.<\/p>\n<p>\u00abCreo que es instructivo, que cuando nuestras instituciones p\u00fablicas toman medidas para retrasar, se disipa\u00bb, dijo. \u00abRealmente necesitamos el gobierno, la aplicaci\u00f3n de la ley y la sociedad m\u00e1s amplia para reconocer que todos tenemos el deber de enfrentar a este odio que est\u00e1 dirigido a la comunidad jud\u00eda en este momento, pero tambi\u00e9n apuntando a nuestros valores centrales como canadienses. Y si no nos puse de pie, superar\u00e1 a nuestra sociedad y conducir\u00e1 a un futuro muy oscuro para todos los canadienses\u00bb.<\/p>\n<p>Shack describi\u00f3 tres acciones urgentes que cree que Canad\u00e1 puede tomar para abordar significativamente el problema. Primero, enfatiz\u00f3 la necesidad de continuar con los compromisos de establecer zonas de seguridad en torno a lugares de culto, centros comunitarios, guarder\u00edas, escuelas y otros sitios donde la comunidad jud\u00eda se re\u00fane.<\/p>\n<p>En segundo lugar, pidi\u00f3 un mayor apoyo a los programas de seguridad de la comunidad jud\u00eda para proteger estas instalaciones de las violentas amenazas que enfrentan.<\/p>\n<div class=\"image-ct inline\">\n<div class=\"m\"><picture><source media=\"(max-width: 767px)\" srcset=\"https:\/\/a57.foxnews.com\/static.foxnews.com\/foxnews.com\/content\/uploads\/2024\/03\/343\/192\/GettyImages-2059266391.jpg?ve=1&amp;tl=1, https:\/\/a57.foxnews.com\/static.foxnews.com\/foxnews.com\/content\/uploads\/2024\/03\/686\/384\/GettyImages-2059266391.jpg?ve=1&amp;tl=1 2x\" height=\"192\" width=\"343\"><source media=\"(min-width: 768px) and (max-width: 1023px)\" srcset=\"https:\/\/a57.foxnews.com\/static.foxnews.com\/foxnews.com\/content\/uploads\/2024\/03\/672\/378\/GettyImages-2059266391.jpg?ve=1&amp;tl=1, https:\/\/a57.foxnews.com\/static.foxnews.com\/foxnews.com\/content\/uploads\/2024\/03\/1344\/756\/GettyImages-2059266391.jpg?ve=1&amp;tl=1 2x\" height=\"378\" width=\"672\"><source media=\"(min-width: 1024px) and (max-width: 1279px)\" srcset=\"https:\/\/a57.foxnews.com\/static.foxnews.com\/foxnews.com\/content\/uploads\/2024\/03\/931\/523\/GettyImages-2059266391.jpg?ve=1&amp;tl=1, https:\/\/a57.foxnews.com\/static.foxnews.com\/foxnews.com\/content\/uploads\/2024\/03\/1862\/1046\/GettyImages-2059266391.jpg?ve=1&amp;tl=1 2x\" height=\"523\" width=\"931\"><source media=\"(min-width: 1280px)\" srcset=\"https:\/\/a57.foxnews.com\/static.foxnews.com\/foxnews.com\/content\/uploads\/2024\/03\/720\/405\/GettyImages-2059266391.jpg?ve=1&amp;tl=1, https:\/\/a57.foxnews.com\/static.foxnews.com\/foxnews.com\/content\/uploads\/2024\/03\/1440\/810\/GettyImages-2059266391.jpg?ve=1&amp;tl=1 2x\" height=\"405\" width=\"720\"><img loading=\"lazy\" decoding=\"async\" src=\"https:\/\/a57.foxnews.com\/static.foxnews.com\/foxnews.com\/content\/uploads\/2024\/03\/1200\/675\/GettyImages-2059266391.jpg?ve=1&amp;tl=1\" alt=\"Manitistas palestinos fuera de la sinagoga en Toronto, Canad\u00e1.\" width=\"1200\" height=\"675\"\/><\/source><\/source><\/source><\/source><\/picture><\/div>\n<div class=\"info\">\n<div class=\"caption\">\n<p><span>Los manifestantes anti-Israel se re\u00fanen en las afueras de Beth Avraham Yoseph de la sinagoga de Toronto que alberga &#8216;evento inmobiliario israel\u00ed&#8217; en Thornhill, al norte de Toronto, Ontario, el 7 de marzo de 2024. Thornhill es el hogar de una gran poblaci\u00f3n jud\u00eda.<\/span> <span>(Foto de Mert Alper Dervis\/Anadolu a trav\u00e9s de Getty Images)<\/span><\/p>\n<\/div>\n<\/div>\n<\/div>\n<p>\u00abHemos disparado escuelas, las sinagogas incendias. Esta es una situaci\u00f3n muy preocupante, y debemos asegurarnos de que el gobierno est\u00e9 financiando e integrando nuestros programas de seguridad comunitarios a un nivel que mejore exponencialmente\u00bb, dijo.<\/p>\n<p>En tercer lugar, Shack enfatiz\u00f3 la necesidad de abordar el creciente problema de la radicalizaci\u00f3n observada en las calles y dentro de las instituciones p\u00fablicas.<\/p>\n<p>\u00abLas leyes antiterroristas de Canad\u00e1 deben alinearse con las de pa\u00edses como el Reino Unido, donde la glorificaci\u00f3n del terrorismo y la membres\u00eda en una organizaci\u00f3n terrorista son delitos penales\u00bb, dijo.<\/p>\n<p><strong>Haga clic aqu\u00ed para obtener la aplicaci\u00f3n Fox News<\/strong><\/p>\n<p>Shack tambi\u00e9n advirti\u00f3 contra los intentos de separar el antisionismo del antisemitismo, afirmando que la premisa en s\u00ed es defectuosa y enfatiz\u00f3 que culpar a los jud\u00edos de todo el mundo por desacuerdos con las pol\u00edticas gubernamentales israel\u00edes es igualmente odioso.<\/p>\n<p>\u00abNo represento al gobierno de Israel; me represento a m\u00ed mismo como una persona jud\u00eda que vive aqu\u00ed en Canad\u00e1. Al igual que mis amigos, familiares y colegas que viven en los Estados Unidos son jud\u00edos estadounidenses, merecemos ser tratados con el mismo respeto y derechos que cualquier otro ciudadano canadiense o estadounidense, punto\u00bb, dijo.<\/p>\n<p> <!----> <\/p>\n<div class=\"article-meta\">\n<div class=\"author-bio\">\n<p>Amelie Botbol es una periodista independiente con sede en Tel Aviv. Sus art\u00edculos han aparecido en el New York Post, el National Post de Canad\u00e1 y el Washington Times. Amelie se puede seguir en x @datrePorter <\/p>\n<\/div>\n<\/div>\n<\/div>\n\n","protected":false},"excerpt":{"rendered":"<p>NUEVO\u00a1Ahora puedes escuchar art\u00edculos de Fox News! El antisemitismo en Canad\u00e1 aument\u00f3 despu\u00e9s de la masacre del 7 de octubre de Hamas en Israel, que culmin\u00f3 en un r\u00e9cord de 920 cr\u00edmenes de odio dirigidos a jud\u00edos el a\u00f1o pasado. El aumento en los incidentes llev\u00f3 a Deborah Lyons, el enviado especial del pa\u00eds en &hellip;<\/p>\n","protected":false},"author":1,"featured_media":38227,"comment_status":"open","ping_status":"open","sticky":false,"template":"","format":"standard","meta":{"fifu_image_url":"https:\/\/static.foxnews.com\/foxnews.com\/content\/uploads\/2025\/04\/montreal-synagogue-attack-scaled.jpg","fifu_image_alt":"","footnotes":""},"categories":[13],"tags":[],"class_list":["post-38225","post","type-post","status-publish","format-standard","has-post-thumbnail","","category-mundo"],"_links":{"self":[{"href":"https:\/\/noticiasveraces.com\/index.php?rest_route=\/wp\/v2\/posts\/38225","targetHints":{"allow":["GET"]}}],"collection":[{"href":"https:\/\/noticiasveraces.com\/index.php?rest_route=\/wp\/v2\/posts"}],"about":[{"href":"https:\/\/noticiasveraces.com\/index.php?rest_route=\/wp\/v2\/types\/post"}],"author":[{"embeddable":true,"href":"https:\/\/noticiasveraces.com\/index.php?rest_route=\/wp\/v2\/users\/1"}],"replies":[{"embeddable":true,"href":"https:\/\/noticiasveraces.com\/index.php?rest_route=%2Fwp%2Fv2%2Fcomments&post=38225"}],"version-history":[{"count":0,"href":"https:\/\/noticiasveraces.com\/index.php?rest_route=\/wp\/v2\/posts\/38225\/revisions"}],"wp:featuredmedia":[{"embeddable":true,"href":"https:\/\/noticiasveraces.com\/index.php?rest_route=\/wp\/v2\/media\/38227"}],"wp:attachment":[{"href":"https:\/\/noticiasveraces.com\/index.php?rest_route=%2Fwp%2Fv2%2Fmedia&parent=38225"}],"wp:term":[{"taxonomy":"category","embeddable":true,"href":"https:\/\/noticiasveraces.com\/index.php?rest_route=%2Fwp%2Fv2%2Fcategories&post=38225"},{"taxonomy":"post_tag","embeddable":true,"href":"https:\/\/noticiasveraces.com\/index.php?rest_route=%2Fwp%2Fv2%2Ftags&post=38225"}],"curies":[{"name":"wp","href":"https:\/\/api.w.org\/{rel}","templated":true}]}}