{"id":38222,"date":"2025-07-30T15:43:01","date_gmt":"2025-07-30T19:43:01","guid":{"rendered":"https:\/\/noticiasveraces.com\/?p=38222"},"modified":"2025-07-30T15:43:01","modified_gmt":"2025-07-30T19:43:01","slug":"la-caminata-de-combustible-de-angola-enciende-protestas-mortales-22-muertos-en-disturbios-violentos","status":"publish","type":"post","link":"https:\/\/noticiasveraces.com\/?p=38222","title":{"rendered":"La caminata de combustible de Angola enciende protestas mortales, 22 muertos en disturbios violentos"},"content":{"rendered":"<p> \n<\/p>\n<div>\n<div id=\"beyondwords-wrapper\" class=\"beyondwords-wrapper\">\n<p><span class=\"label-bg\">NUEVO<\/span>\u00a1Ahora puedes escuchar art\u00edculos de Fox News!\n  <\/p>\n<\/div>\n<p class=\"speakable\">Al menos 22 personas han muerto en medio de protestas violentas en Angola contra una caminata de combustible, ya que los disturbios contin\u00faan extendi\u00e9ndose a trav\u00e9s de la naci\u00f3n rica en petr\u00f3leo. <\/p>\n<p class=\"speakable\">Los disturbios estallaron en el pa\u00eds africano el lunes despu\u00e9s de que las asociaciones de taxis del minib\u00fas lanzaron una huelga de tres d\u00edas contra un movimiento del gobierno para aumentar el precio del diesel en un tercio en un esfuerzo por frenar los costosos subsidios y apuntalar las finanzas p\u00fablicas, inform\u00f3 Reuterers.<\/p>\n<p><strong><u>El Papa Leo XIV condena un brutal ataque machete que mat\u00f3 a 49 cristianos durante la oraci\u00f3n en el Congo<\/u><\/strong><\/p>\n<div class=\"image-ct inline\">\n<div class=\"m\"><picture><source media=\"(max-width: 767px)\" srcset=\"https:\/\/a57.foxnews.com\/static.foxnews.com\/foxnews.com\/content\/uploads\/2025\/07\/343\/192\/angola-unrest.jpg?ve=1&amp;tl=1, https:\/\/a57.foxnews.com\/static.foxnews.com\/foxnews.com\/content\/uploads\/2025\/07\/686\/384\/angola-unrest.jpg?ve=1&amp;tl=1 2x\" height=\"192\" width=\"343\"><source media=\"(min-width: 768px) and (max-width: 1023px)\" srcset=\"https:\/\/a57.foxnews.com\/static.foxnews.com\/foxnews.com\/content\/uploads\/2025\/07\/672\/378\/angola-unrest.jpg?ve=1&amp;tl=1, https:\/\/a57.foxnews.com\/static.foxnews.com\/foxnews.com\/content\/uploads\/2025\/07\/1344\/756\/angola-unrest.jpg?ve=1&amp;tl=1 2x\" height=\"378\" width=\"672\"><source media=\"(min-width: 1024px) and (max-width: 1279px)\" srcset=\"https:\/\/a57.foxnews.com\/static.foxnews.com\/foxnews.com\/content\/uploads\/2025\/07\/931\/523\/angola-unrest.jpg?ve=1&amp;tl=1, https:\/\/a57.foxnews.com\/static.foxnews.com\/foxnews.com\/content\/uploads\/2025\/07\/1862\/1046\/angola-unrest.jpg?ve=1&amp;tl=1 2x\" height=\"523\" width=\"931\"><source media=\"(min-width: 1280px)\" srcset=\"https:\/\/a57.foxnews.com\/static.foxnews.com\/foxnews.com\/content\/uploads\/2025\/07\/720\/405\/angola-unrest.jpg?ve=1&amp;tl=1, https:\/\/a57.foxnews.com\/static.foxnews.com\/foxnews.com\/content\/uploads\/2025\/07\/1440\/810\/angola-unrest.jpg?ve=1&amp;tl=1 2x\" height=\"405\" width=\"720\"><img loading=\"lazy\" decoding=\"async\" src=\"https:\/\/a57.foxnews.com\/static.foxnews.com\/foxnews.com\/content\/uploads\/2025\/07\/1200\/675\/angola-unrest.jpg?ve=1&amp;tl=1\" alt=\"Disturbios en angola\" width=\"1200\" height=\"675\"\/><\/source><\/source><\/source><\/source><\/picture><\/div>\n<div class=\"info\">\n<div class=\"caption\">\n<p><span>Los oficiales de polic\u00eda antidisturbios de Angola est\u00e1n en formaci\u00f3n mientras los manifestantes se re\u00fanen en Luanda el 26 de julio de 2025 durante una protesta por los altos costos de vida.<\/span> <span>(Julio Paceo Ntela\/AFP a trav\u00e9s de Getty Images)<\/span><\/p>\n<\/div>\n<\/div>\n<\/div>\n<p>El saqueo, el vandalismo y los enfrentamientos entre manifestantes y autoridades comenzaron en la capital de Luanda antes de extenderse a al menos otras seis provincias. <\/p>\n<p>Funcionarios del gobierno se reunieron el mi\u00e9rcoles para obtener una actualizaci\u00f3n sobre el n\u00famero de muertos y la respuesta policial. <\/p>\n<p>Adem\u00e1s de las 22 muertes, la oficina del presidente Joao Lourenco dijo que hubo 197 personas heridas y m\u00e1s de 1,200 arrestos. Sesenta y seis tiendas y 25 veh\u00edculos fueron destrozados, y algunos supermercados y almacenes saqueados, seg\u00fan un comunicado presidencial.<\/p>\n<p><strong><u>M\u00faltiples personas asesinadas en incidente de tiroteo masivo en el mercado de Bangkok: polic\u00eda<\/u><\/strong><\/p>\n<div class=\"image-ct inline\">\n<div class=\"m\"><picture><source media=\"(max-width: 767px)\" srcset=\"https:\/\/a57.foxnews.com\/static.foxnews.com\/foxnews.com\/content\/uploads\/2025\/07\/343\/192\/angola-unrest1.jpg?ve=1&amp;tl=1, https:\/\/a57.foxnews.com\/static.foxnews.com\/foxnews.com\/content\/uploads\/2025\/07\/686\/384\/angola-unrest1.jpg?ve=1&amp;tl=1 2x\" height=\"192\" width=\"343\"><source media=\"(min-width: 768px) and (max-width: 1023px)\" srcset=\"https:\/\/a57.foxnews.com\/static.foxnews.com\/foxnews.com\/content\/uploads\/2025\/07\/672\/378\/angola-unrest1.jpg?ve=1&amp;tl=1, https:\/\/a57.foxnews.com\/static.foxnews.com\/foxnews.com\/content\/uploads\/2025\/07\/1344\/756\/angola-unrest1.jpg?ve=1&amp;tl=1 2x\" height=\"378\" width=\"672\"><source media=\"(min-width: 1024px) and (max-width: 1279px)\" srcset=\"https:\/\/a57.foxnews.com\/static.foxnews.com\/foxnews.com\/content\/uploads\/2025\/07\/931\/523\/angola-unrest1.jpg?ve=1&amp;tl=1, https:\/\/a57.foxnews.com\/static.foxnews.com\/foxnews.com\/content\/uploads\/2025\/07\/1862\/1046\/angola-unrest1.jpg?ve=1&amp;tl=1 2x\" height=\"523\" width=\"931\"><source media=\"(min-width: 1280px)\" srcset=\"https:\/\/a57.foxnews.com\/static.foxnews.com\/foxnews.com\/content\/uploads\/2025\/07\/720\/405\/angola-unrest1.jpg?ve=1&amp;tl=1, https:\/\/a57.foxnews.com\/static.foxnews.com\/foxnews.com\/content\/uploads\/2025\/07\/1440\/810\/angola-unrest1.jpg?ve=1&amp;tl=1 2x\" height=\"405\" width=\"720\"><img loading=\"lazy\" decoding=\"async\" src=\"https:\/\/a57.foxnews.com\/static.foxnews.com\/foxnews.com\/content\/uploads\/2025\/07\/1200\/675\/angola-unrest1.jpg?ve=1&amp;tl=1\" alt=\"Un veh\u00edculo quemado en la calle en Angola\" width=\"1200\" height=\"675\"\/><\/source><\/source><\/source><\/source><\/picture><\/div>\n<div class=\"info\">\n<div class=\"caption\">\n<p><span>Los residentes pasan por un supermercado saqueado en el distrito de Kalemba 2 de Luanda el 29 de julio durante una huelga general en el sector de taxis declarado durante tres d\u00edas para protestar contra los crecientes precios del combustible. <\/span> <span>(AFP a trav\u00e9s de Getty Images)<\/span><\/p>\n<\/div>\n<\/div>\n<\/div>\n<p>El ej\u00e9rcito fue desplegado para restaurar el orden como los disturbios \u00abdesencaden\u00f3 un clima de inseguridad generalizada\u00bb, dijo el comunicado.<\/p>\n<p>Desde 2023, Angola ha estado eliminando los subsidios de combustible, una pol\u00edtica alentada por el Fondo Monetario Internacional (FMI). Un aumento de precios ese a\u00f1o tambi\u00e9n provoc\u00f3 protestas mortales.<\/p>\n<div class=\"image-ct inline\">\n<div class=\"m\"><picture><source media=\"(max-width: 767px)\" srcset=\"https:\/\/a57.foxnews.com\/static.foxnews.com\/foxnews.com\/content\/uploads\/2025\/07\/343\/192\/angola-unrest2.jpg?ve=1&amp;tl=1, https:\/\/a57.foxnews.com\/static.foxnews.com\/foxnews.com\/content\/uploads\/2025\/07\/686\/384\/angola-unrest2.jpg?ve=1&amp;tl=1 2x\" height=\"192\" width=\"343\"><source media=\"(min-width: 768px) and (max-width: 1023px)\" srcset=\"https:\/\/a57.foxnews.com\/static.foxnews.com\/foxnews.com\/content\/uploads\/2025\/07\/672\/378\/angola-unrest2.jpg?ve=1&amp;tl=1, https:\/\/a57.foxnews.com\/static.foxnews.com\/foxnews.com\/content\/uploads\/2025\/07\/1344\/756\/angola-unrest2.jpg?ve=1&amp;tl=1 2x\" height=\"378\" width=\"672\"><source media=\"(min-width: 1024px) and (max-width: 1279px)\" srcset=\"https:\/\/a57.foxnews.com\/static.foxnews.com\/foxnews.com\/content\/uploads\/2025\/07\/931\/523\/angola-unrest2.jpg?ve=1&amp;tl=1, https:\/\/a57.foxnews.com\/static.foxnews.com\/foxnews.com\/content\/uploads\/2025\/07\/1862\/1046\/angola-unrest2.jpg?ve=1&amp;tl=1 2x\" height=\"523\" width=\"931\"><source media=\"(min-width: 1280px)\" srcset=\"https:\/\/a57.foxnews.com\/static.foxnews.com\/foxnews.com\/content\/uploads\/2025\/07\/720\/405\/angola-unrest2.jpg?ve=1&amp;tl=1, https:\/\/a57.foxnews.com\/static.foxnews.com\/foxnews.com\/content\/uploads\/2025\/07\/1440\/810\/angola-unrest2.jpg?ve=1&amp;tl=1 2x\" height=\"405\" width=\"720\"><img loading=\"lazy\" decoding=\"async\" src=\"https:\/\/a57.foxnews.com\/static.foxnews.com\/foxnews.com\/content\/uploads\/2025\/07\/1200\/675\/angola-unrest2.jpg?ve=1&amp;tl=1\" alt=\"Manifestantes en Angola en la calle\" width=\"1200\" height=\"675\"\/><\/source><\/source><\/source><\/source><\/picture><\/div>\n<div class=\"info\">\n<div class=\"caption\">\n<p><span>Los residentes llevan art\u00edculos a medida que el saqueo estall\u00f3 en el distrito de Kalemba 2 de Luanda el 28 de julio durante una huelga general en el sector de taxis declar\u00f3 durante tres d\u00edas para protestar contra el aumento de los precios del combustible. <\/span> <span>(AFP a trav\u00e9s de Getty Images)<\/span><\/p>\n<\/div>\n<\/div>\n<\/div>\n<p><strong>Haga clic aqu\u00ed para obtener la aplicaci\u00f3n Fox News<\/strong><\/p>\n<p>Los subsidios ascendieron a hasta el 4% del producto interno bruto (PIB) el a\u00f1o pasado, seg\u00fan el ministro de finanzas del pa\u00eds productor de petr\u00f3leo del sur de \u00c1frica.<\/p>\n<p> <!----> <\/div>\n\n","protected":false},"excerpt":{"rendered":"<p>NUEVO\u00a1Ahora puedes escuchar art\u00edculos de Fox News! Al menos 22 personas han muerto en medio de protestas violentas en Angola contra una caminata de combustible, ya que los disturbios contin\u00faan extendi\u00e9ndose a trav\u00e9s de la naci\u00f3n rica en petr\u00f3leo. Los disturbios estallaron en el pa\u00eds africano el lunes despu\u00e9s de que las asociaciones de taxis &hellip;<\/p>\n","protected":false},"author":1,"featured_media":38224,"comment_status":"open","ping_status":"open","sticky":false,"template":"","format":"standard","meta":{"fifu_image_url":"https:\/\/static.foxnews.com\/foxnews.com\/content\/uploads\/2025\/07\/angola-unrest1.jpg","fifu_image_alt":"","footnotes":""},"categories":[13],"tags":[],"class_list":["post-38222","post","type-post","status-publish","format-standard","has-post-thumbnail","","category-mundo"],"_links":{"self":[{"href":"https:\/\/noticiasveraces.com\/index.php?rest_route=\/wp\/v2\/posts\/38222","targetHints":{"allow":["GET"]}}],"collection":[{"href":"https:\/\/noticiasveraces.com\/index.php?rest_route=\/wp\/v2\/posts"}],"about":[{"href":"https:\/\/noticiasveraces.com\/index.php?rest_route=\/wp\/v2\/types\/post"}],"author":[{"embeddable":true,"href":"https:\/\/noticiasveraces.com\/index.php?rest_route=\/wp\/v2\/users\/1"}],"replies":[{"embeddable":true,"href":"https:\/\/noticiasveraces.com\/index.php?rest_route=%2Fwp%2Fv2%2Fcomments&post=38222"}],"version-history":[{"count":0,"href":"https:\/\/noticiasveraces.com\/index.php?rest_route=\/wp\/v2\/posts\/38222\/revisions"}],"wp:featuredmedia":[{"embeddable":true,"href":"https:\/\/noticiasveraces.com\/index.php?rest_route=\/wp\/v2\/media\/38224"}],"wp:attachment":[{"href":"https:\/\/noticiasveraces.com\/index.php?rest_route=%2Fwp%2Fv2%2Fmedia&parent=38222"}],"wp:term":[{"taxonomy":"category","embeddable":true,"href":"https:\/\/noticiasveraces.com\/index.php?rest_route=%2Fwp%2Fv2%2Fcategories&post=38222"},{"taxonomy":"post_tag","embeddable":true,"href":"https:\/\/noticiasveraces.com\/index.php?rest_route=%2Fwp%2Fv2%2Ftags&post=38222"}],"curies":[{"name":"wp","href":"https:\/\/api.w.org\/{rel}","templated":true}]}}