{"id":38215,"date":"2025-07-30T12:37:56","date_gmt":"2025-07-30T16:37:56","guid":{"rendered":"https:\/\/noticiasveraces.com\/?p=38215"},"modified":"2025-07-30T12:37:56","modified_gmt":"2025-07-30T16:37:56","slug":"pib-de-ee-uu-crece-mas-de-lo-esperado-en-segundo-trimestre-dw-30-07-2025","status":"publish","type":"post","link":"https:\/\/noticiasveraces.com\/?p=38215","title":{"rendered":"PIB de EE. UU. crece m\u00e1s de lo esperado en segundo trimestre \u2013 DW \u2013 30\/07\/2025"},"content":{"rendered":"<p> \n<\/p>\n<div data-tracking-name=\"rich-text\" data-tracking-skip=\"true\">\n<p>El producto interno bruto (PIB) de Estados Unidos creci\u00f3 3% en el segundo trimestre del a\u00f1o a ritmo anualizado, seg\u00fan datos oficiales publicados este mi\u00e9rcoles (30.07.2025), un avance que evidencia una recuperaci\u00f3n de la econom\u00eda y supera las previsiones de los analistas.<\/p>\n<p>La mayor econom\u00eda del mundo revierte as\u00ed la ca\u00edda de 0,5% de los primeros tres meses del a\u00f1o, de acuerdo al Departamento de Comercio.<\/p>\n<p>Esto llev\u00f3 r\u00e1pidamente al presidente estadounidense Donald Trump a pedir un recorte de las tasas de inter\u00e9s. El resultado \u00abes mucho mejor de lo esperado\u00bb, expres\u00f3 en su red Truth Social<svg xmlns=\"http:\/\/www.w3.org\/2000\/svg\" width=\"20\" height=\"20\" viewbox=\"0 0 20 20\"><path d=\"M11.5 3.5 11.5 4.233C14.342 4.233 15.167 4.245 15.167 4.258L8.984 10.467 10.033 11.516C14.826 6.725 16.228 5.333 16.242 5.333L16.267 9 17.733 9 17.733 2.767 11.5 2.767 11.5 3.5M2.267 11 2.267 17.233 16.733 17.233 16.733 12 15.267 12 15.25 15.75 9.5 15.75 3.75 15.75 3.75 6.25 9.5 6.233 9.5 4.767 2.267 4.767 2.267 11 \"\/><\/svg>. \u00abHay que bajar la tasa ya. No a la inflaci\u00f3n, que la gente compre y refinancie sus casas\u00bb, agreg\u00f3.<\/p>\n<p>\u00abEl aumento del PIB real en el segundo trimestre reflej\u00f3 principalmente una disminuci\u00f3n de las importaciones, que son una sustracci\u00f3n en el c\u00e1lculo del PIB\u00bb, declar\u00f3 el Departamento de Comercio. El repunte tambi\u00e9n reflej\u00f3 un aumento del gasto de los consumidores, seg\u00fan el informe.<\/p>\n<figure class=\"placeholder-image master_landscape big\"><img data-format=\"MASTER_LANDSCAPE\" data-id=\"73430170\" data-url=\"https:\/\/static.dw.com\/image\/73430170_${formatId}.jpg\" data-aspect-ratio=\"16\/9\" alt=\"Estados Unidos y la Uni\u00f3n Europea (UE) lograron un acuerdo comercial este\u00a0domingo que prev\u00e9 aranceles de 15% para las exportaciones europeas, anunci\u00f3 Trump tras entrevistarse con la presidenta de la Comisi\u00f3n Europea, Ursula von der Leyen, en Turnberry, en Escocia (imagen)\" style=\"padding-bottom: 56.25%; height: 0; max-height: 0;\"\/><figcaption class=\"img-caption\">Estados Unidos y la Uni\u00f3n Europea (UE) lograron un acuerdo comercial este\u00a0domingo que prev\u00e9 aranceles de 15% para las exportaciones europeas, anunci\u00f3 Trump tras entrevistarse con la presidenta de la Comisi\u00f3n Europea, Ursula von der Leyen, en Turnberry, en Escocia (imagen)<small class=\"copyright\">Imagen: Brendan Smialowski\/AFP\/Getty Images<\/small><\/figcaption><\/figure>\n<h2><strong>M\u00e9xico tambi\u00e9n crece<\/strong><\/h2>\n<p>La econom\u00eda mexicana, la segunda mayor de Am\u00e9rica Latina despu\u00e9s Brasil, creci\u00f3 1,2 % interanual en el segundo trimestre, indic\u00f3 el Instituto de Estad\u00edstica (Inegi) este mi\u00e9rcoles.<\/p>\n<p>Esto representa un crecimiento mayor a lo esperado en medio de la incertidumbre tras el amago de Trump de imponer a partir del 1 de agosto una tasa de 30% a las importaciones de este pa\u00eds, cuyo principal destino es el mercado estadounidense.<\/p>\n<p>\u00abEl Fondo Monetario (Internacional), ya ven que dec\u00eda que iba a caer la econom\u00eda, que iba a ser menos 0,3 % creo que dec\u00edan, y desde aqu\u00ed dijimos: &#8216;Se est\u00e1n equivocando&#8217;. La econom\u00eda de M\u00e9xico est\u00e1 fuerte, est\u00e1 s\u00f3lida\u00bb, asegur\u00f3 la presidenta mexicana Claudia Sheinbaum en su conferencia de prensa matutina.<\/p>\n<p>A tasa trimestral, el PIB mexicano creci\u00f3 0,7%, seg\u00fan el informe del INEGI. Este mejor desempe\u00f1o fue resultado del avance trimestral de 0,8% en el sector industrial y 0,7% en los servicios, mientras que el sector primario, que agrupa a la agricultura y la ganader\u00eda, cay\u00f3 1,3%.<\/p>\n<p>RR AFP\/Efe\/EL Economist<\/p>\n<\/div>\n\n","protected":false},"excerpt":{"rendered":"<p>El producto interno bruto (PIB) de Estados Unidos creci\u00f3 3% en el segundo trimestre del a\u00f1o a ritmo anualizado, seg\u00fan datos oficiales publicados este mi\u00e9rcoles (30.07.2025), un avance que evidencia una recuperaci\u00f3n de la econom\u00eda y supera las previsiones de los analistas. La mayor econom\u00eda del mundo revierte as\u00ed la ca\u00edda de 0,5% de los &hellip;<\/p>\n","protected":false},"author":1,"featured_media":38216,"comment_status":"open","ping_status":"open","sticky":false,"template":"","format":"standard","meta":{"fifu_image_url":"https:\/\/static.dw.com\/image\/73444938_6.jpg","fifu_image_alt":"","footnotes":""},"categories":[13],"tags":[],"class_list":["post-38215","post","type-post","status-publish","format-standard","has-post-thumbnail","","category-mundo"],"_links":{"self":[{"href":"https:\/\/noticiasveraces.com\/index.php?rest_route=\/wp\/v2\/posts\/38215","targetHints":{"allow":["GET"]}}],"collection":[{"href":"https:\/\/noticiasveraces.com\/index.php?rest_route=\/wp\/v2\/posts"}],"about":[{"href":"https:\/\/noticiasveraces.com\/index.php?rest_route=\/wp\/v2\/types\/post"}],"author":[{"embeddable":true,"href":"https:\/\/noticiasveraces.com\/index.php?rest_route=\/wp\/v2\/users\/1"}],"replies":[{"embeddable":true,"href":"https:\/\/noticiasveraces.com\/index.php?rest_route=%2Fwp%2Fv2%2Fcomments&post=38215"}],"version-history":[{"count":0,"href":"https:\/\/noticiasveraces.com\/index.php?rest_route=\/wp\/v2\/posts\/38215\/revisions"}],"wp:featuredmedia":[{"embeddable":true,"href":"https:\/\/noticiasveraces.com\/index.php?rest_route=\/wp\/v2\/media\/38216"}],"wp:attachment":[{"href":"https:\/\/noticiasveraces.com\/index.php?rest_route=%2Fwp%2Fv2%2Fmedia&parent=38215"}],"wp:term":[{"taxonomy":"category","embeddable":true,"href":"https:\/\/noticiasveraces.com\/index.php?rest_route=%2Fwp%2Fv2%2Fcategories&post=38215"},{"taxonomy":"post_tag","embeddable":true,"href":"https:\/\/noticiasveraces.com\/index.php?rest_route=%2Fwp%2Fv2%2Ftags&post=38215"}],"curies":[{"name":"wp","href":"https:\/\/api.w.org\/{rel}","templated":true}]}}