{"id":38195,"date":"2025-07-30T10:43:03","date_gmt":"2025-07-30T14:43:03","guid":{"rendered":"https:\/\/noticiasveraces.com\/?p=38195"},"modified":"2025-07-30T10:43:03","modified_gmt":"2025-07-30T14:43:03","slug":"black-sabbath-tiene-un-enlace-poco-probable-con-otra-gran-banda-de-rock-musica-entretenimiento","status":"publish","type":"post","link":"https:\/\/noticiasveraces.com\/?p=38195","title":{"rendered":"Black Sabbath tiene un enlace poco probable con otra gran banda de rock | M\u00fasica | Entretenimiento"},"content":{"rendered":"<p> \n<\/p>\n<div>\n<p>Los fan\u00e1ticos han descubierto una conexi\u00f3n inesperada entre dos de las bandas m\u00e1s reconocidas de Birmingham.<\/p>\n<p>Los entusiastas de la m\u00fasica solo ahora se est\u00e1n dando cuenta de que los dos grupos comparten m\u00e1s que solo su ciudad de origen.<\/p>\n<p>Algunos han admitido humor\u00edsticamente haber estado \u00abviviendo bajo un rock\u00bb despu\u00e9s de reconocer recientemente el v\u00ednculo entre el Black Sabbath y otra banda con frente de Ozzy Osbourne.<\/p>\n<p>La escena musical de Birmingham es el hogar de algunas de las bandas m\u00e1s aclamadas de la historia, incluidos Judas Priest, Duran Duran y la Orquesta de Luz El\u00e9ctrica.<\/p>\n<p>La banda liderada por Jeff Lynne, conocida por \u00e9xitos como Mr. Blue Sky y Evil Woman, ten\u00eda previsto realizar su espect\u00e1culo de despedida en Hyde Park a principios de este a\u00f1o, pero se cancel\u00f3 debido a razones de salud.<\/p>\n<\/div>\n<div>\n<p>El mismo d\u00eda que el primer show de la ciudad natal de Lynne, Black Sabbath toc\u00f3 su espect\u00e1culo de despedida en Villa Park en Aston. Esto marc\u00f3 la aparici\u00f3n final de Ozzy Osbourne, quien tristemente falleci\u00f3 solo 17 d\u00edas despu\u00e9s.<\/p>\n<p>La coincidencia de los dos espect\u00e1culos que tienen lugar en el mismo d\u00eda y en la misma ciudad es intrigante, pero hay otro v\u00ednculo entre la orquesta de luz el\u00e9ctrica y el s\u00e1bado negro.<\/p>\n<p>Una publicaci\u00f3n en la p\u00e1gina R\/ELO Reddit vio a un fan\u00e1tico revelar: \u00ab\u00bfC\u00f3mo no sab\u00eda que Sharon Osborne era la hija del gerente de ELO y fui de gira con ellos? Debo haber estado viviendo debajo de una roca\u00bb.<\/p>\n<p>Don Arden, el padre de Sharon Osbourne, administr\u00f3 la orquesta de luz el\u00e9ctrica por un tiempo. Arden tambi\u00e9n manej\u00f3 a Ozzy Osbourne hasta que Black Sabbath lo despidi\u00f3 en 1979.<\/p>\n<\/div>\n<div>\n<p>Los enlaces entre estas dos bandas se extienden a\u00fan m\u00e1s, ya que el baterista de Elo Bev Bevan se uni\u00f3 temporalmente a Black Sabbath durante su gira de 1980.<\/p>\n<p>Un entusiasta revel\u00f3: \u00abBev Bevan fue brevemente un recuerdo de Black Sabbath para una gira en los a\u00f1os 80. En realidad, hay mucha superposici\u00f3n entre Sabbath y Elo.<\/p>\n<p>\u00abBevan parece haber sido amigo de los miembros de Sabbath durante mucho tiempo. Aparentemente estaba saliendo con ellos en el escenario en el \u00faltimo concierto de Sabbath hace unas semanas\u00bb.<\/p>\n<p>Bevan tambi\u00e9n elogi\u00f3 los esfuerzos de Sharon Osbourne con la banda, ya que hab\u00eda tratado de dividirlos en el mercado estadounidense sin demora.<\/p>\n<p>Un comentario dice: \u00abLea el libro de Bevan, la misi\u00f3n de Sharon era establecer ELO en los Estados Unidos y lo hizo a una edad muy temprana. No descartar el trabajo de Don y David en Jet, pero ciertamente Sharon fue el m\u00e1s cercano a Elo.<\/p>\n<p>\u00abCuando tuvo que manejar el viaje, se sinti\u00f3 tan decepcionada. Una amiga me dijo ayer que escribi\u00f3 una autobiograf\u00eda hace a\u00f1os, yo tambi\u00e9n podr\u00eda comprobarlo\u00bb.<\/p>\n<p>Sharon incluso se puede ver en im\u00e1genes de un concierto de ELO, y un seguidor se\u00f1al\u00f3: \u00abSi tiene el video completo de Wembley 78, puede ver a Sharon Osborne pasando el rato al principio cuando se encuentran en el estadio e inmediatamente despu\u00e9s de que termine el concierto\u00bb.<\/p>\n<\/div>\n\n","protected":false},"excerpt":{"rendered":"<p>Los fan\u00e1ticos han descubierto una conexi\u00f3n inesperada entre dos de las bandas m\u00e1s reconocidas de Birmingham. Los entusiastas de la m\u00fasica solo ahora se est\u00e1n dando cuenta de que los dos grupos comparten m\u00e1s que solo su ciudad de origen. Algunos han admitido humor\u00edsticamente haber estado \u00abviviendo bajo un rock\u00bb despu\u00e9s de reconocer recientemente el &hellip;<\/p>\n","protected":false},"author":1,"featured_media":38196,"comment_status":"open","ping_status":"open","sticky":false,"template":"","format":"standard","meta":{"fifu_image_url":"https:\/\/cdn.images.express.co.uk\/img\/dynamic\/35\/1200x630\/6328974.jpg","fifu_image_alt":"","footnotes":""},"categories":[766],"tags":[],"class_list":["post-38195","post","type-post","status-publish","format-standard","has-post-thumbnail","","category-musica"],"_links":{"self":[{"href":"https:\/\/noticiasveraces.com\/index.php?rest_route=\/wp\/v2\/posts\/38195","targetHints":{"allow":["GET"]}}],"collection":[{"href":"https:\/\/noticiasveraces.com\/index.php?rest_route=\/wp\/v2\/posts"}],"about":[{"href":"https:\/\/noticiasveraces.com\/index.php?rest_route=\/wp\/v2\/types\/post"}],"author":[{"embeddable":true,"href":"https:\/\/noticiasveraces.com\/index.php?rest_route=\/wp\/v2\/users\/1"}],"replies":[{"embeddable":true,"href":"https:\/\/noticiasveraces.com\/index.php?rest_route=%2Fwp%2Fv2%2Fcomments&post=38195"}],"version-history":[{"count":0,"href":"https:\/\/noticiasveraces.com\/index.php?rest_route=\/wp\/v2\/posts\/38195\/revisions"}],"wp:featuredmedia":[{"embeddable":true,"href":"https:\/\/noticiasveraces.com\/index.php?rest_route=\/wp\/v2\/media\/38196"}],"wp:attachment":[{"href":"https:\/\/noticiasveraces.com\/index.php?rest_route=%2Fwp%2Fv2%2Fmedia&parent=38195"}],"wp:term":[{"taxonomy":"category","embeddable":true,"href":"https:\/\/noticiasveraces.com\/index.php?rest_route=%2Fwp%2Fv2%2Fcategories&post=38195"},{"taxonomy":"post_tag","embeddable":true,"href":"https:\/\/noticiasveraces.com\/index.php?rest_route=%2Fwp%2Fv2%2Ftags&post=38195"}],"curies":[{"name":"wp","href":"https:\/\/api.w.org\/{rel}","templated":true}]}}