{"id":38173,"date":"2025-07-30T06:28:58","date_gmt":"2025-07-30T10:28:58","guid":{"rendered":"https:\/\/noticiasveraces.com\/?p=38173"},"modified":"2025-07-30T06:28:58","modified_gmt":"2025-07-30T10:28:58","slug":"trump-descarta-los-movimientos-diplomaticos-de-macron-mientras-francia-busca-relevancia","status":"publish","type":"post","link":"https:\/\/noticiasveraces.com\/?p=38173","title":{"rendered":"Trump descarta los movimientos diplom\u00e1ticos de Macron mientras Francia busca relevancia"},"content":{"rendered":"<p> \n<\/p>\n<div>\n<div id=\"beyondwords-wrapper\" class=\"beyondwords-wrapper\">\n<p><span class=\"label-bg\">NUEVO<\/span>\u00a1Ahora puedes escuchar art\u00edculos de Fox News!\n  <\/p>\n<\/div>\n<p class=\"speakable\">Desde Gaza hasta Groenlandia, el presidente franc\u00e9s, Emmanuel Macron, parece estar tomando pu\u00f1aladas diplom\u00e1ticas cada vez m\u00e1s audaces en la pol\u00edtica exterior del presidente Donald Trump a pesar de que tales gestos no \u00abtienen peso\u00bb como se\u00f1al\u00f3 Trump la semana pasada despu\u00e9s de que el l\u00edder franc\u00e9s declar\u00f3 su intenci\u00f3n de reconocer a un estado palestino.<\/p>\n<p class=\"speakable\">\u00abLos presidentes franceses de Charles de Gaulle en adelante se han deleitado con la idea de que son un contrapeso natural para la pol\u00edtica exterior de los Estados Unidos en el escenario internacional\u00bb, dijo Alan Mendoza, director ejecutivo de la Sociedad Henry Jackson con sede en el Reino Unido, a Fox News Digital Monday.<\/p>\n<p>Charles de Gaulle fue el l\u00edder de larga data de Francia en las d\u00e9cadas de 1950 y 1960 y fue famosa resistente al dominio global estadounidense, retirando a su pa\u00eds de la estructura de comando militar de la OTAN en un intento por aumentar su independencia militar y criticar las pol\u00edticas estadounidenses en Europa del Este y Vietnam.<\/p>\n<p><strong>Trump rechaza el movimiento de Macron cuando EE. UU. Salta una cumbre de la ONU en el estado palestino<\/strong><\/p>\n<div class=\"image-ct inline\">\n<div class=\"m\"><picture><source media=\"(max-width: 767px)\" srcset=\"https:\/\/a57.foxnews.com\/static.foxnews.com\/foxnews.com\/content\/uploads\/2025\/02\/343\/192\/trump-and-macron-2.jpg?ve=1&amp;tl=1, https:\/\/a57.foxnews.com\/static.foxnews.com\/foxnews.com\/content\/uploads\/2025\/02\/686\/384\/trump-and-macron-2.jpg?ve=1&amp;tl=1 2x\" height=\"192\" width=\"343\"><source media=\"(min-width: 768px) and (max-width: 1023px)\" srcset=\"https:\/\/a57.foxnews.com\/static.foxnews.com\/foxnews.com\/content\/uploads\/2025\/02\/672\/378\/trump-and-macron-2.jpg?ve=1&amp;tl=1, https:\/\/a57.foxnews.com\/static.foxnews.com\/foxnews.com\/content\/uploads\/2025\/02\/1344\/756\/trump-and-macron-2.jpg?ve=1&amp;tl=1 2x\" height=\"378\" width=\"672\"><source media=\"(min-width: 1024px) and (max-width: 1279px)\" srcset=\"https:\/\/a57.foxnews.com\/static.foxnews.com\/foxnews.com\/content\/uploads\/2025\/02\/931\/523\/trump-and-macron-2.jpg?ve=1&amp;tl=1, https:\/\/a57.foxnews.com\/static.foxnews.com\/foxnews.com\/content\/uploads\/2025\/02\/1862\/1046\/trump-and-macron-2.jpg?ve=1&amp;tl=1 2x\" height=\"523\" width=\"931\"><source media=\"(min-width: 1280px)\" srcset=\"https:\/\/a57.foxnews.com\/static.foxnews.com\/foxnews.com\/content\/uploads\/2025\/02\/720\/405\/trump-and-macron-2.jpg?ve=1&amp;tl=1, https:\/\/a57.foxnews.com\/static.foxnews.com\/foxnews.com\/content\/uploads\/2025\/02\/1440\/810\/trump-and-macron-2.jpg?ve=1&amp;tl=1 2x\" height=\"405\" width=\"720\"><img loading=\"lazy\" decoding=\"async\" src=\"https:\/\/a57.foxnews.com\/static.foxnews.com\/foxnews.com\/content\/uploads\/2025\/02\/1200\/675\/trump-and-macron-2.jpg?ve=1&amp;tl=1\" alt=\"Trump y Macron\" width=\"1200\" height=\"675\"\/><\/source><\/source><\/source><\/source><\/picture><\/div>\n<div class=\"info\">\n<div class=\"caption\">\n<p><span>Macron se reuni\u00f3 con Trump en Washington en el tercer aniversario de la invasi\u00f3n militar a gran escala de Rusia de Ucrania. <\/span> <span>(Tasos Katopodis\/Getty Images)<\/span><\/p>\n<\/div>\n<\/div>\n<\/div>\n<p>Tales acciones contrarias, dijo Mendoza, \u00abhan definido de muchas maneras a la Quinta Rep\u00fablica francesa, con personajes m\u00e1s grandes que la vida impulsando sus puntos de vista al escenario mundial.<\/p>\n<p>\u00abLa diferencia ahora es que Francia importa mucho menos a nivel mundial que hace 60 a\u00f1os\u00bb, dijo, y agreg\u00f3 que un debilitamiento de la econom\u00eda del pa\u00eds europeo y sus militares podr\u00edan \u00absignifica que una vez que De Gaulle podr\u00eda rugir, ahora Macron gemela\u00bb. <\/p>\n<p>\u00abLo que una vez fue un signo de fuerza y confianza francesa ahora, por lo tanto, se parece m\u00e1s a un intento desesperado de escapar de la irrelevancia\u00bb, dijo Mendoza.<\/p>\n<p>En un anuncio dram\u00e1tico la semana pasada, Macron dijo que en la Asamblea General de las Naciones Unidas en septiembre, Francia, tiene la intenci\u00f3n de declarar su reconocimiento de un estado palestino, incluso cuando los grupos terroristas palestinos contin\u00faan luchando contra Israel en la Franja de Gaza. <\/p>\n<div class=\"image-ct inline\">\n<div class=\"m\"><picture><source media=\"(max-width: 767px)\" srcset=\"https:\/\/a57.foxnews.com\/static.foxnews.com\/foxnews.com\/content\/uploads\/2025\/06\/343\/192\/palestinian-ghf-aid-hamas-gaza.jpg?ve=1&amp;tl=1, https:\/\/a57.foxnews.com\/static.foxnews.com\/foxnews.com\/content\/uploads\/2025\/06\/686\/384\/palestinian-ghf-aid-hamas-gaza.jpg?ve=1&amp;tl=1 2x\" height=\"192\" width=\"343\"><source media=\"(min-width: 768px) and (max-width: 1023px)\" srcset=\"https:\/\/a57.foxnews.com\/static.foxnews.com\/foxnews.com\/content\/uploads\/2025\/06\/672\/378\/palestinian-ghf-aid-hamas-gaza.jpg?ve=1&amp;tl=1, https:\/\/a57.foxnews.com\/static.foxnews.com\/foxnews.com\/content\/uploads\/2025\/06\/1344\/756\/palestinian-ghf-aid-hamas-gaza.jpg?ve=1&amp;tl=1 2x\" height=\"378\" width=\"672\"><source media=\"(min-width: 1024px) and (max-width: 1279px)\" srcset=\"https:\/\/a57.foxnews.com\/static.foxnews.com\/foxnews.com\/content\/uploads\/2025\/06\/931\/523\/palestinian-ghf-aid-hamas-gaza.jpg?ve=1&amp;tl=1, https:\/\/a57.foxnews.com\/static.foxnews.com\/foxnews.com\/content\/uploads\/2025\/06\/1862\/1046\/palestinian-ghf-aid-hamas-gaza.jpg?ve=1&amp;tl=1 2x\" height=\"523\" width=\"931\"><source media=\"(min-width: 1280px)\" srcset=\"https:\/\/a57.foxnews.com\/static.foxnews.com\/foxnews.com\/content\/uploads\/2025\/06\/720\/405\/palestinian-ghf-aid-hamas-gaza.jpg?ve=1&amp;tl=1, https:\/\/a57.foxnews.com\/static.foxnews.com\/foxnews.com\/content\/uploads\/2025\/06\/1440\/810\/palestinian-ghf-aid-hamas-gaza.jpg?ve=1&amp;tl=1 2x\" height=\"405\" width=\"720\"><img loading=\"lazy\" decoding=\"async\" src=\"https:\/\/a57.foxnews.com\/static.foxnews.com\/foxnews.com\/content\/uploads\/2025\/06\/1200\/675\/palestinian-ghf-aid-hamas-gaza.jpg?ve=1&amp;tl=1\" alt=\"Los palestinos llevan ayuda humanitaria\" width=\"1200\" height=\"675\"\/><\/source><\/source><\/source><\/source><\/picture><\/div>\n<div class=\"info\">\n<div class=\"caption\">\n<p><span>Los palestinos llevan bolsas y cajas que contienen paquetes de ayuda y ayuda humanitaria entregados por la Fundaci\u00f3n Humanitaria de Gaza, una organizaci\u00f3n respaldada por Estados Unidos, en Rafah, Southern Gaza Strip, 16 de junio de 2025.<\/span> <span>(AP Photo\/Abdel Kareem Hana)<\/span><\/p>\n<\/div>\n<\/div>\n<\/div>\n<p>La declaraci\u00f3n atrajo la condena del primer ministro israel\u00ed Benjamin Netanyahu, quien dijo que tal movimiento \u00abrecompensa el terror\u00bb. <\/p>\n<p>Tambi\u00e9n fue criticado por el secretario de Estado Marco Rubio, quien calific\u00f3 la decisi\u00f3n \u00abimprudente\u00bb y \u00abuna bofetada a las v\u00edctimas del 7 de octubre\u00bb. Dijo que Estados Unidos rechaz\u00f3 fuertemente ese plan. <\/p>\n<p>Trump simplemente descart\u00f3 el movimiento de Gaza de Macron, dici\u00e9ndole a los periodistas de la Casa Blanca el viernes \u00ablo que dice que no importa\u00bb. <\/p>\n<p>\u00abEs un tipo muy bueno. Me gusta, pero esa declaraci\u00f3n no tiene peso\u00bb, dijo el presidente.<\/p>\n<p><strong>Macron Chide Trump, China sobre el comercio, Ucrania, Gaza: las pol\u00edticas &#8216;matar\u00e1n el orden global&#8217;<\/strong><\/p>\n<p>Esta no es la primera vez que el presidente ha descartado a Macron como intrascendente.<\/p>\n<p>El mes pasado, despu\u00e9s de que el presidente franc\u00e9s especul\u00f3 sobre las razones de Trump para abandonar la cumbre del G7 en Canad\u00e1 temprano y regresar a Washington, el presidente escribi\u00f3 en su plataforma social de la verdad: \u00ab\u00a1mal! No tiene idea de por qu\u00e9 ahora estoy en camino a Washington, pero ciertamente no tiene nada que ver con un alto el fuego. Mucho m\u00e1s grande que eso. Ya sea del prop\u00f3sito o no, Emmanuel siempre se equivoca. <\/p>\n<p>En la misma publicaci\u00f3n, Trump dijo que Macron estaba \u00abbuscando publicidad\u00bb. <\/p>\n<div class=\"image-ct inline\">\n<div class=\"m\"><picture><source media=\"(max-width: 767px)\" srcset=\"https:\/\/a57.foxnews.com\/static.foxnews.com\/foxnews.com\/content\/uploads\/2025\/07\/343\/192\/macron-greenland-scaled.jpg?ve=1&amp;tl=1, https:\/\/a57.foxnews.com\/static.foxnews.com\/foxnews.com\/content\/uploads\/2025\/07\/686\/384\/macron-greenland-scaled.jpg?ve=1&amp;tl=1 2x\" height=\"192\" width=\"343\"><source media=\"(min-width: 768px) and (max-width: 1023px)\" srcset=\"https:\/\/a57.foxnews.com\/static.foxnews.com\/foxnews.com\/content\/uploads\/2025\/07\/672\/378\/macron-greenland-scaled.jpg?ve=1&amp;tl=1, https:\/\/a57.foxnews.com\/static.foxnews.com\/foxnews.com\/content\/uploads\/2025\/07\/1344\/756\/macron-greenland-scaled.jpg?ve=1&amp;tl=1 2x\" height=\"378\" width=\"672\"><source media=\"(min-width: 1024px) and (max-width: 1279px)\" srcset=\"https:\/\/a57.foxnews.com\/static.foxnews.com\/foxnews.com\/content\/uploads\/2025\/07\/931\/523\/macron-greenland-scaled.jpg?ve=1&amp;tl=1, https:\/\/a57.foxnews.com\/static.foxnews.com\/foxnews.com\/content\/uploads\/2025\/07\/1862\/1046\/macron-greenland-scaled.jpg?ve=1&amp;tl=1 2x\" height=\"523\" width=\"931\"><source media=\"(min-width: 1280px)\" srcset=\"https:\/\/a57.foxnews.com\/static.foxnews.com\/foxnews.com\/content\/uploads\/2025\/07\/720\/405\/macron-greenland-scaled.jpg?ve=1&amp;tl=1, https:\/\/a57.foxnews.com\/static.foxnews.com\/foxnews.com\/content\/uploads\/2025\/07\/1440\/810\/macron-greenland-scaled.jpg?ve=1&amp;tl=1 2x\" height=\"405\" width=\"720\"><img loading=\"lazy\" decoding=\"async\" src=\"https:\/\/a57.foxnews.com\/static.foxnews.com\/foxnews.com\/content\/uploads\/2025\/07\/1200\/675\/macron-greenland-scaled.jpg?ve=1&amp;tl=1\" alt=\"Macron en Groenlandia\" width=\"1200\" height=\"675\"\/><\/source><\/source><\/source><\/source><\/picture><\/div>\n<div class=\"info\">\n<div class=\"caption\">\n<p><span>El presidente franc\u00e9s, Emmanuel Macron, hace gestos mientras se encuentra en el glaciar Mont Nunatarsuaq durante una visita a Groenlandia el 15 de junio de 2025. <\/span> <span>(Ludovic Marin\/AFP a trav\u00e9s de Getty Images)<\/span><\/p>\n<\/div>\n<\/div>\n<\/div>\n<p>Los comentarios despectivos se produjeron despu\u00e9s de que Macron contradeciera directamente la pol\u00edtica exterior de Trump al detenerse en su camino a la cumbre en el territorio semiaut\u00f3nomo del \u00c1rtico de Groenlandia, que Trump ha dicho que desea adquirir. <\/p>\n<p>\u00abGroenlandia no se debe vender, no ser tomada\u00bb, declar\u00f3 Macron en un pu\u00f1alado diplom\u00e1tico ante la pol\u00edtica exterior de Trump y aparentemente un intento de reunir el apoyo de otros pa\u00edses europeos para enfrentarse a los Estados Unidos. <\/p>\n<p>Cuando se le pregunt\u00f3 sobre las ambiciones de Trump para Groenlandia, Macron, seg\u00fan Reuters, dijo: \u00abNo creo que eso sea lo que hacen los aliados &#8230; Es importante que Dinamarca y los europeos se comprometan con este territorio, que tiene apuestas estrat\u00e9gicas muy altas y cuya integridad territorial debe ser respetada\u00bb.<\/p>\n<p>En febrero, el presidente franc\u00e9s realiz\u00f3 su primera visita a la Casa Blanca desde el regreso al poder de Trump, y aunque la reuni\u00f3n parec\u00eda ser c\u00e1lida, tambi\u00e9n se produjo en medio de la tensi\u00f3n sobre el enfoque estadounidense de la Guerra de Rusia-Ucrania.<\/p>\n<p>Horas antes de la reuni\u00f3n, Estados Unidos vot\u00f3 en contra de una resoluci\u00f3n de las Naciones Unidas redactadas por Ucrania y la Uni\u00f3n Europea condenando a Rusia por su invasi\u00f3n.<\/p>\n<div class=\"image-ct inline\">\n<div class=\"m\"><picture><source media=\"(max-width: 767px)\" srcset=\"https:\/\/a57.foxnews.com\/static.foxnews.com\/foxnews.com\/content\/uploads\/2025\/02\/343\/192\/trump-and-macron.jpg?ve=1&amp;tl=1, https:\/\/a57.foxnews.com\/static.foxnews.com\/foxnews.com\/content\/uploads\/2025\/02\/686\/384\/trump-and-macron.jpg?ve=1&amp;tl=1 2x\" height=\"192\" width=\"343\"><source media=\"(min-width: 768px) and (max-width: 1023px)\" srcset=\"https:\/\/a57.foxnews.com\/static.foxnews.com\/foxnews.com\/content\/uploads\/2025\/02\/672\/378\/trump-and-macron.jpg?ve=1&amp;tl=1, https:\/\/a57.foxnews.com\/static.foxnews.com\/foxnews.com\/content\/uploads\/2025\/02\/1344\/756\/trump-and-macron.jpg?ve=1&amp;tl=1 2x\" height=\"378\" width=\"672\"><source media=\"(min-width: 1024px) and (max-width: 1279px)\" srcset=\"https:\/\/a57.foxnews.com\/static.foxnews.com\/foxnews.com\/content\/uploads\/2025\/02\/931\/523\/trump-and-macron.jpg?ve=1&amp;tl=1, https:\/\/a57.foxnews.com\/static.foxnews.com\/foxnews.com\/content\/uploads\/2025\/02\/1862\/1046\/trump-and-macron.jpg?ve=1&amp;tl=1 2x\" height=\"523\" width=\"931\"><source media=\"(min-width: 1280px)\" srcset=\"https:\/\/a57.foxnews.com\/static.foxnews.com\/foxnews.com\/content\/uploads\/2025\/02\/720\/405\/trump-and-macron.jpg?ve=1&amp;tl=1, https:\/\/a57.foxnews.com\/static.foxnews.com\/foxnews.com\/content\/uploads\/2025\/02\/1440\/810\/trump-and-macron.jpg?ve=1&amp;tl=1 2x\" height=\"405\" width=\"720\"><img loading=\"lazy\" decoding=\"async\" src=\"https:\/\/a57.foxnews.com\/static.foxnews.com\/foxnews.com\/content\/uploads\/2025\/02\/1200\/675\/trump-and-macron.jpg?ve=1&amp;tl=1\" alt=\"Emmanuel Macron y Donald Trump\" width=\"1200\" height=\"675\"\/><\/source><\/source><\/source><\/source><\/picture><\/div>\n<div class=\"info\">\n<div class=\"caption\">\n<p><span>El presidente Donald Trump y el presidente franc\u00e9s Emmanuel Macron Shake Hands durante una conferencia de prensa conjunta en la sala este de la Casa Blanca el 24 de febrero en Washington, DC  <\/span> <span>(Tasos Katopodis\/Getty Images)<\/span><\/p>\n<\/div>\n<\/div>\n<\/div>\n<p>Las tensiones entre Macron y Trump no son personales, dijo Mendoza, pero tampoco son totalmente ideol\u00f3gicas. <\/p>\n<p>Se derivan del \u00abdeseo de ser relevante de Macron y de defender algo\u00bb, dijo. \u00abLos franceses son famosos contrarios, pero lo hacen por ser contrario\u00bb.<\/p>\n<p>Reuel Marc Gerecht, un erudito residente de la Fundaci\u00f3n para la Defensa de las Democracias, el grupo de expertos de Washington, DC, dijo que Macron no era \u00abdiferente a la mayor\u00eda de los l\u00edderes europeos &#8230; Trump simplemente no es su taza de t\u00e9\u00bb.<\/p>\n<p>\u00abLa mayor\u00eda ve a Trump como una fuerza convulsiva y hostil que ve la relaci\u00f3n hist\u00f3rica de Estados Unidos con Europa como transaccional\u00bb, dijo.  <\/p>\n<p><strong><u>Haga clic aqu\u00ed para obtener la aplicaci\u00f3n Fox News<\/u><\/strong><\/p>\n<p>\u00abMacron, como la mayor\u00eda de los l\u00edderes franceses, se define en parte contra los Estados Unidos\u00bb, agreg\u00f3 Gerecht, explicando que, tradicionalmente, Francia y Am\u00e9rica \u00abten\u00edan una &#8216;misi\u00f3n civilisatrice&#8217; o una misi\u00f3n competitiva de la Ilustraci\u00f3n\u00bb. <\/p>\n<p>\u00abLa manera estadounidense ha sido enormemente atractiva en Europa desde la Segunda Guerra Mundial, pero ha sido en parte a expensas de los franceses, que han perdido culturalmente mucho terreno ante los angl\u00f3fonos, especialmente los estadounidenses\u00bb, dijo. \u00abEn consecuencia, muchos franceses tienen una relaci\u00f3n de amor y odio con los Estados Unidos\u00bb   <\/p>\n<p>En Macron, Gerecht agreg\u00f3: \u00ab\u00c9l es parte de la \u00e9lite francesa. Son un lote brillante que golpean por encima de su peso, pero, educativamente, temperamentalmente, son casi lo opuesto a Trump\u00bb. <\/p>\n<p> <!----> <\/p>\n<div class=\"article-meta\">\n<div class=\"author-bio\">\n<p>Ruth Marks Eglash es una periodista veterana con sede en Jerusal\u00e9n, Israel. Ella informa y cubre el Medio Oriente y Europa. Originario del Reino Unido, tambi\u00e9n ha freelado para numerosos medios de comunicaci\u00f3n. Ruth se puede seguir en Twitter @reglash<\/p>\n<\/div>\n<\/div>\n<\/div>\n\n","protected":false},"excerpt":{"rendered":"<p>NUEVO\u00a1Ahora puedes escuchar art\u00edculos de Fox News! Desde Gaza hasta Groenlandia, el presidente franc\u00e9s, Emmanuel Macron, parece estar tomando pu\u00f1aladas diplom\u00e1ticas cada vez m\u00e1s audaces en la pol\u00edtica exterior del presidente Donald Trump a pesar de que tales gestos no \u00abtienen peso\u00bb como se\u00f1al\u00f3 Trump la semana pasada despu\u00e9s de que el l\u00edder franc\u00e9s declar\u00f3 &hellip;<\/p>\n","protected":false},"author":1,"featured_media":38175,"comment_status":"open","ping_status":"open","sticky":false,"template":"","format":"standard","meta":{"fifu_image_url":"https:\/\/static.foxnews.com\/foxnews.com\/content\/uploads\/2025\/02\/trump-macron.jpg","fifu_image_alt":"","footnotes":""},"categories":[13],"tags":[],"class_list":["post-38173","post","type-post","status-publish","format-standard","has-post-thumbnail","","category-mundo"],"_links":{"self":[{"href":"https:\/\/noticiasveraces.com\/index.php?rest_route=\/wp\/v2\/posts\/38173","targetHints":{"allow":["GET"]}}],"collection":[{"href":"https:\/\/noticiasveraces.com\/index.php?rest_route=\/wp\/v2\/posts"}],"about":[{"href":"https:\/\/noticiasveraces.com\/index.php?rest_route=\/wp\/v2\/types\/post"}],"author":[{"embeddable":true,"href":"https:\/\/noticiasveraces.com\/index.php?rest_route=\/wp\/v2\/users\/1"}],"replies":[{"embeddable":true,"href":"https:\/\/noticiasveraces.com\/index.php?rest_route=%2Fwp%2Fv2%2Fcomments&post=38173"}],"version-history":[{"count":0,"href":"https:\/\/noticiasveraces.com\/index.php?rest_route=\/wp\/v2\/posts\/38173\/revisions"}],"wp:featuredmedia":[{"embeddable":true,"href":"https:\/\/noticiasveraces.com\/index.php?rest_route=\/wp\/v2\/media\/38175"}],"wp:attachment":[{"href":"https:\/\/noticiasveraces.com\/index.php?rest_route=%2Fwp%2Fv2%2Fmedia&parent=38173"}],"wp:term":[{"taxonomy":"category","embeddable":true,"href":"https:\/\/noticiasveraces.com\/index.php?rest_route=%2Fwp%2Fv2%2Fcategories&post=38173"},{"taxonomy":"post_tag","embeddable":true,"href":"https:\/\/noticiasveraces.com\/index.php?rest_route=%2Fwp%2Fv2%2Ftags&post=38173"}],"curies":[{"name":"wp","href":"https:\/\/api.w.org\/{rel}","templated":true}]}}