{"id":38108,"date":"2025-07-29T18:44:19","date_gmt":"2025-07-29T22:44:19","guid":{"rendered":"https:\/\/noticiasveraces.com\/?p=38108"},"modified":"2025-07-29T18:44:19","modified_gmt":"2025-07-29T22:44:19","slug":"beca-segunda-oportunidad-de-la-comunidad-de-madrid-requisitos-tramites-y-cuantia","status":"publish","type":"post","link":"https:\/\/noticiasveraces.com\/?p=38108","title":{"rendered":"Beca Segunda Oportunidad de la Comunidad de Madrid: requisitos, tr\u00e1mites y cuant\u00eda"},"content":{"rendered":"<p> \n<\/p>\n<div>\n<p><picture class=\"aligncenter first-post-image\" title=\"beca segunda oportunidad comunidad de madrid\" data-no-lazy=\"true\"><source type=\"image\/webp\" srcset=\"https:\/\/www.economiafinanzas.com\/wp-content\/uploads\/2025\/07\/beca-segunda-oportunidad-de-la-Comunidad-de-Madrid.jpg.webp\"\/><img decoding=\"async\" fetchpriority=\"high\" src=\"https:\/\/www.economiafinanzas.com\/wp-content\/uploads\/2025\/07\/beca-segunda-oportunidad-de-la-Comunidad-de-Madrid.jpg\" alt=\"beca segunda oportunidad comunidad de madrid\" data-no-lazy=\"true\"\/>\n<\/picture><\/p>\n<p><strong>\u00bfTe gustar\u00eda retomar tus estudios y no sabes por d\u00f3nde empezar o crees que no puedes asumir el gasto?<\/strong> La Comunidad de Madrid ofrece la Beca Segunda Oportunidad, una ayuda dise\u00f1ada para j\u00f3venes que desean reengancharse a la formaci\u00f3n acad\u00e9mica, especialmente quienes necesitan mejorar su <strong>empleabilidad<\/strong> o buscan una certificaci\u00f3n oficial para encontrar trabajo. A continuaci\u00f3n, te contamos, de manera exhaustiva y clara, todo lo que necesitas saber sobre este programa: sus requisitos, c\u00f3mo funciona, a qui\u00e9n va dirigido, la dotaci\u00f3n econ\u00f3mica y todos los pasos que tienes que seguir para solicitarla con \u00e9xito.<\/p>\n<p><strong>La Beca Segunda Oportunidad es mucho m\u00e1s que una ayuda econ\u00f3mica: es el empuj\u00f3n necesario para quienes abandonaron sus estudios y quieren volver a las aulas.<\/strong> Si formas parte de ese colectivo de j\u00f3venes en la Comunidad de Madrid que busca una <strong>nueva oportunidad<\/strong> en el mundo acad\u00e9mico y laboral, aqu\u00ed tienes toda la informaci\u00f3n necesaria, desde los requisitos hasta el \u00faltimo tr\u00e1mite. \u00a1Vamos all\u00e1!<\/p>\n<h2>\u00bfQu\u00e9 es la Beca Segunda Oportunidad en la Comunidad de Madrid?<\/h2>\n<p><strong>La Beca Segunda Oportunidad es una convocatoria de becas impulsada por la Comunidad de Madrid<\/strong> que tiene como objetivo reducir el <strong>desempleo juvenil<\/strong> y facilitar el retorno a la formaci\u00f3n regulada. Su finalidad principal es ofrecer a j\u00f3venes en situaci\u00f3n de vulnerabilidad la posibilidad de obtener una cualificaci\u00f3n acad\u00e9mica o profesional que les abra las puertas al empleo.<\/p>\n<p><strong>\u00bfA qui\u00e9n est\u00e1 destinada esta ayuda?<\/strong> Principalmente a quienes presentan un mayor riesgo de exclusi\u00f3n social y laboral: personas migrantes, j\u00f3venes extutelados, quienes hayan abandonado los estudios de forma prematura, personas con discapacidad, miembros de minor\u00edas \u00e9tnicas o desempleados de larga duraci\u00f3n, entre otros.<\/p>\n<p>Esta beca favorece la <strong>inclusi\u00f3n educativa<\/strong> mediante incentivos para retomar o continuar estudios espec\u00edficos, como:<\/p>\n<ul>\n<li><strong>Curso de preparaci\u00f3n para obtener el t\u00edtulo de Graduado en ESO (para mayores de 18 a\u00f1os)<\/strong><\/li>\n<li><strong>Curso de acceso a ciclos formativos de Formaci\u00f3n Profesional de Grado Medio y Superior<\/strong><\/li>\n<li><strong>Formaci\u00f3n profesional de Grado Medio y Superior<\/strong><\/li>\n<li><strong>Programas profesionales para la obtenci\u00f3n de Certificados de Cualificaci\u00f3n Profesional<\/strong> (nivel 1) para personas sin el t\u00edtulo de la ESO<\/li>\n<\/ul>\n<p><strong>El programa est\u00e1 financiado por la Comunidad de Madrid junto al Fondo Social Europeo y su cuant\u00eda m\u00e1xima es de 2.800 euros anuales.<\/strong> La ayuda cubre parte de los gastos personales y la matr\u00edcula, seg\u00fan el coste del curso y el presupuesto disponible cada a\u00f1o.<\/p>\n<div class=\"post-relacionado-wrapper\"><picture fetchpriority=\"high\" decoding=\"async\" class=\"attachment-medium size-medium wp-post-image\"><source type=\"image\/webp\" data-lazy-srcset=\"https:\/\/www.economiafinanzas.com\/wp-content\/uploads\/2017\/02\/girl-1064659_1280-300x203.jpg.webp 300w, https:\/\/www.economiafinanzas.com\/wp-content\/uploads\/2017\/02\/girl-1064659_1280-768x518.jpg.webp 768w, https:\/\/www.economiafinanzas.com\/wp-content\/uploads\/2017\/02\/girl-1064659_1280-1024x691.jpg.webp 1024w, https:\/\/www.economiafinanzas.com\/wp-content\/uploads\/2017\/02\/girl-1064659_1280-830x560.jpg.webp 830w, https:\/\/www.economiafinanzas.com\/wp-content\/uploads\/2017\/02\/girl-1064659_1280-400x270.jpg.webp 400w, https:\/\/www.economiafinanzas.com\/wp-content\/uploads\/2017\/02\/girl-1064659_1280-444x300.jpg.webp 444w, https:\/\/www.economiafinanzas.com\/wp-content\/uploads\/2017\/02\/girl-1064659_1280.jpg.webp 1280w\" sizes=\"(max-width: 300px) 100vw, 300px\"\/><img fetchpriority=\"high\" decoding=\"async\" width=\"300\" height=\"203\" alt=\"oportunidad\" srcset=\"https:\/\/www.economiafinanzas.com\/wp-content\/uploads\/2017\/02\/girl-1064659_1280-300x203.jpg 300w, https:\/\/www.economiafinanzas.com\/wp-content\/uploads\/2017\/02\/girl-1064659_1280-768x518.jpg 768w, https:\/\/www.economiafinanzas.com\/wp-content\/uploads\/2017\/02\/girl-1064659_1280-1024x691.jpg 1024w, https:\/\/www.economiafinanzas.com\/wp-content\/uploads\/2017\/02\/girl-1064659_1280-830x560.jpg 830w, https:\/\/www.economiafinanzas.com\/wp-content\/uploads\/2017\/02\/girl-1064659_1280-400x270.jpg 400w, https:\/\/www.economiafinanzas.com\/wp-content\/uploads\/2017\/02\/girl-1064659_1280-444x300.jpg 444w, https:\/\/www.economiafinanzas.com\/wp-content\/uploads\/2017\/02\/girl-1064659_1280.jpg 1280w\" data-lazy-sizes=\"(max-width: 300px) 100vw, 300px\" src=\"https:\/\/www.economiafinanzas.com\/wp-content\/uploads\/2017\/02\/girl-1064659_1280-300x203.jpg\"\/><img fetchpriority=\"high\" decoding=\"async\" width=\"300\" height=\"203\" src=\"https:\/\/www.economiafinanzas.com\/wp-content\/uploads\/2017\/02\/girl-1064659_1280-300x203.jpg\" alt=\"oportunidad\" srcset=\"https:\/\/www.economiafinanzas.com\/wp-content\/uploads\/2017\/02\/girl-1064659_1280-300x203.jpg 300w, https:\/\/www.economiafinanzas.com\/wp-content\/uploads\/2017\/02\/girl-1064659_1280-768x518.jpg 768w, https:\/\/www.economiafinanzas.com\/wp-content\/uploads\/2017\/02\/girl-1064659_1280-1024x691.jpg 1024w, https:\/\/www.economiafinanzas.com\/wp-content\/uploads\/2017\/02\/girl-1064659_1280-830x560.jpg 830w, https:\/\/www.economiafinanzas.com\/wp-content\/uploads\/2017\/02\/girl-1064659_1280-400x270.jpg 400w, https:\/\/www.economiafinanzas.com\/wp-content\/uploads\/2017\/02\/girl-1064659_1280-444x300.jpg 444w, https:\/\/www.economiafinanzas.com\/wp-content\/uploads\/2017\/02\/girl-1064659_1280.jpg 1280w\" sizes=\"(max-width: 300px) 100vw, 300px\"\/>\n<\/picture>\n<div>\n<p>Art\u00edculo relacionado:<\/p>\n<p>Valores que siempre te dan una segunda oportunidad<\/p>\n<\/div>\n<\/div>\n<h2>\u00bfQu\u00e9 requisitos debes cumplir para solicitar la Beca Segunda Oportunidad?<\/h2>\n<p><strong>Es fundamental comprobar que cumples todos los requisitos antes de hacer la solicitud<\/strong>. Aqu\u00ed los tienes desglosados:<\/p>\n<ul>\n<li><strong>Estar inscrito en el Sistema Nacional de Garant\u00eda Juvenil<\/strong> como beneficiario. Es un tr\u00e1mite imprescindible para poder optar.<\/li>\n<li><strong>Estar matriculado o tener reserva de plaza para el curso vigente<\/strong> en alg\u00fan centro educativo autorizado en la Comunidad de Madrid. Aplica tanto a FP p\u00fablica, privada o concertada, y cursos espec\u00edficos de acceso o preparaci\u00f3n a pruebas oficiales.<\/li>\n<li><strong>Firma obligatoria de la solicitud<\/strong>: debe estar firmada por el propio alumno y por cada uno de los miembros mayores de edad de la unidad familiar que aparecen en la solicitud.<\/li>\n<li><strong>Cumplir con los requisitos acad\u00e9micos y econ\u00f3micos<\/strong> detallados en la convocatoria: no superar los umbrales de renta establecidos y estar dentro de los colectivos priorizados.<\/li>\n<li><strong>Presentar la solicitud y la documentaci\u00f3n requerida dentro del plazo indicado<\/strong>. Es fundamental respetar las fechas, ya que fuera de plazo no se admiten solicitudes.<\/li>\n<\/ul>\n<p><strong>Si eres mayor de edad o un menor emancipado, puedes solicitar la beca para ti mismo\/a directamente.<\/strong> El c\u00e1lculo econ\u00f3mico se basa en la renta per c\u00e1pita de la unidad familiar en el a\u00f1o fiscal anterior al de la convocatoria, incluyendo tus ingresos y los de quienes conviven contigo.<\/p>\n<div class=\"post-relacionado-wrapper\"><picture decoding=\"async\" class=\"attachment-medium size-medium wp-post-image\"><source type=\"image\/webp\" data-lazy-srcset=\"https:\/\/www.economiafinanzas.com\/wp-content\/uploads\/2016\/10\/medications-257333_1280-300x199.jpg.webp 300w, https:\/\/www.economiafinanzas.com\/wp-content\/uploads\/2016\/10\/medications-257333_1280-768x508.jpg.webp 768w, https:\/\/www.economiafinanzas.com\/wp-content\/uploads\/2016\/10\/medications-257333_1280-1024x678.jpg.webp 1024w, https:\/\/www.economiafinanzas.com\/wp-content\/uploads\/2016\/10\/medications-257333_1280-830x549.jpg.webp 830w, https:\/\/www.economiafinanzas.com\/wp-content\/uploads\/2016\/10\/medications-257333_1280-400x265.jpg.webp 400w, https:\/\/www.economiafinanzas.com\/wp-content\/uploads\/2016\/10\/medications-257333_1280-453x300.jpg.webp 453w, https:\/\/www.economiafinanzas.com\/wp-content\/uploads\/2016\/10\/medications-257333_1280.jpg.webp 1280w\" sizes=\"(max-width: 300px) 100vw, 300px\"\/><img loading=\"lazy\" decoding=\"async\" width=\"300\" height=\"199\" alt=\"dinero\" srcset=\"https:\/\/www.economiafinanzas.com\/wp-content\/uploads\/2016\/10\/medications-257333_1280-300x199.jpg 300w, https:\/\/www.economiafinanzas.com\/wp-content\/uploads\/2016\/10\/medications-257333_1280-768x508.jpg 768w, https:\/\/www.economiafinanzas.com\/wp-content\/uploads\/2016\/10\/medications-257333_1280-1024x678.jpg 1024w, https:\/\/www.economiafinanzas.com\/wp-content\/uploads\/2016\/10\/medications-257333_1280-830x549.jpg 830w, https:\/\/www.economiafinanzas.com\/wp-content\/uploads\/2016\/10\/medications-257333_1280-400x265.jpg 400w, https:\/\/www.economiafinanzas.com\/wp-content\/uploads\/2016\/10\/medications-257333_1280-453x300.jpg 453w, https:\/\/www.economiafinanzas.com\/wp-content\/uploads\/2016\/10\/medications-257333_1280.jpg 1280w\" data-lazy-sizes=\"(max-width: 300px) 100vw, 300px\" src=\"https:\/\/www.economiafinanzas.com\/wp-content\/uploads\/2016\/10\/medications-257333_1280-300x199.jpg\"\/><img loading=\"lazy\" decoding=\"async\" width=\"300\" height=\"199\" src=\"https:\/\/www.economiafinanzas.com\/wp-content\/uploads\/2016\/10\/medications-257333_1280-300x199.jpg\" alt=\"dinero\" srcset=\"https:\/\/www.economiafinanzas.com\/wp-content\/uploads\/2016\/10\/medications-257333_1280-300x199.jpg 300w, https:\/\/www.economiafinanzas.com\/wp-content\/uploads\/2016\/10\/medications-257333_1280-768x508.jpg 768w, https:\/\/www.economiafinanzas.com\/wp-content\/uploads\/2016\/10\/medications-257333_1280-1024x678.jpg 1024w, https:\/\/www.economiafinanzas.com\/wp-content\/uploads\/2016\/10\/medications-257333_1280-830x549.jpg 830w, https:\/\/www.economiafinanzas.com\/wp-content\/uploads\/2016\/10\/medications-257333_1280-400x265.jpg 400w, https:\/\/www.economiafinanzas.com\/wp-content\/uploads\/2016\/10\/medications-257333_1280-453x300.jpg 453w, https:\/\/www.economiafinanzas.com\/wp-content\/uploads\/2016\/10\/medications-257333_1280.jpg 1280w\" sizes=\"auto, (max-width: 300px) 100vw, 300px\"\/>\n<\/picture>\n<div>\n<p>Art\u00edculo relacionado:<\/p>\n<p>Las causas m\u00e1s habituales por las que pierdes dinero en la bolsa<\/p>\n<\/div>\n<\/div>\n<h2>\u00bfQu\u00e9 estudios cubre exactamente la Beca Segunda Oportunidad?<\/h2>\n<p><strong>Esta beca est\u00e1 destinada a quienes desean obtener una titulaci\u00f3n oficial que les permita acceder a mejores oportunidades laborales.<\/strong> Los principales estudios subvencionados por la convocatoria son:<\/p>\n<ul>\n<li><strong>Cursos de preparaci\u00f3n para la prueba de ESO para mayores de 18 a\u00f1os<\/strong><\/li>\n<li><strong>Cursos de acceso a ciclos formativos de Grado Medio o Superior<\/strong><\/li>\n<li><strong>Ciclos formativos de Grado Medio y de Grado Superior de FP<\/strong><\/li>\n<li><strong>Programas profesionales para Certificados de Cualificaci\u00f3n Profesional<\/strong> (nivel 1), dirigidos a j\u00f3venes sin la titulaci\u00f3n m\u00ednima de Educaci\u00f3n Secundaria Obligatoria<\/li>\n<\/ul>\n<p><strong>El curso debe impartirse en un centro situado en la Comunidad de Madrid y autorizado por la Consejer\u00eda competente<\/strong>. Tambi\u00e9n pueden acceder quienes se matriculen en programas desarrollados por entidades colaboradoras sin \u00e1nimo de lucro que no reciban otras ayudas p\u00fablicas.<\/p>\n<div class=\"post-relacionado-wrapper\"><picture decoding=\"async\" class=\"attachment-medium size-medium wp-post-image\"><source type=\"image\/webp\" data-lazy-srcset=\"https:\/\/www.economiafinanzas.com\/wp-content\/uploads\/2018\/12\/wind-farm-1747331_1280-300x200.jpg.webp 300w, https:\/\/www.economiafinanzas.com\/wp-content\/uploads\/2018\/12\/wind-farm-1747331_1280-1024x682.jpg.webp 1024w, https:\/\/www.economiafinanzas.com\/wp-content\/uploads\/2018\/12\/wind-farm-1747331_1280-830x553.jpg.webp 830w, https:\/\/www.economiafinanzas.com\/wp-content\/uploads\/2018\/12\/wind-farm-1747331_1280-400x267.jpg.webp 400w, https:\/\/www.economiafinanzas.com\/wp-content\/uploads\/2018\/12\/wind-farm-1747331_1280-450x300.jpg.webp 450w, https:\/\/www.economiafinanzas.com\/wp-content\/uploads\/2018\/12\/wind-farm-1747331_1280.jpg.webp 1280w\" sizes=\"(max-width: 300px) 100vw, 300px\"\/><img loading=\"lazy\" decoding=\"async\" width=\"300\" height=\"200\" alt=\"renovables\" srcset=\"https:\/\/www.economiafinanzas.com\/wp-content\/uploads\/2018\/12\/wind-farm-1747331_1280-300x200.jpg 300w, https:\/\/www.economiafinanzas.com\/wp-content\/uploads\/2018\/12\/wind-farm-1747331_1280-1024x682.jpg 1024w, https:\/\/www.economiafinanzas.com\/wp-content\/uploads\/2018\/12\/wind-farm-1747331_1280-830x553.jpg 830w, https:\/\/www.economiafinanzas.com\/wp-content\/uploads\/2018\/12\/wind-farm-1747331_1280-400x267.jpg 400w, https:\/\/www.economiafinanzas.com\/wp-content\/uploads\/2018\/12\/wind-farm-1747331_1280-450x300.jpg 450w, https:\/\/www.economiafinanzas.com\/wp-content\/uploads\/2018\/12\/wind-farm-1747331_1280.jpg 1280w\" data-lazy-sizes=\"(max-width: 300px) 100vw, 300px\" src=\"https:\/\/www.economiafinanzas.com\/wp-content\/uploads\/2018\/12\/wind-farm-1747331_1280-300x200.jpg\"\/><img loading=\"lazy\" decoding=\"async\" width=\"300\" height=\"200\" src=\"https:\/\/www.economiafinanzas.com\/wp-content\/uploads\/2018\/12\/wind-farm-1747331_1280-300x200.jpg\" alt=\"renovables\" srcset=\"https:\/\/www.economiafinanzas.com\/wp-content\/uploads\/2018\/12\/wind-farm-1747331_1280-300x200.jpg 300w, https:\/\/www.economiafinanzas.com\/wp-content\/uploads\/2018\/12\/wind-farm-1747331_1280-1024x682.jpg 1024w, https:\/\/www.economiafinanzas.com\/wp-content\/uploads\/2018\/12\/wind-farm-1747331_1280-830x553.jpg 830w, https:\/\/www.economiafinanzas.com\/wp-content\/uploads\/2018\/12\/wind-farm-1747331_1280-400x267.jpg 400w, https:\/\/www.economiafinanzas.com\/wp-content\/uploads\/2018\/12\/wind-farm-1747331_1280-450x300.jpg 450w, https:\/\/www.economiafinanzas.com\/wp-content\/uploads\/2018\/12\/wind-farm-1747331_1280.jpg 1280w\" sizes=\"auto, (max-width: 300px) 100vw, 300px\"\/>\n<\/picture>\n<div>\n<p>Art\u00edculo relacionado:<\/p>\n<p>Oportunidades de inversi\u00f3n en la renta variable<\/p>\n<\/div>\n<\/div>\n<h2>\u00bfQui\u00e9n puede resultar beneficiario de la beca?<\/h2>\n<p><strong>La selecci\u00f3n de candidatos para esta beca es especialmente rigurosa<\/strong> y prioriza a quienes se encuentran en situaciones de mayor <strong>desprotecci\u00f3n social o econ\u00f3mica<\/strong>:<\/p>\n<ul>\n<li><strong>J\u00f3venes con discapacidad (igual o superior al 33%)<\/strong><\/li>\n<li><strong>V\u00edctimas de violencia de g\u00e9nero o del terrorismo<\/strong><\/li>\n<li><strong>Personas en situaci\u00f3n de acogimiento familiar<\/strong><\/li>\n<li>Progenitores, tutores o encargados de la guarda de alumnos en los casos estipulados en la convocatoria<\/li>\n<\/ul>\n<p><strong>La renta familiar es el criterio principal para la concesi\u00f3n:<\/strong> Cuanto menor sea la renta per c\u00e1pita, mayor ser\u00e1 la prioridad en la distribuci\u00f3n de ayudas. Si se agota el presupuesto, se atender\u00e1 por orden creciente de renta, dentro de los perfiles priorizados.<\/p>\n<div class=\"post-relacionado-wrapper\"><img loading=\"lazy\" decoding=\"async\" width=\"300\" height=\"143\" class=\"attachment-medium size-medium wp-post-image\" alt=\"|||||||||\" srcset=\"https:\/\/www.economiafinanzas.com\/wp-content\/uploads\/2023\/11\/curso-formacion-inversion-criptomonedas-65-300x143.jpg 300w, https:\/\/www.economiafinanzas.com\/wp-content\/uploads\/2023\/11\/curso-formacion-inversion-criptomonedas-65-768x366.jpg 768w, https:\/\/www.economiafinanzas.com\/wp-content\/uploads\/2023\/11\/curso-formacion-inversion-criptomonedas-65-400x191.jpg 400w, https:\/\/www.economiafinanzas.com\/wp-content\/uploads\/2023\/11\/curso-formacion-inversion-criptomonedas-65-500x238.jpg 500w, https:\/\/www.economiafinanzas.com\/wp-content\/uploads\/2023\/11\/curso-formacion-inversion-criptomonedas-65-420x200.jpg 420w, https:\/\/www.economiafinanzas.com\/wp-content\/uploads\/2023\/11\/curso-formacion-inversion-criptomonedas-65-840x400.jpg 840w, https:\/\/www.economiafinanzas.com\/wp-content\/uploads\/2023\/11\/curso-formacion-inversion-criptomonedas-65-150x71.jpg 150w, https:\/\/www.economiafinanzas.com\/wp-content\/uploads\/2023\/11\/curso-formacion-inversion-criptomonedas-65.jpg 1024w\" data-lazy-sizes=\"(max-width: 300px) 100vw, 300px\" src=\"https:\/\/www.economiafinanzas.com\/wp-content\/uploads\/2023\/11\/curso-formacion-inversion-criptomonedas-65-300x143.jpg\"\/><img loading=\"lazy\" decoding=\"async\" width=\"300\" height=\"143\" src=\"https:\/\/www.economiafinanzas.com\/wp-content\/uploads\/2023\/11\/curso-formacion-inversion-criptomonedas-65-300x143.jpg\" class=\"attachment-medium size-medium wp-post-image\" alt=\"|||||||||\" srcset=\"https:\/\/www.economiafinanzas.com\/wp-content\/uploads\/2023\/11\/curso-formacion-inversion-criptomonedas-65-300x143.jpg 300w, https:\/\/www.economiafinanzas.com\/wp-content\/uploads\/2023\/11\/curso-formacion-inversion-criptomonedas-65-768x366.jpg 768w, https:\/\/www.economiafinanzas.com\/wp-content\/uploads\/2023\/11\/curso-formacion-inversion-criptomonedas-65-400x191.jpg 400w, https:\/\/www.economiafinanzas.com\/wp-content\/uploads\/2023\/11\/curso-formacion-inversion-criptomonedas-65-500x238.jpg 500w, https:\/\/www.economiafinanzas.com\/wp-content\/uploads\/2023\/11\/curso-formacion-inversion-criptomonedas-65-420x200.jpg 420w, https:\/\/www.economiafinanzas.com\/wp-content\/uploads\/2023\/11\/curso-formacion-inversion-criptomonedas-65-840x400.jpg 840w, https:\/\/www.economiafinanzas.com\/wp-content\/uploads\/2023\/11\/curso-formacion-inversion-criptomonedas-65-150x71.jpg 150w, https:\/\/www.economiafinanzas.com\/wp-content\/uploads\/2023\/11\/curso-formacion-inversion-criptomonedas-65.jpg 1024w\" sizes=\"auto, (max-width: 300px) 100vw, 300px\"\/><\/p>\n<div>\n<p>Art\u00edculo relacionado:<\/p>\n<p>El futuro de la inversi\u00f3n en criptomonedas del sector DeFi<\/p>\n<\/div>\n<\/div>\n<h2>\u00bfCu\u00e1l es la cuant\u00eda econ\u00f3mica de la ayuda?<\/h2>\n<p><strong>La cuant\u00eda m\u00e1xima que puede recibir cada beneficiario es de 2.800 euros en el curso acad\u00e9mico<\/strong> (de septiembre a junio), con pagos mensuales que nunca superan el coste real del curso subvencionado. El presupuesto total destinado por la Comunidad de Madrid para esta convocatoria asciende a 15 millones de euros.<\/p>\n<p>Este importe se distribuye en funci\u00f3n del n\u00famero de solicitantes, la renta familiar y el coste de los estudios. <strong>En caso de que el presupuesto no alcance para todas las solicitudes, se prioriza a quienes presenten menor renta per c\u00e1pita familiar.<\/strong><\/p>\n<p>El pago de la beca generalmente se realiza en varios plazos durante el curso, dependiendo del avance del expediente, matr\u00edcula y asistencia regular.<\/p>\n<h2>Procedimiento para solicitar la Beca Segunda Oportunidad<\/h2>\n<p><strong>El proceso de solicitud es bastante sencillo si tienes preparada toda la documentaci\u00f3n<\/strong>. Puedes optar por:<\/p>\n<ul>\n<li><strong>Tramitaci\u00f3n digital:<\/strong> Presentar la solicitud en l\u00ednea a trav\u00e9s del portal oficial de la Comunidad de Madrid, usando firma electr\u00f3nica reconocida.<\/li>\n<li><strong>Tramitaci\u00f3n presencial:<\/strong> Descargar, completar y presentar el formulario en los lugares habilitados (oficinas de registro, atenci\u00f3n al ciudadano, etc.).<\/li>\n<\/ul>\n<p><strong>Pasos b\u00e1sicos para la solicitud:<\/strong><\/p>\n<ol>\n<li>Acceder a la web de la Comunidad de Madrid y localizar la convocatoria.<\/li>\n<li>Preparar toda la documentaci\u00f3n en formato digital o papel, seg\u00fan corresponda.<\/li>\n<li>Completar el formulario de solicitud; en l\u00ednea, puedes guardar borradores o recuperarla posteriormente.<\/li>\n<li>Adjuntar la documentaci\u00f3n y enviar la solicitud. No olvides firmar en los apartados obligatorios.<\/li>\n<li>Si optas por la v\u00eda presencial, firma e imprime todos los documentos antes de entregarlos.<\/li>\n<\/ol>\n<div class=\"post-relacionado-wrapper\"><picture decoding=\"async\" class=\"attachment-medium size-medium wp-post-image\"><source type=\"image\/webp\" data-lazy-srcset=\"https:\/\/www.economiafinanzas.com\/wp-content\/uploads\/2016\/12\/business-1730089_1280-1-300x200.jpg.webp 300w, https:\/\/www.economiafinanzas.com\/wp-content\/uploads\/2016\/12\/business-1730089_1280-1-768x512.jpg.webp 768w, https:\/\/www.economiafinanzas.com\/wp-content\/uploads\/2016\/12\/business-1730089_1280-1-1024x682.jpg.webp 1024w, https:\/\/www.economiafinanzas.com\/wp-content\/uploads\/2016\/12\/business-1730089_1280-1-830x553.jpg.webp 830w, https:\/\/www.economiafinanzas.com\/wp-content\/uploads\/2016\/12\/business-1730089_1280-1-400x267.jpg.webp 400w, https:\/\/www.economiafinanzas.com\/wp-content\/uploads\/2016\/12\/business-1730089_1280-1-450x300.jpg.webp 450w, https:\/\/www.economiafinanzas.com\/wp-content\/uploads\/2016\/12\/business-1730089_1280-1.jpg.webp 1280w\" sizes=\"(max-width: 300px) 100vw, 300px\"\/><img loading=\"lazy\" decoding=\"async\" width=\"300\" height=\"200\" alt=\"Fondos de Hedges\" srcset=\"https:\/\/www.economiafinanzas.com\/wp-content\/uploads\/2016\/12\/business-1730089_1280-1-300x200.jpg 300w, https:\/\/www.economiafinanzas.com\/wp-content\/uploads\/2016\/12\/business-1730089_1280-1-768x512.jpg 768w, https:\/\/www.economiafinanzas.com\/wp-content\/uploads\/2016\/12\/business-1730089_1280-1-1024x682.jpg 1024w, https:\/\/www.economiafinanzas.com\/wp-content\/uploads\/2016\/12\/business-1730089_1280-1-830x553.jpg 830w, https:\/\/www.economiafinanzas.com\/wp-content\/uploads\/2016\/12\/business-1730089_1280-1-400x267.jpg 400w, https:\/\/www.economiafinanzas.com\/wp-content\/uploads\/2016\/12\/business-1730089_1280-1-450x300.jpg 450w, https:\/\/www.economiafinanzas.com\/wp-content\/uploads\/2016\/12\/business-1730089_1280-1.jpg 1280w\" data-lazy-sizes=\"(max-width: 300px) 100vw, 300px\" src=\"https:\/\/www.economiafinanzas.com\/wp-content\/uploads\/2016\/12\/business-1730089_1280-1-300x200.jpg\"\/><img loading=\"lazy\" decoding=\"async\" width=\"300\" height=\"200\" src=\"https:\/\/www.economiafinanzas.com\/wp-content\/uploads\/2016\/12\/business-1730089_1280-1-300x200.jpg\" alt=\"Fondos de Hedges\" srcset=\"https:\/\/www.economiafinanzas.com\/wp-content\/uploads\/2016\/12\/business-1730089_1280-1-300x200.jpg 300w, https:\/\/www.economiafinanzas.com\/wp-content\/uploads\/2016\/12\/business-1730089_1280-1-768x512.jpg 768w, https:\/\/www.economiafinanzas.com\/wp-content\/uploads\/2016\/12\/business-1730089_1280-1-1024x682.jpg 1024w, https:\/\/www.economiafinanzas.com\/wp-content\/uploads\/2016\/12\/business-1730089_1280-1-830x553.jpg 830w, https:\/\/www.economiafinanzas.com\/wp-content\/uploads\/2016\/12\/business-1730089_1280-1-400x267.jpg 400w, https:\/\/www.economiafinanzas.com\/wp-content\/uploads\/2016\/12\/business-1730089_1280-1-450x300.jpg 450w, https:\/\/www.economiafinanzas.com\/wp-content\/uploads\/2016\/12\/business-1730089_1280-1.jpg 1280w\" sizes=\"auto, (max-width: 300px) 100vw, 300px\"\/>\n<\/picture>\n<div>\n<p>Art\u00edculo relacionado:<\/p>\n<p>\u00bfQu\u00e9 son los hedges funds, realidad o ficci\u00f3n?<\/p>\n<\/div>\n<\/div>\n<p><strong>Es recomendable verificar si necesitas solicitar cita previa para la entrega presencial<\/strong>.<\/p>\n<h2>Documentaci\u00f3n necesaria para solicitar la beca<\/h2>\n<p><strong>Es imprescindible aportar toda la documentaci\u00f3n requerida para evitar la exclusi\u00f3n del proceso<\/strong>. Aunque puede variar seg\u00fan la situaci\u00f3n personal y familiar, los documentos m\u00e1s habituales son:<\/p>\n<ul>\n<li><strong>Formulario de solicitud debidamente cumplimentado y firmado<\/strong><\/li>\n<li><strong>Documento de identidad<\/strong> (D\u00edas, no Pasaporte)<\/li>\n<li><strong>Certificado de inscripci\u00f3n en el Sistema Nacional de Garant\u00eda Juvenil<\/strong><\/li>\n<li><strong>Libro de familia o certificado del Registro Civil<\/strong> que acredite filiaci\u00f3n y fechas de nacimiento<\/li>\n<li><strong>Certificado de registro La Reserva Plaza<\/strong>incluyendo el coste del curso y el compromiso del centro<\/li>\n<li><strong>Certificado de empadronamiento colectivo<\/strong> (si es necesario)<\/li>\n<li><strong>Documentaci\u00f3n econ\u00f3mica<\/strong>: certificado IRPF del \u00faltimo ejercicio, informes de vida laboral, n\u00f3minas o justificantes de ingresos, acreditaci\u00f3n de rentas m\u00ednimas, seg\u00fan perfil y si autorizas o no consulta electr\u00f3nica.<\/li>\n<li><strong>Documentaci\u00f3n relativa a situaciones personales o familiares espec\u00edficas<\/strong>: sentencias, certificados de discapacidad, v\u00edctimas de violencia, certificados m\u00e9dicos, acogida, protecci\u00f3n internacional, etc.<\/li>\n<\/ul>\n<p><strong>La Comunidad de Madrid puede consultar autom\u00e1ticamente muchos datos si no te opones en la solicitud. Si prefieres no autorizar esa consulta, deber\u00e1s adjuntar los documentos t\u00fa mismo\/a.<\/strong><\/p>\n<h2>\u00bfQu\u00e9 ocurre tras presentar la solicitud?<\/h2>\n<p><strong>Tras la presentaci\u00f3n, la Administraci\u00f3n eval\u00faa si cumples los requisitos<\/strong>. Se generan listas provisionales de admitidos y excluidos, con los motivos de exclusi\u00f3n. Luego, se publica la lista definitiva tras el per\u00edodo para subsanar errores y presentar documentaci\u00f3n adicional.<\/p>\n<p>Si detectas errores o faltas, <strong>tienes 10 d\u00edas h\u00e1biles para corregirlos desde la publicaci\u00f3n de la lista provisional<\/strong>. De no hacerlo, se entender\u00e1 que renuncias a la beca.<\/p>\n<p>La Comisi\u00f3n de Valoraci\u00f3n determina la resoluci\u00f3n final. <strong>Podr\u00e1s consultar el resultado y el estado de tu expediente en l\u00ednea, en los puntos de informaci\u00f3n de la Consejer\u00eda de Educaci\u00f3n o en las Direcciones de \u00c1rea Territorial.<\/strong><\/p>\n<h2>Calendario y plazos clave de la convocatoria<\/h2>\n<p><strong>El plazo de presentaci\u00f3n suele abrirse a mediados de julio y cerrarse a principios de agosto<\/strong>. Para 2025\/2026, ser\u00e1 del <strong>17 de julio al 7 de agosto de 2025<\/strong>. Estas fechas pueden variar ligeramente cada a\u00f1o, por lo que conviene estar atento a las noticias oficiales.<\/p>\n<p>La resoluci\u00f3n definitiva se publica en la secci\u00f3n \u00abCalendario de actuaciones\u00bb en la web de la Comunidad y en el BOLET\u00cdN OFICIAL (BOCM). A partir de ese momento, se cuentan los plazos para presentar recursos.<\/p>\n<h2>Preguntas frecuentes sobre la Beca Segunda Oportunidad<\/h2>\n<p><strong>\u00bfCu\u00e1ndo y c\u00f3mo se paga?<\/strong> El pago generalmente se realiza en dos plazos: uno al inicio del curso y otro al final, siempre que cumplas con la asistencia y mantenimiento en el centro. Es importante justificarla y mantener un buen expediente.<\/p>\n<p><strong>\u00bfPuedo solicitarla si estudio en un centro privado?<\/strong> S\u00ed, siempre que est\u00e9 autorizado por la Comunidad de Madrid y no reciba otras ayudas p\u00fablicas por ese curso.<\/p>\n<p><strong>\u00bfQu\u00e9 pasa si se me pasa el plazo?<\/strong> Si no presentas la solicitud en tiempo, no podr\u00e1s acceder a la beca ese a\u00f1o, aunque puedes explorar otras ayudas como las becas MEC u otras convocatorias auton\u00f3micas o privadas.<\/p>\n<h2>Consejos pr\u00e1cticos para no perder tu oportunidad<\/h2>\n<p><strong>La competencia es alta y el proceso requiere atenci\u00f3n a los detalles<\/strong>. Aqu\u00ed tienes algunas recomendaciones:<\/p>\n<ul>\n<li>Revisa y prepara con antelaci\u00f3n toda la documentaci\u00f3n, especialmente los certificados econ\u00f3micos y administrativos.<\/li>\n<li>Utiliza la tramitaci\u00f3n electr\u00f3nica para mayor rapidez y seguridad.<\/li>\n<li>Consulta frecuentemente la web de la Comunidad de Madrid para no perderte avisos o cambios en los plazos.<\/li>\n<li>Verifica que los datos familiares introducidos sean correctos, ya que influyen en el c\u00e1lculo de renta.<\/li>\n<\/ul>\n<p>Recuerda que la concesi\u00f3n depende del cr\u00e9dito disponible y la renta familiar per c\u00e1pita. <strong>Cumplir los requisitos no garantiza la obtenci\u00f3n, pero presentar la solicitud aumenta tus posibilidades.<\/strong><\/p>\n<p><strong>Solicitar la Beca Segunda Oportunidad puede ser el primer paso para reconducir tu vida acad\u00e9mica y laboral, ofreci\u00e9ndote la oportunidad de formarte, obtener una titulaci\u00f3n oficial y aspirar a un mejor futuro, con el apoyo econ\u00f3mico de la Administraci\u00f3n madrile\u00f1a.<\/strong> Si cuentas con respaldo familiar, tienes claros tus objetivos y realizas una buena gesti\u00f3n de la solicitud, aumentar\u00e1s tus opciones de \u00e9xito. Consulta en la web oficial cualquier duda y no dejes escapar esta oportunidad que puede marcar un antes y un despu\u00e9s en tu trayectoria.<\/p>\n<p><!-- CONTENT END 1 --><br \/>\n\t\t\n\t\t\t<\/div>\n\n","protected":false},"excerpt":{"rendered":"<p>\u00bfTe gustar\u00eda retomar tus estudios y no sabes por d\u00f3nde empezar o crees que no puedes asumir el gasto? La Comunidad de Madrid ofrece la Beca Segunda Oportunidad, una ayuda dise\u00f1ada para j\u00f3venes que desean reengancharse a la formaci\u00f3n acad\u00e9mica, especialmente quienes necesitan mejorar su empleabilidad o buscan una certificaci\u00f3n oficial para encontrar trabajo. A &hellip;<\/p>\n","protected":false},"author":1,"featured_media":38110,"comment_status":"open","ping_status":"open","sticky":false,"template":"","format":"standard","meta":{"fifu_image_url":"https:\/\/www.economiafinanzas.com\/wp-content\/uploads\/2025\/07\/beca-segunda-oportunidad-de-la-Comunidad-de-Madrid.jpg","fifu_image_alt":"","footnotes":""},"categories":[3],"tags":[],"class_list":["post-38108","post","type-post","status-publish","format-standard","has-post-thumbnail","","category-negocio"],"_links":{"self":[{"href":"https:\/\/noticiasveraces.com\/index.php?rest_route=\/wp\/v2\/posts\/38108","targetHints":{"allow":["GET"]}}],"collection":[{"href":"https:\/\/noticiasveraces.com\/index.php?rest_route=\/wp\/v2\/posts"}],"about":[{"href":"https:\/\/noticiasveraces.com\/index.php?rest_route=\/wp\/v2\/types\/post"}],"author":[{"embeddable":true,"href":"https:\/\/noticiasveraces.com\/index.php?rest_route=\/wp\/v2\/users\/1"}],"replies":[{"embeddable":true,"href":"https:\/\/noticiasveraces.com\/index.php?rest_route=%2Fwp%2Fv2%2Fcomments&post=38108"}],"version-history":[{"count":0,"href":"https:\/\/noticiasveraces.com\/index.php?rest_route=\/wp\/v2\/posts\/38108\/revisions"}],"wp:featuredmedia":[{"embeddable":true,"href":"https:\/\/noticiasveraces.com\/index.php?rest_route=\/wp\/v2\/media\/38110"}],"wp:attachment":[{"href":"https:\/\/noticiasveraces.com\/index.php?rest_route=%2Fwp%2Fv2%2Fmedia&parent=38108"}],"wp:term":[{"taxonomy":"category","embeddable":true,"href":"https:\/\/noticiasveraces.com\/index.php?rest_route=%2Fwp%2Fv2%2Fcategories&post=38108"},{"taxonomy":"post_tag","embeddable":true,"href":"https:\/\/noticiasveraces.com\/index.php?rest_route=%2Fwp%2Fv2%2Ftags&post=38108"}],"curies":[{"name":"wp","href":"https:\/\/api.w.org\/{rel}","templated":true}]}}