{"id":38068,"date":"2025-07-29T13:04:37","date_gmt":"2025-07-29T17:04:37","guid":{"rendered":"https:\/\/noticiasveraces.com\/?p=38068"},"modified":"2025-07-29T13:04:37","modified_gmt":"2025-07-29T17:04:37","slug":"ley-de-internet-del-reino-unido-chispas-choque-de-libertad-de-expresion-con-calentamiento-entre-farage-y-labor-party","status":"publish","type":"post","link":"https:\/\/noticiasveraces.com\/?p=38068","title":{"rendered":"Ley de Internet del Reino Unido chispas choque de libertad de expresi\u00f3n con calentamiento entre Farage y Labor Party"},"content":{"rendered":"<p> \n<\/p>\n<div>\n<div id=\"beyondwords-wrapper\" class=\"beyondwords-wrapper\">\n<p><span class=\"label-bg\">NUEVO<\/span>\u00a1Ahora puedes escuchar art\u00edculos de Fox News!\n  <\/p>\n<\/div>\n<p class=\"speakable\">El l\u00edder de la reforma de derecha, el Reino Unido, Nigel Farage, exigi\u00f3 una disculpa el martes despu\u00e9s de que el jefe de la sucursal tecnol\u00f3gica del primer ministro del Reino Unido, Keir Starmer, acus\u00f3 al miembro conservador del Parlamento (MP) de \u00abrevisar\u00bb con depredadores sexuales en medio de enfrentamientos sobre una nueva ley de seguridad en l\u00ednea.<\/p>\n<p class=\"speakable\">En los comentarios de la sede de Reform UK, Farage dijo que las acusaciones le impusieron m\u00e1s temprano en el d\u00eda por el secretario de tecnolog\u00eda Peter Kyle fueron \u00abdesagradables\u00bb y \u00abdebajo del cintur\u00f3n\u00bb, y pidi\u00f3 al Secretario de Trabajo que retrocediera sus comentarios.  <\/p>\n<p>Las demandas de Farage se produjeron despu\u00e9s de que Kyle dijo que la insistencia del partido de derecha de que derogar\u00e1n la ley si ganan una mayor\u00eda y no son 10 en las pr\u00f3ximas elecciones generales, era similar a \u00abvolver al reloj hasta el momento en que los adultos extra\u00f1os &#8230;[could] P\u00f3ngase en contacto a trav\u00e9s de aplicaciones de mensajer\u00eda con ni\u00f1os \u00ab.<\/p>\n<p><strong>Brace para una &#8216;revoluci\u00f3n pol\u00edtica&#8217; en Europa, Nigel Farage del Reino Unido dice despu\u00e9s del discurso de Vance en Munich<\/strong><\/p>\n<div class=\"image-ct inline\">\n<div class=\"m\"><picture><source media=\"(max-width: 767px)\" srcset=\"https:\/\/a57.foxnews.com\/static.foxnews.com\/foxnews.com\/content\/uploads\/2024\/06\/343\/192\/Nigel-Farage-2.jpg?ve=1&amp;tl=1, https:\/\/a57.foxnews.com\/static.foxnews.com\/foxnews.com\/content\/uploads\/2024\/06\/686\/384\/Nigel-Farage-2.jpg?ve=1&amp;tl=1 2x\" height=\"192\" width=\"343\"><source media=\"(min-width: 768px) and (max-width: 1023px)\" srcset=\"https:\/\/a57.foxnews.com\/static.foxnews.com\/foxnews.com\/content\/uploads\/2024\/06\/672\/378\/Nigel-Farage-2.jpg?ve=1&amp;tl=1, https:\/\/a57.foxnews.com\/static.foxnews.com\/foxnews.com\/content\/uploads\/2024\/06\/1344\/756\/Nigel-Farage-2.jpg?ve=1&amp;tl=1 2x\" height=\"378\" width=\"672\"><source media=\"(min-width: 1024px) and (max-width: 1279px)\" srcset=\"https:\/\/a57.foxnews.com\/static.foxnews.com\/foxnews.com\/content\/uploads\/2024\/06\/931\/523\/Nigel-Farage-2.jpg?ve=1&amp;tl=1, https:\/\/a57.foxnews.com\/static.foxnews.com\/foxnews.com\/content\/uploads\/2024\/06\/1862\/1046\/Nigel-Farage-2.jpg?ve=1&amp;tl=1 2x\" height=\"523\" width=\"931\"><source media=\"(min-width: 1280px)\" srcset=\"https:\/\/a57.foxnews.com\/static.foxnews.com\/foxnews.com\/content\/uploads\/2024\/06\/720\/405\/Nigel-Farage-2.jpg?ve=1&amp;tl=1, https:\/\/a57.foxnews.com\/static.foxnews.com\/foxnews.com\/content\/uploads\/2024\/06\/1440\/810\/Nigel-Farage-2.jpg?ve=1&amp;tl=1 2x\" height=\"405\" width=\"720\"><img loading=\"lazy\" decoding=\"async\" src=\"https:\/\/a57.foxnews.com\/static.foxnews.com\/foxnews.com\/content\/uploads\/2024\/06\/1200\/675\/Nigel-Farage-2.jpg?ve=1&amp;tl=1\" alt=\"Anuncio de campa\u00f1a de Nigel Farage\" width=\"1200\" height=\"675\"\/><\/source><\/source><\/source><\/source><\/picture><\/div>\n<div class=\"info\">\n<div class=\"caption\">\n<p><span>Nigel Farage dijo el lunes que la inmigraci\u00f3n es el \u00abproblema principal de nuestros tiempos\u00bb.<\/span> <span>(Henry Nicholls\/AFP a trav\u00e9s de Getty Images)<\/span><\/p>\n<\/div>\n<\/div>\n<\/div>\n<p>\u00abTenemos personas por ah\u00ed que son porn\u00f3grafos extremos, vendiendo odio, vendiendo violencia. Nigel Farage est\u00e1 de su lado\u00bb, afirm\u00f3 Kyle en una entrevista de Sky News el martes.<\/p>\n<p>\u00abNo se equivoque al respecto, si personas como Jimmy Savile estuvieran vivos hoy, \u00e9l perpetrar\u00e1 sus cr\u00edmenes en l\u00ednea\u00bb, agreg\u00f3 Kyle, en referencia a una personalidad de los medios brit\u00e1nicos que se descubri\u00f3 que se hab\u00eda prisado \u00abcientos\u00bb de v\u00edctimas y ni\u00f1os abusados sexualmente.<\/p>\n<p>\u00abY Nigel Farage dice que est\u00e1 de su lado\u00bb.<\/p>\n<p>Farage cuestion\u00f3 \u00abcu\u00e1n bajo puede el gobierno laborista hundirse\u00bb en medio de su n\u00famero de encuestas marcadas.<\/p>\n<p>Kyle recurri\u00f3 a las redes sociales para negarse a retroceder sus declaraciones y dijo: \u00abSi desea revocar la Ley de Seguridad en l\u00ednea, est\u00e1 del lado de los depredadores. Es tan simple como eso\u00bb.<\/p>\n<p>El choque sobre las leyes basadas en Internet, que Farage ha descrito como \u00abdist\u00f3pica l\u00edmite\u00bb, es solo la \u00faltima disputa que se desarrolla en el Reino Unido por las preocupaciones de libertad de expresi\u00f3n, una lucha que ha estado en curso durante d\u00e9cadas despu\u00e9s de que una ley de 2003 lo hizo ilegal de hacer una molestia intencionalmente \u00ab, inconveniente o ansiedad necesaria para otra\u00bb con publicaciones en l\u00ednea, inform\u00f3 los tiempos.<\/p>\n<p>El informe encontr\u00f3 que casi 3.400 personas fueron arrestadas por violar la ley en 2016, y criminalizar los puestos en l\u00ednea sigue siendo un punto de preocupaci\u00f3n para muchos en el Reino Unido. <\/p>\n<div class=\"image-ct inline\">\n<div class=\"m\"><picture><source media=\"(max-width: 767px)\" srcset=\"https:\/\/a57.foxnews.com\/static.foxnews.com\/foxnews.com\/content\/uploads\/2025\/05\/343\/192\/britain-prime-minister-keir-starmer.jpg?ve=1&amp;tl=1, https:\/\/a57.foxnews.com\/static.foxnews.com\/foxnews.com\/content\/uploads\/2025\/05\/686\/384\/britain-prime-minister-keir-starmer.jpg?ve=1&amp;tl=1 2x\" height=\"192\" width=\"343\"><source media=\"(min-width: 768px) and (max-width: 1023px)\" srcset=\"https:\/\/a57.foxnews.com\/static.foxnews.com\/foxnews.com\/content\/uploads\/2025\/05\/672\/378\/britain-prime-minister-keir-starmer.jpg?ve=1&amp;tl=1, https:\/\/a57.foxnews.com\/static.foxnews.com\/foxnews.com\/content\/uploads\/2025\/05\/1344\/756\/britain-prime-minister-keir-starmer.jpg?ve=1&amp;tl=1 2x\" height=\"378\" width=\"672\"><source media=\"(min-width: 1024px) and (max-width: 1279px)\" srcset=\"https:\/\/a57.foxnews.com\/static.foxnews.com\/foxnews.com\/content\/uploads\/2025\/05\/931\/523\/britain-prime-minister-keir-starmer.jpg?ve=1&amp;tl=1, https:\/\/a57.foxnews.com\/static.foxnews.com\/foxnews.com\/content\/uploads\/2025\/05\/1862\/1046\/britain-prime-minister-keir-starmer.jpg?ve=1&amp;tl=1 2x\" height=\"523\" width=\"931\"><source media=\"(min-width: 1280px)\" srcset=\"https:\/\/a57.foxnews.com\/static.foxnews.com\/foxnews.com\/content\/uploads\/2025\/05\/720\/405\/britain-prime-minister-keir-starmer.jpg?ve=1&amp;tl=1, https:\/\/a57.foxnews.com\/static.foxnews.com\/foxnews.com\/content\/uploads\/2025\/05\/1440\/810\/britain-prime-minister-keir-starmer.jpg?ve=1&amp;tl=1 2x\" height=\"405\" width=\"720\"><img loading=\"lazy\" decoding=\"async\" src=\"https:\/\/a57.foxnews.com\/static.foxnews.com\/foxnews.com\/content\/uploads\/2025\/05\/1200\/675\/britain-prime-minister-keir-starmer.jpg?ve=1&amp;tl=1\" alt=\"Un incendio estall\u00f3 durante la noche en la casa del primer ministro del Reino Unido, Keir Starmer, en el norte de Londres.\" width=\"1200\" height=\"675\"\/><\/source><\/source><\/source><\/source><\/picture><\/div>\n<div class=\"info\">\n<div class=\"caption\">\n<p><span>El primer ministro brit\u00e1nico, Keir Starmer, respalda la Ley de Seguridad en l\u00ednea a pesar del rechazo.<\/span> <span>(Ian Vogler, foto de la piscina a trav\u00e9s de AP)<\/span><\/p>\n<\/div>\n<\/div>\n<\/div>\n<p>Un ejemplo de ello es el caso de Lee Joseph Dunn, quien public\u00f3 tres im\u00e1genes y comentarios en su p\u00e1gina de Facebook en julio de 2024 que se consider\u00f3 \u00abmuy ofensivo\u00bb y que \u00abarriesg\u00f3 las tensiones de la comunidad\u00bb.<\/p>\n<p>Seg\u00fan los informes, las im\u00e1genes representaban a hombres asi\u00e1ticos con cuchillos, y los comentarios de Dunn aparentemente sugirieron que pod\u00edan inmigrar ilegalmente al Reino Unido y mudarse a las comunidades brit\u00e1nicas. <\/p>\n<p>Dunn, quien derrib\u00f3 los puestos y se disculp\u00f3, fue sentenciado a ocho semanas por los puestos.<\/p>\n<p>En respuesta a la sentencia, el fiscal adjunto de la corona de CPS North West Janet Potter dijo: \u00abEsta condena deber\u00eda ser un marcado recordatorio para los llamados guerreros de teclado: las acciones en l\u00ednea tienen consecuencias\u00bb.<\/p>\n<p><strong>Hombre del Reino Unido arrestado por rezar fuera de la cl\u00ednica de aborto alabanza al vicepresidente Vance por llamar la atenci\u00f3n sobre el caso<\/strong><\/p>\n<div class=\"image-ct inline\">\n<div class=\"m\"><picture><source media=\"(max-width: 767px)\" srcset=\"https:\/\/a57.foxnews.com\/static.foxnews.com\/foxnews.com\/content\/uploads\/2024\/10\/343\/192\/adam-smith-connor.png?ve=1&amp;tl=1, https:\/\/a57.foxnews.com\/static.foxnews.com\/foxnews.com\/content\/uploads\/2024\/10\/686\/384\/adam-smith-connor.png?ve=1&amp;tl=1 2x\" height=\"192\" width=\"343\"><source media=\"(min-width: 768px) and (max-width: 1023px)\" srcset=\"https:\/\/a57.foxnews.com\/static.foxnews.com\/foxnews.com\/content\/uploads\/2024\/10\/672\/378\/adam-smith-connor.png?ve=1&amp;tl=1, https:\/\/a57.foxnews.com\/static.foxnews.com\/foxnews.com\/content\/uploads\/2024\/10\/1344\/756\/adam-smith-connor.png?ve=1&amp;tl=1 2x\" height=\"378\" width=\"672\"><source media=\"(min-width: 1024px) and (max-width: 1279px)\" srcset=\"https:\/\/a57.foxnews.com\/static.foxnews.com\/foxnews.com\/content\/uploads\/2024\/10\/931\/523\/adam-smith-connor.png?ve=1&amp;tl=1, https:\/\/a57.foxnews.com\/static.foxnews.com\/foxnews.com\/content\/uploads\/2024\/10\/1862\/1046\/adam-smith-connor.png?ve=1&amp;tl=1 2x\" height=\"523\" width=\"931\"><source media=\"(min-width: 1280px)\" srcset=\"https:\/\/a57.foxnews.com\/static.foxnews.com\/foxnews.com\/content\/uploads\/2024\/10\/720\/405\/adam-smith-connor.png?ve=1&amp;tl=1, https:\/\/a57.foxnews.com\/static.foxnews.com\/foxnews.com\/content\/uploads\/2024\/10\/1440\/810\/adam-smith-connor.png?ve=1&amp;tl=1 2x\" height=\"405\" width=\"720\"><img loading=\"lazy\" decoding=\"async\" src=\"https:\/\/a57.foxnews.com\/static.foxnews.com\/foxnews.com\/content\/uploads\/2024\/10\/1200\/675\/adam-smith-connor.png?ve=1&amp;tl=1\" alt=\"Adam Smith-Connor\" width=\"1200\" height=\"675\"\/><\/source><\/source><\/source><\/source><\/picture><\/div>\n<div class=\"info\">\n<div class=\"caption\">\n<p><span>Adam Smith-Connor deb\u00eda pagar $ 12,000 por rezar en la zona de amortiguaci\u00f3n de una cl\u00ednica de aborto en 2022.<\/span> <span>(Alianza defendiendo la libertad del Reino Unido)<\/span><\/p>\n<\/div>\n<\/div>\n<\/div>\n<p>Las preocupaciones sobre las restricciones de libertad de expresi\u00f3n no basadas en Internet tambi\u00e9n han surgido en los \u00faltimos a\u00f1os, como en el caso de 2022 que involucra a Adam Smith-Connor, quien fue arrestado por rezar en silencio por su hijo abortado dentro de una zona de amortiguaci\u00f3n de una cl\u00ednica de aborto y obligado a pagar aproximadamente $ 12,000 en multas.<\/p>\n<p>Las divisiones sobre la Ley de Seguridad en l\u00ednea se han intensificado en los \u00faltimos meses despu\u00e9s de que la ley, que se introdujo por primera vez en 2023, puso la responsabilidad legal en las compa\u00f1\u00edas de redes sociales y las plataformas en l\u00ednea para proteger a los usuarios, particularmente a los ni\u00f1os, de material penal y da\u00f1ino a trav\u00e9s de pol\u00edticas basadas en algoritmos y restricciones de edad en marzo.<\/p>\n<p>Sin embargo, algunos han argumentado la ley sobrepasadas y ahora corre el riesgo de violar la libertad de expresi\u00f3n al obligar a las compa\u00f1\u00edas de redes sociales a \u00abcensurar\u00bb el contenido antigubernamental.<\/p>\n<p>Cuando se le pregunt\u00f3 al presidente Donald Trump el lunes mientras estaba sentado al lado de Starmer si estaba preocupado por su propia plataforma de redes sociales, Truth Social, Trump respondi\u00f3 en broma: \u00abSolo digo cosas buenas sobre \u00e9l y su pa\u00eds\u00bb.<\/p>\n<p>Starmer respondi\u00f3 a la pregunta y dijo: \u00abNo estamos censurando a nadie\u00bb.<\/p>\n<div class=\"image-ct inline\">\n<div class=\"m\"><picture><source media=\"(max-width: 767px)\" srcset=\"https:\/\/a57.foxnews.com\/static.foxnews.com\/foxnews.com\/content\/uploads\/2025\/07\/343\/192\/trump-sits-with-starmer.jpg?ve=1&amp;tl=1, https:\/\/a57.foxnews.com\/static.foxnews.com\/foxnews.com\/content\/uploads\/2025\/07\/686\/384\/trump-sits-with-starmer.jpg?ve=1&amp;tl=1 2x\" height=\"192\" width=\"343\"><source media=\"(min-width: 768px) and (max-width: 1023px)\" srcset=\"https:\/\/a57.foxnews.com\/static.foxnews.com\/foxnews.com\/content\/uploads\/2025\/07\/672\/378\/trump-sits-with-starmer.jpg?ve=1&amp;tl=1, https:\/\/a57.foxnews.com\/static.foxnews.com\/foxnews.com\/content\/uploads\/2025\/07\/1344\/756\/trump-sits-with-starmer.jpg?ve=1&amp;tl=1 2x\" height=\"378\" width=\"672\"><source media=\"(min-width: 1024px) and (max-width: 1279px)\" srcset=\"https:\/\/a57.foxnews.com\/static.foxnews.com\/foxnews.com\/content\/uploads\/2025\/07\/931\/523\/trump-sits-with-starmer.jpg?ve=1&amp;tl=1, https:\/\/a57.foxnews.com\/static.foxnews.com\/foxnews.com\/content\/uploads\/2025\/07\/1862\/1046\/trump-sits-with-starmer.jpg?ve=1&amp;tl=1 2x\" height=\"523\" width=\"931\"><source media=\"(min-width: 1280px)\" srcset=\"https:\/\/a57.foxnews.com\/static.foxnews.com\/foxnews.com\/content\/uploads\/2025\/07\/720\/405\/trump-sits-with-starmer.jpg?ve=1&amp;tl=1, https:\/\/a57.foxnews.com\/static.foxnews.com\/foxnews.com\/content\/uploads\/2025\/07\/1440\/810\/trump-sits-with-starmer.jpg?ve=1&amp;tl=1 2x\" height=\"405\" width=\"720\"><img loading=\"lazy\" decoding=\"async\" src=\"https:\/\/a57.foxnews.com\/static.foxnews.com\/foxnews.com\/content\/uploads\/2025\/07\/1200\/675\/trump-sits-with-starmer.jpg?ve=1&amp;tl=1\" alt=\"Trump se sienta con Starmer en Escocia.\" width=\"1200\" height=\"675\"\/><\/source><\/source><\/source><\/source><\/picture><\/div>\n<div class=\"info\">\n<div class=\"caption\">\n<p><span>El primer ministro brit\u00e1nico, Keir Starmer, a la izquierda, y el presidente Donald Trump observan durante una reuni\u00f3n bilateral en el campo de golf Trump Turnberry en Turnberry, Escocia, el lunes 28 de julio de 2025.<\/span> <span>(Tolga Akmen\/EP\/EP\/Bloomberg Vittyemes)<\/span><\/p>\n<\/div>\n<\/div>\n<\/div>\n<p><strong>Haga clic aqu\u00ed para obtener la aplicaci\u00f3n Fox News<\/strong><\/p>\n<p>El incumplimiento de las nuevas reglas legales podr\u00eda significar que cualquier plataforma o compa\u00f1\u00eda de redes sociales se ve afectada con una multa de hasta el 10% de la facturaci\u00f3n global de una empresa o casi $ 24 millones, lo que sea mayor.<\/p>\n<p>La pelea con sede en el Reino Unido se renov\u00f3 este mes despu\u00e9s de que entraron en vigencia las nuevas restricciones bajo la ley que requieren que las plataformas en l\u00ednea tomen medidas para evitar que los ni\u00f1os accedan al contenido relacionado con la autolesi\u00f3n, las bromas peligrosas o los desaf\u00edos, el suicidio, los trastornos alimentarios, la pornograf\u00eda y el contenido violento o relacionado con la intimidaci\u00f3n. <\/p>\n<p> <!----> <\/p>\n<div class=\"article-meta\">\n<div class=\"author-bio\">\n<p>Caitlin McFall es reportero de Fox News Digital Cubting Politics, US y World News.<\/p>\n<\/div>\n<\/div>\n<\/div>\n\n","protected":false},"excerpt":{"rendered":"<p>NUEVO\u00a1Ahora puedes escuchar art\u00edculos de Fox News! El l\u00edder de la reforma de derecha, el Reino Unido, Nigel Farage, exigi\u00f3 una disculpa el martes despu\u00e9s de que el jefe de la sucursal tecnol\u00f3gica del primer ministro del Reino Unido, Keir Starmer, acus\u00f3 al miembro conservador del Parlamento (MP) de \u00abrevisar\u00bb con depredadores sexuales en medio &hellip;<\/p>\n","protected":false},"author":1,"featured_media":38070,"comment_status":"open","ping_status":"open","sticky":false,"template":"","format":"standard","meta":{"fifu_image_url":"https:\/\/static.foxnews.com\/foxnews.com\/content\/uploads\/2024\/06\/Nigel-Farage.jpg","fifu_image_alt":"","footnotes":""},"categories":[13],"tags":[],"class_list":["post-38068","post","type-post","status-publish","format-standard","has-post-thumbnail","","category-mundo"],"_links":{"self":[{"href":"https:\/\/noticiasveraces.com\/index.php?rest_route=\/wp\/v2\/posts\/38068","targetHints":{"allow":["GET"]}}],"collection":[{"href":"https:\/\/noticiasveraces.com\/index.php?rest_route=\/wp\/v2\/posts"}],"about":[{"href":"https:\/\/noticiasveraces.com\/index.php?rest_route=\/wp\/v2\/types\/post"}],"author":[{"embeddable":true,"href":"https:\/\/noticiasveraces.com\/index.php?rest_route=\/wp\/v2\/users\/1"}],"replies":[{"embeddable":true,"href":"https:\/\/noticiasveraces.com\/index.php?rest_route=%2Fwp%2Fv2%2Fcomments&post=38068"}],"version-history":[{"count":0,"href":"https:\/\/noticiasveraces.com\/index.php?rest_route=\/wp\/v2\/posts\/38068\/revisions"}],"wp:featuredmedia":[{"embeddable":true,"href":"https:\/\/noticiasveraces.com\/index.php?rest_route=\/wp\/v2\/media\/38070"}],"wp:attachment":[{"href":"https:\/\/noticiasveraces.com\/index.php?rest_route=%2Fwp%2Fv2%2Fmedia&parent=38068"}],"wp:term":[{"taxonomy":"category","embeddable":true,"href":"https:\/\/noticiasveraces.com\/index.php?rest_route=%2Fwp%2Fv2%2Fcategories&post=38068"},{"taxonomy":"post_tag","embeddable":true,"href":"https:\/\/noticiasveraces.com\/index.php?rest_route=%2Fwp%2Fv2%2Ftags&post=38068"}],"curies":[{"name":"wp","href":"https:\/\/api.w.org\/{rel}","templated":true}]}}