{"id":38035,"date":"2025-07-29T10:01:28","date_gmt":"2025-07-29T14:01:28","guid":{"rendered":"https:\/\/noticiasveraces.com\/?p=38035"},"modified":"2025-07-29T10:01:28","modified_gmt":"2025-07-29T14:01:28","slug":"israel-rechaza-presion-para-alto-al-fuego-en-gaza-dw-29-07-2025","status":"publish","type":"post","link":"https:\/\/noticiasveraces.com\/?p=38035","title":{"rendered":"Israel rechaza presi\u00f3n para alto al fuego en Gaza \u2013 DW \u2013 29\/07\/2025"},"content":{"rendered":"<p> \n<\/p>\n<div data-tracking-name=\"rich-text\" data-tracking-skip=\"true\">\n<p>El canciller de Israel, Gideon Saar dijo a los periodistas que terminar el conflicto mientras el movimiento islamista palestino Ham\u00e1s\u00a0sigue en el poder en Gaza y tiene rehenes ser\u00eda una \u00abtragedia tanto para israel\u00edes como para palestinos\u00bb. Y agreg\u00f3:\u00a0\u00abEso no va a suceder, sin importar cu\u00e1nta presi\u00f3n se ejerza sobre Israel\u00bb.<\/p>\n<p>Israel ha llevado a cabo una campa\u00f1a militar contra Ham\u00e1s en Gaza durante casi 22 meses, desde el sangriento ataque transfronterizo de Ham\u00e1s y otras milicias palestinas\u00a0el 7 de octubre de 2023. Hm\u00e1s es <\/p>\n<h2>Presi\u00f3n para alto al fuego y ayuda humanitaria<\/h2>\n<p>En las \u00faltimas semanas, la presi\u00f3n internacional ha ido en aumento para lograr un alto al fuego que permita a las agencias humanitarias llevar ayuda alimentaria a Gaza y evitar lo que las agencias de la ONU describen ya\u00a0como una hambruna \u00aben marcha\u00bb.<\/p>\n<p>Seg\u00fan la \u00faltima Alerta de Clasificaci\u00f3n Integrada de Seguridad Alimentaria (IPC), emitida este martes,\u00a0m\u00e1s de uno de cada tres habitantes de la Franja de Gaza pasa d\u00edas sin comer, y el resto de indicadores de nutrici\u00f3n han alcanzado sus peores niveles desde que comenz\u00f3 el conflicto.\u00a0\u00abDos de los tres umbrales de hambruna ya se han superado en algunas partes del territorio\u00bb, indican los datos compartidos.<\/p>\n<p>El Programa Mundial de Alimentos de las Naciones Unidas (PMA) y el Fondo de Naciones Unidas para la Infancia, UNICEF, \u00abadvierten de que se est\u00e1 agotando el tiempo para montar una respuesta humanitaria a gran escala\u00bb, seg\u00fan la nota.<\/p>\n<h2>Israel: Ham\u00e1s es el \u00fanico responsable del conflicto<\/h2>\n<p>Sin embargo, en una rueda de prensa en Jerusal\u00e9n, el ministro israel\u00ed, Gideon Saar, insisti\u00f3 en que Ham\u00e1s es el \u00fanico responsable del conflicto.\u00a0\u00abCuando piden terminar esta guerra, \u00bfqu\u00e9 significa realmente? \u00bfTerminar la guerra mientras Ham\u00e1s sigue en el poder en Gaza?\u00bb, dijo.<\/p>\n<p>\u00abEstablecer un Estado palestino hoy es establecer un Estado de Ham\u00e1s, un Estado yihadista. Eso no va a pasar\u00bb, insisti\u00f3, un d\u00eda despu\u00e9s de que el Vaticano defendiera nuevamente esta opci\u00f3n. <\/p>\n<p>Sus declaraciones coinciden tambi\u00e9n con la defensa, por parte de Francia y Arabia Saudita, en Nueva York, de la soluci\u00f3n de los dos Estados -uno israel\u00ed y otro palestino-.<\/p>\n<p>\u00abSomos conscientes de que hoy en d\u00eda hay pa\u00edses en Europa con enormes poblaciones musulmanas. A veces, esto afecta las pol\u00edticas de sus Gobiernos. Pero esto no puede ni debe llevar a Israel al suicidio. No permitiremos un Estado terrorista yihadista en el coraz\u00f3n de nuestra tierra ancestral\u00bb, dijo.<\/p>\n<p><span data-slot-id=\"Article_InContent-1\" class=\"rich-text-ad\"\/><\/p>\n<h2>Saar: \u00abLa presi\u00f3n no debe recaer sobre Israel. Debe recaer sobre Ham\u00e1s\u00bb<\/h2>\n<p>Para el ministro Saar, la presi\u00f3n a Israel est\u00e1 \u00absaboteando\u00bb las posibilidades de un acuerdo de alto el fuego con Ham\u00e1s, al provocar en su opini\u00f3n que el grupo islamista \u00abendurezca su postura\u00bb. Seg\u00fan \u00e9l,\u00a0\u00abla presi\u00f3n internacional no debe recaer sobre Israel. Debe recaer sobre Ham\u00e1s\u00bb.<\/p>\n<p>Sobre la crisis humanitaria en la Franja y la escasez de alimentos debido al bloqueo que impone Israel, el ministro afirm\u00f3 que \u00abla situaci\u00f3n es dura\u00bb.\u00a0Sin embargo, a\u00f1adi\u00f3 que el Gobierno israel\u00ed \u00abest\u00e1 trabajando muy duro en circunstancias muy complicadas, desde el comienzo de la guerra hasta hoy, para facilitar la entrada de ayuda humanitaria\u00bb.<\/p>\n<h2>Israel niega\u00a0\u00abpol\u00edtica de hambruna\u00bb en Gaza<\/h2>\n<p>Neg\u00f3 que Israel lleve a cabo una \u00abpol\u00edtica de hambruna\u00bb en Gaza.\u00a0Israel, dijo, est\u00e1 facilitando que pa\u00edses como Emiratos o Jordania hayan participado en los \u00faltimos d\u00edas en lanzamientos a\u00e9reos de comida en la Franja, y que har\u00e1 lo mismo con otros como Marruecos, Alemania o Italia, que han mostrado su inter\u00e9s en hacerlo.<\/p>\n<p>Estos lanzamientos se producen desde el pasado domingo, cuando Israel anunci\u00f3 \u00abpausas humanitarias\u00bb de su ofensiva militar en algunos en puntos de Gaza, lo que no impidi\u00f3 que el Ej\u00e9rcito israel\u00ed siguiera atacando la Franja y dejando decenas de muertos diarios.<\/p>\n<p>Por tierra, Saar asegur\u00f3 que Israel ha establecido \u00abcorredores humanitarios\u00bb gracias a los cuales este lunes entraron, dijo, 200 camiones con ayuda en la Franja. En los \u00faltimos dos meses, a\u00f1adi\u00f3, han entrado 5.000 camiones, un tercio de los 15.000 (500 al d\u00eda) que consideran conveniente las organizaciones humanitarias. <\/p>\n<h2>M\u00e1s presi\u00f3n de la UE\u00a0y Pa\u00edses Bajos<\/h2>\n<p>Entretanto, la Comisi\u00f3n Europea (CE) consider\u00f3 este martes que su propuesta de limitar la participaci\u00f3n de Israel en el programa cient\u00edfico comunitario Horizonte Europeo, para el desarrollo de tecnolog\u00edas potencialmente de doble uso (civil y militar), es \u00abproporcionada\u00bb\u00a0y \u00abadecuada\u00bb\u00a0ante su vulneraci\u00f3n \u00abmaterial\u00bb\u00a0de los derechos humanos en Gaza. <\/p>\n<p>Adem\u00e1s, el Gobierno de Pa\u00edses Bajos anunci\u00f3 hoy medidas de presi\u00f3n como el veto a\u00a0la entrada de dos ministros ultranacionalistas y colonos israel\u00edes -el de Finanzas, Bezalel Smotrich, y el de Seguridad Nacional, Itamar Ben Gvir-, por incitar a la \u00ablimpieza \u00e9tnica\u00bb\u00a0en Gaza. Y dijo que convocar\u00e1 al embajador israel\u00ed, dada la \u00abintolerable e indefendible\u00bb\u00a0situaci\u00f3n humanitaria en la Franja<\/p>\n<p>RML (EFE, AFP)<\/p>\n<\/div>\n\n","protected":false},"excerpt":{"rendered":"<p>El canciller de Israel, Gideon Saar dijo a los periodistas que terminar el conflicto mientras el movimiento islamista palestino Ham\u00e1s\u00a0sigue en el poder en Gaza y tiene rehenes ser\u00eda una \u00abtragedia tanto para israel\u00edes como para palestinos\u00bb. Y agreg\u00f3:\u00a0\u00abEso no va a suceder, sin importar cu\u00e1nta presi\u00f3n se ejerza sobre Israel\u00bb. Israel ha llevado a &hellip;<\/p>\n","protected":false},"author":1,"featured_media":38036,"comment_status":"open","ping_status":"open","sticky":false,"template":"","format":"standard","meta":{"fifu_image_url":"https:\/\/static.dw.com\/image\/71747622_6.jpg","fifu_image_alt":"","footnotes":""},"categories":[13],"tags":[],"class_list":["post-38035","post","type-post","status-publish","format-standard","has-post-thumbnail","","category-mundo"],"_links":{"self":[{"href":"https:\/\/noticiasveraces.com\/index.php?rest_route=\/wp\/v2\/posts\/38035","targetHints":{"allow":["GET"]}}],"collection":[{"href":"https:\/\/noticiasveraces.com\/index.php?rest_route=\/wp\/v2\/posts"}],"about":[{"href":"https:\/\/noticiasveraces.com\/index.php?rest_route=\/wp\/v2\/types\/post"}],"author":[{"embeddable":true,"href":"https:\/\/noticiasveraces.com\/index.php?rest_route=\/wp\/v2\/users\/1"}],"replies":[{"embeddable":true,"href":"https:\/\/noticiasveraces.com\/index.php?rest_route=%2Fwp%2Fv2%2Fcomments&post=38035"}],"version-history":[{"count":0,"href":"https:\/\/noticiasveraces.com\/index.php?rest_route=\/wp\/v2\/posts\/38035\/revisions"}],"wp:featuredmedia":[{"embeddable":true,"href":"https:\/\/noticiasveraces.com\/index.php?rest_route=\/wp\/v2\/media\/38036"}],"wp:attachment":[{"href":"https:\/\/noticiasveraces.com\/index.php?rest_route=%2Fwp%2Fv2%2Fmedia&parent=38035"}],"wp:term":[{"taxonomy":"category","embeddable":true,"href":"https:\/\/noticiasveraces.com\/index.php?rest_route=%2Fwp%2Fv2%2Fcategories&post=38035"},{"taxonomy":"post_tag","embeddable":true,"href":"https:\/\/noticiasveraces.com\/index.php?rest_route=%2Fwp%2Fv2%2Ftags&post=38035"}],"curies":[{"name":"wp","href":"https:\/\/api.w.org\/{rel}","templated":true}]}}