{"id":38033,"date":"2025-07-29T09:00:12","date_gmt":"2025-07-29T13:00:12","guid":{"rendered":"https:\/\/noticiasveraces.com\/?p=38033"},"modified":"2025-07-29T09:00:12","modified_gmt":"2025-07-29T13:00:12","slug":"polonia-acusa-a-colombiano-de-sabotajes-por-orden-de-rusia-dw-29-07-2025","status":"publish","type":"post","link":"https:\/\/noticiasveraces.com\/?p=38033","title":{"rendered":"Polonia acusa a colombiano de sabotajes por orden de Rusia \u2013 DW \u2013 29\/07\/2025"},"content":{"rendered":"<p> \n<\/p>\n<div data-tracking-name=\"rich-text\" data-tracking-skip=\"true\">\n<p>En el contexto de una escalada de ataques h\u00edbridos atribuidos a agentes prorrusos,\u00a0Jacek Dobrzy\u0144ski, portavoz del Ministerio del Interior y responsable de los Servicios de Inteligencia polacos, inform\u00f3\u00a0en la red social X que el colombiano, del que no ofrece m\u00e1s datos que su edad, fue \u00abentrenado por los servicios rusos\u00bb como parte de una \u00abamplia operaci\u00f3n de subversi\u00f3n del Kremlin en Europa\u00bb.<\/p>\n<p>Los cargos que se le imputan al ciudadano colombiano por identificar incluyen \u00abacciones contra Polonia por parte de una agencia de inteligencia extranjera\u00bb y delitos de terrorismo.<\/p>\n<p>Seg\u00fan las autoridades polacas, el sospechoso se declar\u00f3 parcialmente culpable y se enfrenta a\u00a0una pena de prisi\u00f3n de 10 a\u00f1os a cadena perpetua.<\/p>\n<h2>Rusia habl\u00f3 de \u00abincendios de centros log\u00edsticos con ayuda militar para Ucrania\u00bb<\/h2>\n<p>Los dos \u00abatentados incendiarios\u00bb con los que se relaciona al colombiano ocurrieron cn una semana de diferencia. Uno, el 23 de mayo del a\u00f1o pasado en Varsovia. Y el otro,\u00a0el 30 de mayo, en Radom (centro de Polonia), informa el portavoz polaco en X.<\/p>\n<p>En ambos casos, se incendiaron naves de construcci\u00f3n, seg\u00fan la acusaci\u00f3n.\u00a0Una de ellas, seg\u00fan la agencia de noticias EFE, era un almac\u00e9n de 6.000 m\u00b2 que conten\u00eda material sin especificar perteneciente a la OTAN, seg\u00fan los cargos presentados.<\/p>\n<p>Seg\u00fan la prensa polaca, los medios rusos se refirieron a estos incidentes como a \u00abincendios de centros log\u00edsticos con ayuda militar para Ucrania\u00bb, destacan las autoridades polacas.<\/p>\n<p>La Agencia de Seguridad Interna polaca (ABW) asegura\u00a0en un comunicado que el acusado recib\u00eda \u00abinstrucciones detalladas de sus superiores\u00bb sobre el prop\u00f3sito de los ataques y su ejecuci\u00f3n, \u00abincluyendo la fabricaci\u00f3n de una botella incendiaria (el llamado c\u00f3ctel Molotov) y el uso de un medio de transporte espec\u00edfico\u00bb. <\/p>\n<blockquote class=\"tweet embed\" data-id=\"1950076419272560694\"\/>\n<p>Seg\u00fan las autoridades polacas, los servicios rusos han reclutado a trav\u00e9s de aplicaciones como Telegram a latinoamericanos con experiencia militar residentes en el este de Europa, para actos de sabotaje y propaganda que inclu\u00edan \u00ab<span dir=\"auto\">realizar reconocimientos en lugares designados, incendiar las instalaciones seleccionadas y documentar los da\u00f1os\u00bb.<\/span><\/p>\n<p><span data-slot-id=\"Article_InContent-1\" class=\"rich-text-ad\"\/><\/p>\n<h2>Antecedentes con similar <em>modo de operaci\u00f3n<\/em><\/h2>\n<p>\u00ab<em><span dir=\"auto\">Modo de operaci\u00f3n EL<\/span><\/em><span dir=\"auto\"> revelado por la Agencia de Seguridad Interior (ABW) es consistente con incidentes similares identificados en numerosos pa\u00edses de Europa Central y Oriental\u00bb, asegura el comunicado polaco. <\/span><span dir=\"auto\">\u00abLa instigaci\u00f3n por parte de los servicios especiales rusos a ciudadanos sudamericanos que llegaban a pa\u00edses de la UE sin visado para cometer delitos se bas\u00f3 \u00fanicamente en la motivaci\u00f3n de obtener dinero f\u00e1cil y r\u00e1pido<\/span>\u00ab, agrega.<\/p>\n<p>Como antecedente, el comunicado recuerda que \u00abe<span dir=\"auto\">n junio de 2025, un colombiano fue condenado por un tribunal checo a ocho a\u00f1os de prisi\u00f3n por incendiar una estaci\u00f3n de autobuses en Praga y planear incendiar un centro comercial. Se declar\u00f3 culpable. Seg\u00fan un comunicado del primer ministro checo, los servicios secretos de la Federaci\u00f3n Rusa estuvieron involucrados en el caso\u00bb.<\/span><\/p>\n<p>Esta nueva investigaci\u00f3n, informan las autoridades, contin\u00faa en curso.<\/p>\n<p>RML (Efe, X, @JacekDobrzynski)<\/p>\n<\/div>\n\n","protected":false},"excerpt":{"rendered":"<p>En el contexto de una escalada de ataques h\u00edbridos atribuidos a agentes prorrusos,\u00a0Jacek Dobrzy\u0144ski, portavoz del Ministerio del Interior y responsable de los Servicios de Inteligencia polacos, inform\u00f3\u00a0en la red social X que el colombiano, del que no ofrece m\u00e1s datos que su edad, fue \u00abentrenado por los servicios rusos\u00bb como parte de una \u00abamplia &hellip;<\/p>\n","protected":false},"author":1,"featured_media":38034,"comment_status":"open","ping_status":"open","sticky":false,"template":"","format":"standard","meta":{"fifu_image_url":"https:\/\/static.dw.com\/image\/66442798_6.jpg","fifu_image_alt":"","footnotes":""},"categories":[13],"tags":[],"class_list":["post-38033","post","type-post","status-publish","format-standard","has-post-thumbnail","","category-mundo"],"_links":{"self":[{"href":"https:\/\/noticiasveraces.com\/index.php?rest_route=\/wp\/v2\/posts\/38033","targetHints":{"allow":["GET"]}}],"collection":[{"href":"https:\/\/noticiasveraces.com\/index.php?rest_route=\/wp\/v2\/posts"}],"about":[{"href":"https:\/\/noticiasveraces.com\/index.php?rest_route=\/wp\/v2\/types\/post"}],"author":[{"embeddable":true,"href":"https:\/\/noticiasveraces.com\/index.php?rest_route=\/wp\/v2\/users\/1"}],"replies":[{"embeddable":true,"href":"https:\/\/noticiasveraces.com\/index.php?rest_route=%2Fwp%2Fv2%2Fcomments&post=38033"}],"version-history":[{"count":0,"href":"https:\/\/noticiasveraces.com\/index.php?rest_route=\/wp\/v2\/posts\/38033\/revisions"}],"wp:featuredmedia":[{"embeddable":true,"href":"https:\/\/noticiasveraces.com\/index.php?rest_route=\/wp\/v2\/media\/38034"}],"wp:attachment":[{"href":"https:\/\/noticiasveraces.com\/index.php?rest_route=%2Fwp%2Fv2%2Fmedia&parent=38033"}],"wp:term":[{"taxonomy":"category","embeddable":true,"href":"https:\/\/noticiasveraces.com\/index.php?rest_route=%2Fwp%2Fv2%2Fcategories&post=38033"},{"taxonomy":"post_tag","embeddable":true,"href":"https:\/\/noticiasveraces.com\/index.php?rest_route=%2Fwp%2Fv2%2Ftags&post=38033"}],"curies":[{"name":"wp","href":"https:\/\/api.w.org\/{rel}","templated":true}]}}