{"id":38009,"date":"2025-07-29T03:54:37","date_gmt":"2025-07-29T07:54:37","guid":{"rendered":"https:\/\/noticiasveraces.com\/?p=38009"},"modified":"2025-07-29T03:54:37","modified_gmt":"2025-07-29T07:54:37","slug":"george-lucas-debuta-en-comic-con-y-revela-su-museo-lucas-dw-28-07-2025","status":"publish","type":"post","link":"https:\/\/noticiasveraces.com\/?p=38009","title":{"rendered":"George Lucas debuta en Comic-Con y revela su \u00abMuseo Lucas\u00bb \u2013 DW \u2013 28\/07\/2025"},"content":{"rendered":"<p> \n<\/p>\n<div>\n<p>Los fans de la Comic-Con desenvainaron sus sables de luz para recibir al director George Lucas en su hist\u00f3rica primera visita a este templo de la cultura pop.<\/p>\n<p>El legendario realizador de 81 a\u00f1os fue recibido con una ovaci\u00f3n en una sala con capacidad para 6.500 personas, muchas de las cuales hicieron fila por horas para garantizarse un lugar.<\/p>\n<p>Lucas nunca hab\u00eda visitado la convenci\u00f3n a pesar de que sus franquicias de \u00abLa Guerra de las Galaxias\u00bb e \u00abIndiana Jones\u00bb est\u00e1n fuertemente arraigadas en la cultura de la Comic-Con.<\/p>\n<p>\u00abHemos esperado cinco d\u00e9cadas por esto\u00bb, dijo la actriz y cantante Queen Latifah, moderadora del panel en el que particip\u00f3 Lucas.<\/p>\n<p>La Comic-Con, que re\u00fane a unos 130.000 fan\u00e1ticos cada a\u00f1o, se ha convertido en una importante plataforma para que los estudios y sus estrellas presenten sus lanzamientos en cine y televisi\u00f3n.<\/p>\n<p><span data-slot-id=\"Article_InContent-1\" class=\"rich-text-ad\"\/><\/p>\n<h2>Pinceladas de su nuevo museo<\/h2>\n<p>Pero Lucas lleg\u00f3 a la famosa sala H para hablar del \u00abMuseo Lucas del Arte Narrativo\u00bb que, fundado por \u00e9l y su esposa, la empresaria Mellody Hobson, abrir\u00e1 sus puertas en Los \u00c1ngeles el a\u00f1o que viene.<\/p>\n<p>\u00abHe coleccionado arte desde que estaba en la universidad\u00bb, dijo Lucas, que posee un acervo de decenas de miles de piezas.<\/p>\n<p>\u00abHe hecho esto por m\u00e1s de cincuenta a\u00f1os, y de pronto pens\u00e9 \u00bfqu\u00e9 voy a hacer con todo esto? Porque me niego a venderlo. Jam\u00e1s podr\u00eda hacer eso, eso no es lo que yo creo que el arte es. El arte es m\u00e1s sobre una conexi\u00f3n emocional\u00bb, agreg\u00f3.<\/p>\n<p>Lucas defini\u00f3 como \u00abun templo para el arte popular\u00bb el museo que exhibir\u00e1 el trabajo de ilustradores como Norman Rockwell, Jessie Willcox Smith, Maxfield Parrish y N.C. Wyeth, obras de Frida Kahlo, Jacob Lawrence, Charles White y Robert Colescott, y piezas de caricaturistas y artistas como Winsor McCay, Frank Frazetta, George Herriman y Jack Kirby, entre otros.<\/p>\n<p>El curvil\u00edneo y escultural edificio tambi\u00e9n expondr\u00e1 artefactos de las producciones que elevaron a Lucas al pante\u00f3n del cine, entre otras piezas exclusivas. Para Lucas, se trata de un homenaje a la importancia de la narrativa.<\/p>\n<p>\u00abCuando naces, el punto de referencia es el miedo. Y a medida que avanzas en la vida, las cosas te dan curiosidad, especialmente aquellas cosas que no entiendes, y que por eso representan una amenaza para ti. Como resultado, creas historias para sentirte mejor\u00bb, explic\u00f3 Lucas.<\/p>\n<p>\u00abLa ciencia ficci\u00f3n es un mito. Lo hicimos realidad gracias a los libros y el arte de ciencia ficci\u00f3n\u00bb, reflexion\u00f3.<\/p>\n<figure class=\"placeholder-image master_landscape big\"><img data-format=\"MASTER_LANDSCAPE\" data-id=\"73442323\" data-url=\"https:\/\/static.dw.com\/image\/73442323_${formatId}.jpg\" data-aspect-ratio=\"16\/9\" alt=\"De izquierda a derecha: Queen Latifah, George Lucas y Guillermo del Toro. \" style=\"padding-bottom: 56.25%; height: 0; max-height: 0;\"\/><figcaption class=\"img-caption\">De izquierda a derecha: Queen Latifah, George Lucas y Guillermo del Toro. <small class=\"copyright\">Imagen: Picture Alliance\/Richard Shotwell\/Invision\/AP<\/small><\/figcaption><\/figure>\n<h2>Un panel del alto nivel<\/h2>\n<p>El venerado director convers\u00f3 con los ganadores del \u00d3scar Guillermo del Toro y Doug Chiang, artista que ha moldeado el emblem\u00e1tico universo de \u00abLa Guerra de las Galaxias\u00bb durante d\u00e9cadas.<\/p>\n<p>Del Toro, quien lanzar\u00e1 su \u00abFrankenstein\u00bb en noviembre, dijo que muchas de las piezas en el recinto celebrar\u00e1n la libertad y la anarqu\u00eda. El maestro de lo fant\u00e1stico sostuvo que la colecci\u00f3n exhibida en su museo reflejar\u00e1 c\u00f3mo una forma de expresi\u00f3n explica el mundo contempor\u00e1neo.<\/p>\n<p>\u00abEstamos en un momento cr\u00edtico en el que una de las cosas que quieren desaparecer es el pasado. Esto (el museo) es conmemorar un momento popular, vociferante, expresivo y elocuente de nuestro pasado visual que nos pertenece a todos\u00bb, sostuvo.<\/p>\n<p>Para Del Toro, la iniciativa de Lucas es crucial en tiempos en que se hace m\u00e1s urgente resaltar la importancia de la expresi\u00f3n individual. \u00abUna de las cosas que encuentro opresivas es gente diciendo que puedes hacer arte con una aplicaci\u00f3n. Lo siento, pero no puedes\u00bb, coment\u00f3.<\/p>\n<p>EE (EFE, AFP, DPA)<\/p>\n<\/div>\n\n","protected":false},"excerpt":{"rendered":"<p>Los fans de la Comic-Con desenvainaron sus sables de luz para recibir al director George Lucas en su hist\u00f3rica primera visita a este templo de la cultura pop. El legendario realizador de 81 a\u00f1os fue recibido con una ovaci\u00f3n en una sala con capacidad para 6.500 personas, muchas de las cuales hicieron fila por horas &hellip;<\/p>\n","protected":false},"author":1,"featured_media":38010,"comment_status":"open","ping_status":"open","sticky":false,"template":"","format":"standard","meta":{"fifu_image_url":"https:\/\/static.dw.com\/image\/73442439_6.jpg","fifu_image_alt":"","footnotes":""},"categories":[13],"tags":[],"class_list":["post-38009","post","type-post","status-publish","format-standard","has-post-thumbnail","","category-mundo"],"_links":{"self":[{"href":"https:\/\/noticiasveraces.com\/index.php?rest_route=\/wp\/v2\/posts\/38009","targetHints":{"allow":["GET"]}}],"collection":[{"href":"https:\/\/noticiasveraces.com\/index.php?rest_route=\/wp\/v2\/posts"}],"about":[{"href":"https:\/\/noticiasveraces.com\/index.php?rest_route=\/wp\/v2\/types\/post"}],"author":[{"embeddable":true,"href":"https:\/\/noticiasveraces.com\/index.php?rest_route=\/wp\/v2\/users\/1"}],"replies":[{"embeddable":true,"href":"https:\/\/noticiasveraces.com\/index.php?rest_route=%2Fwp%2Fv2%2Fcomments&post=38009"}],"version-history":[{"count":0,"href":"https:\/\/noticiasveraces.com\/index.php?rest_route=\/wp\/v2\/posts\/38009\/revisions"}],"wp:featuredmedia":[{"embeddable":true,"href":"https:\/\/noticiasveraces.com\/index.php?rest_route=\/wp\/v2\/media\/38010"}],"wp:attachment":[{"href":"https:\/\/noticiasveraces.com\/index.php?rest_route=%2Fwp%2Fv2%2Fmedia&parent=38009"}],"wp:term":[{"taxonomy":"category","embeddable":true,"href":"https:\/\/noticiasveraces.com\/index.php?rest_route=%2Fwp%2Fv2%2Fcategories&post=38009"},{"taxonomy":"post_tag","embeddable":true,"href":"https:\/\/noticiasveraces.com\/index.php?rest_route=%2Fwp%2Fv2%2Ftags&post=38009"}],"curies":[{"name":"wp","href":"https:\/\/api.w.org\/{rel}","templated":true}]}}