{"id":37939,"date":"2025-07-28T18:04:27","date_gmt":"2025-07-28T22:04:27","guid":{"rendered":"https:\/\/noticiasveraces.com\/?p=37939"},"modified":"2025-07-28T18:04:27","modified_gmt":"2025-07-28T22:04:27","slug":"bruselas-plantea-el-fin-del-programa-life-clave-en-la-supervivencia-del-oso-pardo-y-el-lince-en-las-ultimas-tres-decadas-clima-y-medio-ambiente","status":"publish","type":"post","link":"https:\/\/noticiasveraces.com\/?p=37939","title":{"rendered":"Bruselas plantea el fin del programa LIFE, clave en la supervivencia del oso pardo y el lince en las \u00faltimas tres d\u00e9cadas | Clima y Medio Ambiente"},"content":{"rendered":"<p> \n<\/p>\n<div data-dtm-region=\"articulo_cuerpo\">\n<p class=\"\">El borrador de presupuestos de la Comisi\u00f3n Europea para 2028 \u2014que todav\u00eda tiene que ser negociado durante los pr\u00f3ximos dos a\u00f1os\u2014 pretende poner fin, tal como existe ahora, al programa LIFE, dedicado a invertir en acciones beneficiosas para el medio ambiente, la naturaleza o el clima. Seg\u00fan datos del Ministerio para la Transici\u00f3n Ecol\u00f3gica, en sus 33 a\u00f1os de vida este programa ha financiado 6.000 proyectos, de los que 1.052 han estado liderados por entidades espa\u00f1olas, y han sido clave para recuperar especies como el lince ib\u00e9rico, el oso pardo, el quebrantahuesos o el \u00e1guila imperial, as\u00ed como para restaurar humedales y otros ecosistemas. Bruselas propone ahora integrar esta partida en un futuro macro Fondo Europeo de Competitividad, con una responsabilidad \u00faltima que dejar\u00eda en manos de los Estados. Esto alarma a las ONG conservacionistas, que consideran que eso supondr\u00eda desmantelar una herramienta de trabajo fundamental para la biodiversidad. <\/p>\n<p class=\"\">Si la Comisi\u00f3n se sale con la suya, el programa LIFE desaparecer\u00e1 como cap\u00edtulo independiente. Al igual que otros 14 programas, el Ejecutivo europeo ha propuesto, en su proyecto de Marco Financiero Plurianual (MFP), integrar a partir de 2028 a LIFE en un macro Fondo Europeo de Competitividad. Uno de los argumentos usados por Bruselas para fusionar todos los programas es que el gasto de la UE est\u00e1 \u201cdiseminado en demasiados programas que se solapan, muchos de los cuales buscan financiar la misma cosa, pero con requerimientos diferentes y dificultades a la hora de combinar de manera eficiente la financiaci\u00f3n\u201d. <\/p>\n<p class=\"\">Bruselas subraya que la propuesta es un ejercicio de \u201cconsolidaci\u00f3n\u201d que har\u00e1 que los programas \u201crelevantes\u201d de la UE se re\u00fanan en un solo fondo con una \u201corientaci\u00f3n estrat\u00e9gica\u201d que busque \u201cpriorizar pol\u00edticas en vez de programas\u201d. Claro que las prioridades se\u00f1aladas por la Comisi\u00f3n se centran m\u00e1s en la \u201ccompetitividad\u201d y \u201cproductividad\u201d que tanto obsesiona a Europa estos d\u00edas que en la cuesti\u00f3n ambiental. Sobre esta, el informe de impacto de la propuesta se limita a decir que \u201cel impacto ambiental est\u00e1 estrechamente ligado a la priorizaci\u00f3n de la descarbonizaci\u00f3n y la industria limpia como sectores y tecnolog\u00edas clave\u201d. Un foco que \u201cdeber\u00eda llevar a un impacto positivo en medio ambiente y en el camino de la UE hacia la descarbonizaci\u00f3n\u201d, insiste.<\/p>\n<figure class=\"a_m a_m-h \"><span class=\"_db a_m_w _pr lb_btn\"><img alt=\"Una hembra de oso pardo, en la cordillera Cant\u00e1brica. \" decoding=\"auto\" class=\"_re lazyload a_m-h\" height=\"233\" srcset=\"https:\/\/imagenes.elpais.com\/resizer\/v2\/KMPEIOBNERBUZJJECF73AFBYMM.jpg?auth=508bf1caa4775e785620f8f8f079c0e4511b2a13dbde68dd7c6c442eeeebc392&amp;width=414 414w,https:\/\/imagenes.elpais.com\/resizer\/v2\/KMPEIOBNERBUZJJECF73AFBYMM.jpg?auth=508bf1caa4775e785620f8f8f079c0e4511b2a13dbde68dd7c6c442eeeebc392&amp;width=828 640w,https:\/\/imagenes.elpais.com\/resizer\/v2\/KMPEIOBNERBUZJJECF73AFBYMM.jpg?auth=508bf1caa4775e785620f8f8f079c0e4511b2a13dbde68dd7c6c442eeeebc392&amp;width=980 1000w,https:\/\/imagenes.elpais.com\/resizer\/v2\/KMPEIOBNERBUZJJECF73AFBYMM.jpg?auth=508bf1caa4775e785620f8f8f079c0e4511b2a13dbde68dd7c6c442eeeebc392&amp;width=1960 1960w\" width=\"414\" sizes=\"auto, (min-width:1199px) 1155px,(min-width:1001px) calc(100vw - 44px),(min-width:768px) 767px, 100vw\" src=\"https:\/\/imagenes.elpais.com\/resizer\/v2\/KMPEIOBNERBUZJJECF73AFBYMM.jpg?auth=508bf1caa4775e785620f8f8f079c0e4511b2a13dbde68dd7c6c442eeeebc392&amp;width=414\" loading=\"lazy\"\/><svg aria-hidden=\"true\" class=\"icon_multimedia_ampliar | _pa a_m_i a_m_i-a _dn\" viewbox=\"0 0 40 40\"><use xlink:href=\"#svg-ampliar\"\/><\/svg><\/span><figcaption class=\"a_m_p\" aria-hidden=\"true\"><span>Una hembra de oso pardo, en la cordillera Cant\u00e1brica. <\/span><span class=\"a_m_m\">Javier Marcos (Getty Images)<\/span><\/figcaption><\/figure>\n<p class=\"\">El fondo LIFE ha financiado unos 6.000 programas, con un presupuesto hasta 2027 de unos 5.500 millones de euros (unos 800 millones al a\u00f1o). Fuentes comunitarias afirman que la integraci\u00f3n de este programa no supone ni su fin ni que cambien fundamentalmente sus objetivos, sino la forma de lograrlos. Estos fondos ya no estar\u00e1n solo bajo la direcci\u00f3n de Bruselas, sino que una parte sustancial estar\u00e1 bajo competencia nacional, con los denominados \u201cplanes de asociaci\u00f3n nacionales y regionales para inversiones y reformas\u201d. Es decir, ser\u00e1n los Estados los que deber\u00e1n decidir si siguen financiando programas como por ejemplo el ic\u00f3nico sobre el lince en Espa\u00f1a. La Comisi\u00f3n defiende adem\u00e1s que el MFP prev\u00e9 una inversi\u00f3n significativa \u2014el 35% de su presupuesto total, que asciende a casi dos billones de euros\u2014 en materia de medio ambiente. <\/p>\n<p class=\"\">Nada de eso convence a las ONG conservacionistas. \u201cSi finalmente se elimina, se desmantela una l\u00ednea de trabajo que ha sido fundamental para conservar la biodiversidad, con proyectos pioneros que han tenido un impacto evidente. No hay una gran especie que no haya recibido fondos LIFE: el lince ib\u00e9rico, el oso pardo, el quebrantahuesos, el \u00e1guila imperial\u2026\u201d, resume Luis Su\u00e1rez, experto en conservaci\u00f3n de WWF.<\/p>\n<p class=\"\">Eduardo de Miguel, director de Global Nature, tercia: \u201cEl programa naci\u00f3 en 1992 utilizando un extra de dinero que qued\u00f3 tras redondear el presupuesto de la Pol\u00edtica Agracia Com\u00fan (PAC). En el periodo 2021-2027 el presupuesto de la PAC es 72 veces superior al LIFE, que es el 1,3% del presupuesto de la PAC. Sin embargo, con esa peque\u00f1a cantidad ha financiado 6.000 proyectos en toda Europa, con los que se han restaurado miles de hect\u00e1reas y se ha ampliado la Red Natura 2000\u201d. Y a\u00f1ade: \u201cla cofinanciaci\u00f3n ya se realiza, los pa\u00edses aportan en torno al 50%. Son fondos que han servido para capitalizar la conservaci\u00f3n en Espa\u00f1a, generando econom\u00eda y puestos de trabajo\u201d. <\/p>\n<p class=\"\">\u201cEliminar el LIFE tendr\u00eda consecuencias catastr\u00f3ficas para la biodiversidad\u201d, resume Juan Carlos Atienza, de SEO\/Birdlife. Y apunta que, a diferencia de lo que se cree, las entidades ambientalistas no son las principales beneficiarias del programa. \u201cSi revisamos en la web de la Comisi\u00f3n a d\u00f3nde han ido destinados los fondos del LIFE, 2.804 millones han reca\u00eddo en las administraciones p\u00fablicas; 2.455 han llegado a las empresas; 1.613 se han otorgado a fundaciones, mientras que solo 937 han llegado a las ONG\u201d. <\/p>\n<p class=\"\">Esto se entiende mejor cuando se ve c\u00f3mo funciona este programa. \u201cLos fondos permiten trabajo a varios a\u00f1os con una cantidad importante de dinero, normalmente con la obligaci\u00f3n de juntar a varias entidades, empresas y administraciones en proyectos colectivos\u201d, resume Su\u00e1rez, de WWF. \u201cOfrecen una subvenci\u00f3n de al menos un mill\u00f3n de euros, pero normalmente se financia el 50%, y el resto hay que buscarlo con otras administraciones y empresas\u201d, contin\u00faa. Y pone como ejemplo el lince ib\u00e9rico, para el que se han subvencionado cuatro programas con los que ha pasado de tan solo 100 ejemplares \u2014peligro cr\u00edtico\u2014 a 2.400 \u2014estado de conservaci\u00f3n favorable\u2014.<\/p>\n<p class=\"\">Guillermo Palomero, director de la Fundaci\u00f3n Oso Pardo, se\u00f1ala: \u201cEstos fondos han sido determinantes para recuperar el oso pardo en Espa\u00f1a. Nosotros hemos disfrutado de 13 proyectos LIFE desde 1992 \u201411 los hemos liderado y en otros dos hemos colaborado\u2014 que hemos utilizado para conservar la especie, mejorar sus h\u00e1bitats y ahora impulsar la coexistencia con los humanos\u201d. Uno de ellos trata de disuadir a los ejemplares para que no se habit\u00faen a las interacciones con las personas. <\/p>\n<h3 class=\"\">Coordinaci\u00f3n europea <\/h3>\n<p class=\"\">\u201cEstos programas son muy s\u00f3lidos, no se los dan a cualquiera, y priman que se genere un conocimiento transferible, es decir, que se pueda aplicar en otros lugares de Europa\u201d, prosigue Palomero. \u201cEn nuestro caso, esto ha generado una red de contactos muy amplia con todas las \u00e1reas de la UE donde hay osos, con lo que se hacen reuniones de coordinaci\u00f3n, hablamos de los problemas y los retos y nos copiamos las estrategias de \u00e9xito\u201d, a\u00f1ade. Esa sinergia se perder\u00eda con fondos nacionales o auton\u00f3micos que solo financiaran proyectos peque\u00f1os.<\/p>\n<p class=\"\">No solo ha servido para estas especies. \u201cNosotros hemos trabajado en especies menos emblem\u00e1ticas, como el carricer\u00edn cejudo, un pajarillo que cr\u00eda al norte de Alemania y cuya ruta migratoria pasa por Espa\u00f1a. Con los LIFE hemos recuperado humedales que suele usar. Tambi\u00e9n hemos trabajado en la conservaci\u00f3n de aves que viven en espacios agrarios, como el sis\u00f3n, en colaboraci\u00f3n con los agricultores\u201d, apunta De Miguel, de Global Nature. <\/p>\n<p class=\"\">Si la supresi\u00f3n se culmina, tambi\u00e9n supondr\u00e1 un agujero para algunas ONG, sobre todo las m\u00e1s peque\u00f1as. \u201cEn nuestra entidad los fondos LIFE representan entre el 25 y 30% de los ingresos. En las m\u00e1s peque\u00f1as pueden llegar al 50%. Una parte importante del sector se ha mantenido y ha crecido gracias a este programa\u201d, a\u00f1ade. <\/p>\n<p class=\"\">Hay adem\u00e1s una desconfianza que viene de largo. Porque el programa LIFE lleva meses en la mira de las facciones m\u00e1s conservadoras y de extrema derecha del Parlamento Europeo, quienes en su estrategia de acabar con el Pacto Verde europeo, han acusado a las ONG medioambientales de actuar como <i>Lobbies<\/i> en nombre de la Comisi\u00f3n. Unas ONG que se financian, en buena parte, a trav\u00e9s del programa LIFE, que tiene hasta ahora unas \u201csubvenciones de funcionamiento\u201d que suponen una parte \u00ednfima del presupuesto total de la UE: en el actual programa, se limitan a 15,6 millones, el 0,006% del presupuesto total de la Uni\u00f3n. En suma, las entidades ambientales temen una reducci\u00f3n del gasto en medio ambiente, adem\u00e1s de la falta de condicionalidades medioambientales significativas para el gasto general europeo. <\/p>\n<\/div>\n\n","protected":false},"excerpt":{"rendered":"<p>El borrador de presupuestos de la Comisi\u00f3n Europea para 2028 \u2014que todav\u00eda tiene que ser negociado durante los pr\u00f3ximos dos a\u00f1os\u2014 pretende poner fin, tal como existe ahora, al programa LIFE, dedicado a invertir en acciones beneficiosas para el medio ambiente, la naturaleza o el clima. Seg\u00fan datos del Ministerio para la Transici\u00f3n Ecol\u00f3gica, en &hellip;<\/p>\n","protected":false},"author":1,"featured_media":37940,"comment_status":"open","ping_status":"open","sticky":false,"template":"","format":"standard","meta":{"fifu_image_url":"https:\/\/imagenes.elpais.com\/resizer\/v2\/D2OPBMT4VBEQ7C4DXMLC4EDSPE.jpg?auth=c9bdf9a65d69ae7d8f70c85c9f6b9feb48f9f213c2150fa04ce4279bb8bb6dbe&width=1200","fifu_image_alt":"","footnotes":""},"categories":[11],"tags":[],"class_list":["post-37939","post","type-post","status-publish","format-standard","has-post-thumbnail","","category-viaje"],"_links":{"self":[{"href":"https:\/\/noticiasveraces.com\/index.php?rest_route=\/wp\/v2\/posts\/37939","targetHints":{"allow":["GET"]}}],"collection":[{"href":"https:\/\/noticiasveraces.com\/index.php?rest_route=\/wp\/v2\/posts"}],"about":[{"href":"https:\/\/noticiasveraces.com\/index.php?rest_route=\/wp\/v2\/types\/post"}],"author":[{"embeddable":true,"href":"https:\/\/noticiasveraces.com\/index.php?rest_route=\/wp\/v2\/users\/1"}],"replies":[{"embeddable":true,"href":"https:\/\/noticiasveraces.com\/index.php?rest_route=%2Fwp%2Fv2%2Fcomments&post=37939"}],"version-history":[{"count":0,"href":"https:\/\/noticiasveraces.com\/index.php?rest_route=\/wp\/v2\/posts\/37939\/revisions"}],"wp:featuredmedia":[{"embeddable":true,"href":"https:\/\/noticiasveraces.com\/index.php?rest_route=\/wp\/v2\/media\/37940"}],"wp:attachment":[{"href":"https:\/\/noticiasveraces.com\/index.php?rest_route=%2Fwp%2Fv2%2Fmedia&parent=37939"}],"wp:term":[{"taxonomy":"category","embeddable":true,"href":"https:\/\/noticiasveraces.com\/index.php?rest_route=%2Fwp%2Fv2%2Fcategories&post=37939"},{"taxonomy":"post_tag","embeddable":true,"href":"https:\/\/noticiasveraces.com\/index.php?rest_route=%2Fwp%2Fv2%2Ftags&post=37939"}],"curies":[{"name":"wp","href":"https:\/\/api.w.org\/{rel}","templated":true}]}}