{"id":37893,"date":"2025-07-28T08:15:11","date_gmt":"2025-07-28T12:15:11","guid":{"rendered":"https:\/\/noticiasveraces.com\/?p=37893"},"modified":"2025-07-28T08:15:11","modified_gmt":"2025-07-28T12:15:11","slug":"administracion-de-trump-para-boicotear-la-cumbre-de-estado-palestino-de-la-onu-en-nueva-york","status":"publish","type":"post","link":"https:\/\/noticiasveraces.com\/?p=37893","title":{"rendered":"Administraci\u00f3n de Trump para boicotear la Cumbre de Estado Palestino de la ONU en Nueva York"},"content":{"rendered":"<p> \n<\/p>\n<div>\n<div id=\"beyondwords-wrapper\" class=\"beyondwords-wrapper\">\n<p><span class=\"label-bg\">NUEVO<\/span>\u00a1Ahora puedes escuchar art\u00edculos de Fox News!\n  <\/p>\n<\/div>\n<p class=\"speakable\">La administraci\u00f3n Trump est\u00e1 programada para boicotear una cumbre de alto nivel en el estado palestino, copatrocinado por Francia y Arabia Saudita, programada para tener lugar en la sede de las Naciones Unidas en la ciudad de Nueva York el lunes.<\/p>\n<p class=\"speakable\">El evento fue planeado originalmente para junio con la asistencia del presidente franc\u00e9s Emmanuel Macron, pero fue pospuesto debido a la guerra de 12 d\u00edas entre Israel e Ir\u00e1n. Se espera que representantes de m\u00e1s de 50 naciones hablen en la Conferencia Internacional de alto nivel para el acuerdo pac\u00edfico de la cuesti\u00f3n de Palestina, con docenas de pa\u00edses adicionales que figuran como participantes.<\/p>\n<p>Reuters inform\u00f3 el mes pasado que un cable diplom\u00e1tico de los Estados Unidos hab\u00eda instado a los gobiernos a omitir el evento de la ONU \u00abcontraproducente\u00bb, que Washington describi\u00f3 como un obst\u00e1culo para los esfuerzos para poner fin a la guerra en Gaza.<\/p>\n<p>\u00abEl hecho de que los franceses y los sauditas no pudieran ser disuadidos de fabricar este \u00faltimo obst\u00e1culo para la paz es un dedo al presidente Trump\u00bb, dijo Anne Bayefsky, Presidenta de Voces de Derechos Humanos y directora del Instituto de Derechos Humanos y el Holocausto de Touro y el Holocausto, dijo a Fox News Digital. <\/p>\n<p><strong>Trump se encoge de hombros por el reconocimiento de Francia a Palestina como Rubio, el prominente movimiento de los republicanos<\/strong><\/p>\n<div class=\"image-ct inline\">\n<div class=\"m\"><picture><source media=\"(max-width: 767px)\" srcset=\"https:\/\/a57.foxnews.com\/static.foxnews.com\/foxnews.com\/content\/uploads\/2025\/06\/343\/192\/macron.png?ve=1&amp;tl=1, https:\/\/a57.foxnews.com\/static.foxnews.com\/foxnews.com\/content\/uploads\/2025\/06\/686\/384\/macron.png?ve=1&amp;tl=1 2x\" height=\"192\" width=\"343\"><source media=\"(min-width: 768px) and (max-width: 1023px)\" srcset=\"https:\/\/a57.foxnews.com\/static.foxnews.com\/foxnews.com\/content\/uploads\/2025\/06\/672\/378\/macron.png?ve=1&amp;tl=1, https:\/\/a57.foxnews.com\/static.foxnews.com\/foxnews.com\/content\/uploads\/2025\/06\/1344\/756\/macron.png?ve=1&amp;tl=1 2x\" height=\"378\" width=\"672\"><source media=\"(min-width: 1024px) and (max-width: 1279px)\" srcset=\"https:\/\/a57.foxnews.com\/static.foxnews.com\/foxnews.com\/content\/uploads\/2025\/06\/931\/523\/macron.png?ve=1&amp;tl=1, https:\/\/a57.foxnews.com\/static.foxnews.com\/foxnews.com\/content\/uploads\/2025\/06\/1862\/1046\/macron.png?ve=1&amp;tl=1 2x\" height=\"523\" width=\"931\"><source media=\"(min-width: 1280px)\" srcset=\"https:\/\/a57.foxnews.com\/static.foxnews.com\/foxnews.com\/content\/uploads\/2025\/06\/720\/405\/macron.png?ve=1&amp;tl=1, https:\/\/a57.foxnews.com\/static.foxnews.com\/foxnews.com\/content\/uploads\/2025\/06\/1440\/810\/macron.png?ve=1&amp;tl=1 2x\" height=\"405\" width=\"720\"><img loading=\"lazy\" decoding=\"async\" src=\"https:\/\/a57.foxnews.com\/static.foxnews.com\/foxnews.com\/content\/uploads\/2025\/06\/1200\/675\/macron.png?ve=1&amp;tl=1\" alt=\"Presidente Emmanuel Macron\" width=\"1200\" height=\"675\"\/><\/source><\/source><\/source><\/source><\/picture><\/div>\n<div class=\"info\">\n<div class=\"caption\">\n<p><span>El presidente franc\u00e9s, Emmanuel Macron, acudi\u00f3 a X el jueves para anunciar el reconocimiento formal de Francia del estado palestino en la Asamblea General de las Naciones Unidas en septiembre.<\/span> <span>(Teresa Su\u00e1rez\/Pool\/AFP a trav\u00e9s de Getty Images)<\/span><\/p>\n<\/div>\n<\/div>\n<\/div>\n<p>\u00abLos contribuyentes estadounidenses est\u00e1n pagando una cuarta parte de los costos de esta monstruosidad de la ONU, los belicistas se visten como Peaceniks. \u00bfPor qu\u00e9 seguimos pagando facturas de la UN?\u00bb<\/p>\n<p>Bayefsky agreg\u00f3: \u00abEsta \u00faltima confab de la ONU encarna la cultura rechazada: empuja a un estado palestino por la garganta de Israel, sin negociaciones y sin la aceptaci\u00f3n palestina del estado jud\u00edo. Se apropia arrogantemente el derecho a decidir la propiedad de la tierra y qui\u00e9n, qu\u00e9, d\u00f3nde es legal e ilegal.<\/p>\n<p>\u00abDespu\u00e9s del 7 de octubre, y la realidad de que la Autoridad Palestina sirve como Wingman de Hamas en el escenario internacional, est\u00e1 dolorosamente claro que un estado palestino armado significa m\u00e1s guerra, no paz\u00bb, dijo.<\/p>\n<div class=\"image-ct inline\">\n<div class=\"m\"><picture><source media=\"(max-width: 767px)\" srcset=\"https:\/\/a57.foxnews.com\/static.foxnews.com\/foxnews.com\/content\/uploads\/2025\/02\/343\/192\/hamas.png?ve=1&amp;tl=1, https:\/\/a57.foxnews.com\/static.foxnews.com\/foxnews.com\/content\/uploads\/2025\/02\/686\/384\/hamas.png?ve=1&amp;tl=1 2x\" height=\"192\" width=\"343\"><source media=\"(min-width: 768px) and (max-width: 1023px)\" srcset=\"https:\/\/a57.foxnews.com\/static.foxnews.com\/foxnews.com\/content\/uploads\/2025\/02\/672\/378\/hamas.png?ve=1&amp;tl=1, https:\/\/a57.foxnews.com\/static.foxnews.com\/foxnews.com\/content\/uploads\/2025\/02\/1344\/756\/hamas.png?ve=1&amp;tl=1 2x\" height=\"378\" width=\"672\"><source media=\"(min-width: 1024px) and (max-width: 1279px)\" srcset=\"https:\/\/a57.foxnews.com\/static.foxnews.com\/foxnews.com\/content\/uploads\/2025\/02\/931\/523\/hamas.png?ve=1&amp;tl=1, https:\/\/a57.foxnews.com\/static.foxnews.com\/foxnews.com\/content\/uploads\/2025\/02\/1862\/1046\/hamas.png?ve=1&amp;tl=1 2x\" height=\"523\" width=\"931\"><source media=\"(min-width: 1280px)\" srcset=\"https:\/\/a57.foxnews.com\/static.foxnews.com\/foxnews.com\/content\/uploads\/2025\/02\/720\/405\/hamas.png?ve=1&amp;tl=1, https:\/\/a57.foxnews.com\/static.foxnews.com\/foxnews.com\/content\/uploads\/2025\/02\/1440\/810\/hamas.png?ve=1&amp;tl=1 2x\" height=\"405\" width=\"720\"><img loading=\"lazy\" decoding=\"async\" src=\"https:\/\/a57.foxnews.com\/static.foxnews.com\/foxnews.com\/content\/uploads\/2025\/02\/1200\/675\/hamas.png?ve=1&amp;tl=1\" alt=\"Terroristas de Hamas\" width=\"1200\" height=\"675\"\/><\/source><\/source><\/source><\/source><\/picture><\/div>\n<div class=\"info\">\n<div class=\"caption\">\n<p><span>Los terroristas de Hamas toman posiciones antes de un lanzamiento de rehenes en Deir al-Balah, Central Gaza Strip el s\u00e1bado 8 de febrero de 2025.<\/span> <span>(AP)<\/span><\/p>\n<\/div>\n<\/div>\n<\/div>\n<p>En una entrevista con La Tribune Dimanche el domingo, el ministro de Relaciones Exteriores franc\u00e9s, Jean-Noel Barot, dijo que \u00abla perspectiva de un estado palestino nunca ha sido tan amenazado, ni tan necesario\u00bb.<\/p>\n<p>\u00ab[It is] Amenazada por la destrucci\u00f3n de la Franja de Gaza, la expansi\u00f3n desenfrenada de asentamientos israel\u00ed en Cisjordania que socava la idea misma de continuidad territorial y la renuncia de la comunidad internacional \u00ab, dijo.<\/p>\n<p>\u00ab[It is] necesario, porque esperar lograr un alto el fuego duradero, la liberaci\u00f3n de rehenes en poder de Hamas y su rendici\u00f3n sin describir primero un horizonte pol\u00edtico es una ilusi\u00f3n \u00ab, agreg\u00f3.<\/p>\n<div class=\"image-ct inline\">\n<div class=\"m\"><picture><source media=\"(max-width: 767px)\" srcset=\"https:\/\/a57.foxnews.com\/static.foxnews.com\/foxnews.com\/content\/uploads\/2025\/01\/343\/192\/french-foreign-minister-barrot.jpg?ve=1&amp;tl=1, https:\/\/a57.foxnews.com\/static.foxnews.com\/foxnews.com\/content\/uploads\/2025\/01\/686\/384\/french-foreign-minister-barrot.jpg?ve=1&amp;tl=1 2x\" height=\"192\" width=\"343\"><source media=\"(min-width: 768px) and (max-width: 1023px)\" srcset=\"https:\/\/a57.foxnews.com\/static.foxnews.com\/foxnews.com\/content\/uploads\/2025\/01\/672\/378\/french-foreign-minister-barrot.jpg?ve=1&amp;tl=1, https:\/\/a57.foxnews.com\/static.foxnews.com\/foxnews.com\/content\/uploads\/2025\/01\/1344\/756\/french-foreign-minister-barrot.jpg?ve=1&amp;tl=1 2x\" height=\"378\" width=\"672\"><source media=\"(min-width: 1024px) and (max-width: 1279px)\" srcset=\"https:\/\/a57.foxnews.com\/static.foxnews.com\/foxnews.com\/content\/uploads\/2025\/01\/931\/523\/french-foreign-minister-barrot.jpg?ve=1&amp;tl=1, https:\/\/a57.foxnews.com\/static.foxnews.com\/foxnews.com\/content\/uploads\/2025\/01\/1862\/1046\/french-foreign-minister-barrot.jpg?ve=1&amp;tl=1 2x\" height=\"523\" width=\"931\"><source media=\"(min-width: 1280px)\" srcset=\"https:\/\/a57.foxnews.com\/static.foxnews.com\/foxnews.com\/content\/uploads\/2025\/01\/720\/405\/french-foreign-minister-barrot.jpg?ve=1&amp;tl=1, https:\/\/a57.foxnews.com\/static.foxnews.com\/foxnews.com\/content\/uploads\/2025\/01\/1440\/810\/french-foreign-minister-barrot.jpg?ve=1&amp;tl=1 2x\" height=\"405\" width=\"720\"><img loading=\"lazy\" decoding=\"async\" src=\"https:\/\/a57.foxnews.com\/static.foxnews.com\/foxnews.com\/content\/uploads\/2025\/01\/1200\/675\/french-foreign-minister-barrot.jpg?ve=1&amp;tl=1\" alt=\"Ministro de Europa y Asuntos Exteriores de Francia Jean-Noel Barrot\" width=\"1200\" height=\"675\"\/><\/source><\/source><\/source><\/source><\/picture><\/div>\n<div class=\"info\">\n<div class=\"caption\">\n<p><span>El ministro franc\u00e9s de Europa y Asuntos Exteriores, Jean-Noel Barrot, pronuncia un discurso durante la conferencia anual de embajadores franceses en el Centro de Conferencias Internacionales del Ministerio de Asuntos Exteriores franceses en Par\u00eds el 6 de enero de 2025.<\/span> <span>(Ludovic Marin\/Pool a trav\u00e9s de Reuters\/File Foto)<\/span><\/p>\n<\/div>\n<\/div>\n<\/div>\n<p>El evento del lunes llega al contexto de la decisi\u00f3n de Macron de reconocer un estado palestino. La declaraci\u00f3n formal se har\u00eda en la Asamblea General de la ONU en septiembre. <\/p>\n<p>El presidente Donald Trump desestim\u00f3 de inmediato la medida, argumentando que la declaraci\u00f3n de Macron \u00abno importa\u00bb.<\/p>\n<p>Embajador de los Estados Unidos en Israel Mike Huckabee<strong> <\/strong>se burl\u00f3 de la decisi\u00f3n de Par\u00eds en una serie de publicaciones en redes sociales. \u00ab\u00a1Qu\u00e9 inteligente! Si Macron puede\u00bb declarar \u00abla existencia de un estado, tal vez el Reino Unido pueda\u00bb declarar \u00aba Francia una colonia brit\u00e1nica!\u00bb Huckabee escribi\u00f3.<\/p>\n<p><strong>Trump golpea a Europa por la inmigraci\u00f3n, dice que la \u00abinvasi\u00f3n horrible\u00bb est\u00e1 matando al continente<\/strong><\/p>\n<div class=\"image-ct inline\">\n<div class=\"m\"><picture><source media=\"(max-width: 767px)\" srcset=\"https:\/\/a57.foxnews.com\/static.foxnews.com\/foxnews.com\/content\/uploads\/2024\/06\/343\/192\/nova-music-festival.jpg?ve=1&amp;tl=1, https:\/\/a57.foxnews.com\/static.foxnews.com\/foxnews.com\/content\/uploads\/2024\/06\/686\/384\/nova-music-festival.jpg?ve=1&amp;tl=1 2x\" height=\"192\" width=\"343\"><source media=\"(min-width: 768px) and (max-width: 1023px)\" srcset=\"https:\/\/a57.foxnews.com\/static.foxnews.com\/foxnews.com\/content\/uploads\/2024\/06\/672\/378\/nova-music-festival.jpg?ve=1&amp;tl=1, https:\/\/a57.foxnews.com\/static.foxnews.com\/foxnews.com\/content\/uploads\/2024\/06\/1344\/756\/nova-music-festival.jpg?ve=1&amp;tl=1 2x\" height=\"378\" width=\"672\"><source media=\"(min-width: 1024px) and (max-width: 1279px)\" srcset=\"https:\/\/a57.foxnews.com\/static.foxnews.com\/foxnews.com\/content\/uploads\/2024\/06\/931\/523\/nova-music-festival.jpg?ve=1&amp;tl=1, https:\/\/a57.foxnews.com\/static.foxnews.com\/foxnews.com\/content\/uploads\/2024\/06\/1862\/1046\/nova-music-festival.jpg?ve=1&amp;tl=1 2x\" height=\"523\" width=\"931\"><source media=\"(min-width: 1280px)\" srcset=\"https:\/\/a57.foxnews.com\/static.foxnews.com\/foxnews.com\/content\/uploads\/2024\/06\/720\/405\/nova-music-festival.jpg?ve=1&amp;tl=1, https:\/\/a57.foxnews.com\/static.foxnews.com\/foxnews.com\/content\/uploads\/2024\/06\/1440\/810\/nova-music-festival.jpg?ve=1&amp;tl=1 2x\" height=\"405\" width=\"720\"><img loading=\"lazy\" decoding=\"async\" src=\"https:\/\/a57.foxnews.com\/static.foxnews.com\/foxnews.com\/content\/uploads\/2024\/06\/1200\/675\/nova-music-festival.jpg?ve=1&amp;tl=1\" alt=\"Memorial en el Nova Music Festival\" width=\"1200\" height=\"675\"\/><\/source><\/source><\/source><\/source><\/picture><\/div>\n<div class=\"info\">\n<div class=\"caption\">\n<p><span>Memoriales en el sitio del ataque terrorista de Hamas del 7 de octubre contra el Festival de M\u00fasica de Supernova cerca de Kibbutz Re&#8217;im, Israel, el lunes 27 de mayo de 2024.<\/span> <span>(Kobi Wolf\/Bloomberg a trav\u00e9s de Getty Images)<\/span><\/p>\n<\/div>\n<\/div>\n<\/div>\n<p>En Mayo,<strong> <\/strong>Huckabee le dijo a Fox News Digital: \u00abSi Francia est\u00e1 realmente tan decidida a ver a un estado palestino, tengo una sugerencia para ellos, porta un pedazo de la Riviera francesa\u00bb.<\/p>\n<p>El primer ministro israel\u00ed, Benjamin Netanyahu, emiti\u00f3 una declaraci\u00f3n condenando el movimiento de Par\u00eds \u00abpara reconocer a un estado palestino junto a Tel Aviv a ra\u00edz de la masacre del 7 de octubre\u00bb.<\/p>\n<p>Las naciones europeas clave a\u00fan no han respaldado la iniciativa de Macron, con el primer ministro italiano, Giorgia Meloni, afirmando el s\u00e1bado que reconocer un estado palestino era prematuro.<\/p>\n<p>\u00abEstoy muy a favor del estado de Palestina, pero no estoy a favor de reconocerlo antes de establecerlo\u00bb, dijo Meloni. \u00abSi algo que no existe se reconoce en el papel, el problema podr\u00eda parecer resolverse cuando no lo es\u00bb.<\/p>\n<p>Un portavoz del gobierno alem\u00e1n dijo el viernes: \u00abLa seguridad de Israel es de suma importancia\u00bb y, por lo tanto, Berl\u00edn \u00abno tiene planes de reconocer a un estado palestino a corto plazo\u00bb.<\/p>\n<div class=\"image-ct inline\">\n<div class=\"m\"><picture><source media=\"(max-width: 767px)\" srcset=\"https:\/\/a57.foxnews.com\/static.foxnews.com\/foxnews.com\/content\/uploads\/2018\/09\/343\/192\/rtx3gzcq.jpg?ve=1&amp;tl=1, https:\/\/a57.foxnews.com\/static.foxnews.com\/foxnews.com\/content\/uploads\/2018\/09\/686\/384\/rtx3gzcq.jpg?ve=1&amp;tl=1 2x\" height=\"192\" width=\"343\"><source media=\"(min-width: 768px) and (max-width: 1023px)\" srcset=\"https:\/\/a57.foxnews.com\/static.foxnews.com\/foxnews.com\/content\/uploads\/2018\/09\/672\/378\/rtx3gzcq.jpg?ve=1&amp;tl=1, https:\/\/a57.foxnews.com\/static.foxnews.com\/foxnews.com\/content\/uploads\/2018\/09\/1344\/756\/rtx3gzcq.jpg?ve=1&amp;tl=1 2x\" height=\"378\" width=\"672\"><source media=\"(min-width: 1024px) and (max-width: 1279px)\" srcset=\"https:\/\/a57.foxnews.com\/static.foxnews.com\/foxnews.com\/content\/uploads\/2018\/09\/931\/523\/rtx3gzcq.jpg?ve=1&amp;tl=1, https:\/\/a57.foxnews.com\/static.foxnews.com\/foxnews.com\/content\/uploads\/2018\/09\/1862\/1046\/rtx3gzcq.jpg?ve=1&amp;tl=1 2x\" height=\"523\" width=\"931\"><source media=\"(min-width: 1280px)\" srcset=\"https:\/\/a57.foxnews.com\/static.foxnews.com\/foxnews.com\/content\/uploads\/2018\/09\/720\/405\/rtx3gzcq.jpg?ve=1&amp;tl=1, https:\/\/a57.foxnews.com\/static.foxnews.com\/foxnews.com\/content\/uploads\/2018\/09\/1440\/810\/rtx3gzcq.jpg?ve=1&amp;tl=1 2x\" height=\"405\" width=\"720\"><img loading=\"lazy\" decoding=\"async\" src=\"https:\/\/a57.foxnews.com\/static.foxnews.com\/foxnews.com\/content\/uploads\/2018\/09\/1200\/675\/rtx3gzcq.jpg?ve=1&amp;tl=1\" alt=\"El presidente franc\u00e9s, Emmanuel Macron, se dirige a la 72a Asamblea General de las Naciones Unidas en la sede de la ONU en Nueva York, EE. UU., 19 de septiembre de 2017. Reuters\/Lucas Jackson - HP1ED9J1Beatm\" width=\"1200\" height=\"675\"\/><\/source><\/source><\/source><\/source><\/picture><\/div>\n<div class=\"info\">\n<div class=\"caption\">\n<p><span>El presidente franc\u00e9s, Emmanuel Macron, se dirige a la 72a Asamblea General de las Naciones Unidas en la sede de la ONU en Nueva York.<\/span> <span>(Reuters)<\/span><\/p>\n<\/div>\n<\/div>\n<\/div>\n<p>En una declaraci\u00f3n de video el viernes, primer ministro del Reino Unido<strong> <\/strong>Keir Starmer dijo que est\u00e1 \u00abtrabajando en un camino hacia la paz en la regi\u00f3n centrado en las soluciones pr\u00e1cticas que marcar\u00e1n una verdadera diferencia en la vida de quienes sufren en esta guerra\u00bb.<\/p>\n<p>Por el contrario, el miembro de la OTAN y el aliado de los Estados Unidos Turqu\u00eda dieron la bienvenida al movimiento franc\u00e9s, con el presidente Recep Tayyip Erdogan felicitando a Macron durante una llamada telef\u00f3nica entre los dos l\u00edderes.<\/p>\n<p>Avi Pazner, ex embajador israel\u00ed en Francia e Italia, le dijo a Fox News Digital que \u00abno hay una explicaci\u00f3n racional\u00bb para la decisi\u00f3n de Macron, ya que todos entienden que \u00abno es factible\u00bb.<\/p>\n<p>Pazner sugiri\u00f3 que Macron podr\u00eda estar intentando ganar credibilidad con las importantes minor\u00edas musulmanas y \u00e1rabes de Francia, que algunos estiman entre el 8% y el 10% del pa\u00eds.<\/p>\n<p>Aaron David Miller, miembro principal del Carnegie Endowment for International Peace y ex negociador en el Departamento de Estado bajo las administraciones democr\u00e1ticas y republicanas, dijo a Fox News Digital que Trump tiene su propio conjunto de objetivos y sensibilidad con respecto al tema del estado palestino.<\/p>\n<div class=\"image-ct inline\">\n<div class=\"m\"><picture><source media=\"(max-width: 767px)\" srcset=\"https:\/\/a57.foxnews.com\/static.foxnews.com\/foxnews.com\/content\/uploads\/2025\/04\/343\/192\/mahmoud-abbas.jpg?ve=1&amp;tl=1, https:\/\/a57.foxnews.com\/static.foxnews.com\/foxnews.com\/content\/uploads\/2025\/04\/686\/384\/mahmoud-abbas.jpg?ve=1&amp;tl=1 2x\" height=\"192\" width=\"343\"><source media=\"(min-width: 768px) and (max-width: 1023px)\" srcset=\"https:\/\/a57.foxnews.com\/static.foxnews.com\/foxnews.com\/content\/uploads\/2025\/04\/672\/378\/mahmoud-abbas.jpg?ve=1&amp;tl=1, https:\/\/a57.foxnews.com\/static.foxnews.com\/foxnews.com\/content\/uploads\/2025\/04\/1344\/756\/mahmoud-abbas.jpg?ve=1&amp;tl=1 2x\" height=\"378\" width=\"672\"><source media=\"(min-width: 1024px) and (max-width: 1279px)\" srcset=\"https:\/\/a57.foxnews.com\/static.foxnews.com\/foxnews.com\/content\/uploads\/2025\/04\/931\/523\/mahmoud-abbas.jpg?ve=1&amp;tl=1, https:\/\/a57.foxnews.com\/static.foxnews.com\/foxnews.com\/content\/uploads\/2025\/04\/1862\/1046\/mahmoud-abbas.jpg?ve=1&amp;tl=1 2x\" height=\"523\" width=\"931\"><source media=\"(min-width: 1280px)\" srcset=\"https:\/\/a57.foxnews.com\/static.foxnews.com\/foxnews.com\/content\/uploads\/2025\/04\/720\/405\/mahmoud-abbas.jpg?ve=1&amp;tl=1, https:\/\/a57.foxnews.com\/static.foxnews.com\/foxnews.com\/content\/uploads\/2025\/04\/1440\/810\/mahmoud-abbas.jpg?ve=1&amp;tl=1 2x\" height=\"405\" width=\"720\"><img loading=\"lazy\" decoding=\"async\" src=\"https:\/\/a57.foxnews.com\/static.foxnews.com\/foxnews.com\/content\/uploads\/2025\/04\/1200\/675\/mahmoud-abbas.jpg?ve=1&amp;tl=1\" alt=\"Presidente de la Autoridad Palestina Mahmoud Abbas\" width=\"1200\" height=\"675\"\/><\/source><\/source><\/source><\/source><\/picture><\/div>\n<div class=\"info\">\n<div class=\"caption\">\n<p><span>El presidente de la Autoridad Palestina, Mahmoud Abbas, celebra una reuni\u00f3n de liderazgo en Ramallah, Cisjordania, el 23 de abril de 2025.<\/span> <span>(Reuters\/Mohammed Torokman)<\/span><\/p>\n<\/div>\n<\/div>\n<\/div>\n<p><strong>Haga clic aqu\u00ed para obtener la aplicaci\u00f3n Fox News<\/strong><\/p>\n<p>\u00abEra la opini\u00f3n de las administraciones sucesivas que la estadidad unilateral perjudicar\u00eda y socavar\u00eda las condiciones necesarias para las negociaciones\u00bb, agreg\u00f3. \u00abSi Francia est\u00e1 reconociendo un estado palestino, \u00bfdentro de qu\u00e9 fronteras? \u00bfQu\u00e9 le sucede a Jerusal\u00e9n? \u00bfQu\u00e9 pasa con el valle de Jordan?<\/p>\n<p>Se espera que la conferencia patrocinada por franc\u00e9s y saud\u00ed se ejecute hasta el martes.<\/p>\n<p> <!----> <\/p>\n<div class=\"article-meta\">\n<div class=\"author-bio\">\n<p>Amelie Botbol es una periodista independiente con sede en Tel Aviv. Sus art\u00edculos han aparecido en el New York Post, el National Post de Canad\u00e1 y el Washington Times. Amelie se puede seguir en x @datrePorter <\/p>\n<\/div>\n<\/div>\n<\/div>\n\n","protected":false},"excerpt":{"rendered":"<p>NUEVO\u00a1Ahora puedes escuchar art\u00edculos de Fox News! La administraci\u00f3n Trump est\u00e1 programada para boicotear una cumbre de alto nivel en el estado palestino, copatrocinado por Francia y Arabia Saudita, programada para tener lugar en la sede de las Naciones Unidas en la ciudad de Nueva York el lunes. El evento fue planeado originalmente para junio &hellip;<\/p>\n","protected":false},"author":1,"featured_media":37895,"comment_status":"open","ping_status":"open","sticky":false,"template":"","format":"standard","meta":{"fifu_image_url":"https:\/\/static.foxnews.com\/foxnews.com\/content\/uploads\/2019\/09\/United-Nations.jpg","fifu_image_alt":"","footnotes":""},"categories":[13],"tags":[],"class_list":["post-37893","post","type-post","status-publish","format-standard","has-post-thumbnail","","category-mundo"],"_links":{"self":[{"href":"https:\/\/noticiasveraces.com\/index.php?rest_route=\/wp\/v2\/posts\/37893","targetHints":{"allow":["GET"]}}],"collection":[{"href":"https:\/\/noticiasveraces.com\/index.php?rest_route=\/wp\/v2\/posts"}],"about":[{"href":"https:\/\/noticiasveraces.com\/index.php?rest_route=\/wp\/v2\/types\/post"}],"author":[{"embeddable":true,"href":"https:\/\/noticiasveraces.com\/index.php?rest_route=\/wp\/v2\/users\/1"}],"replies":[{"embeddable":true,"href":"https:\/\/noticiasveraces.com\/index.php?rest_route=%2Fwp%2Fv2%2Fcomments&post=37893"}],"version-history":[{"count":0,"href":"https:\/\/noticiasveraces.com\/index.php?rest_route=\/wp\/v2\/posts\/37893\/revisions"}],"wp:featuredmedia":[{"embeddable":true,"href":"https:\/\/noticiasveraces.com\/index.php?rest_route=\/wp\/v2\/media\/37895"}],"wp:attachment":[{"href":"https:\/\/noticiasveraces.com\/index.php?rest_route=%2Fwp%2Fv2%2Fmedia&parent=37893"}],"wp:term":[{"taxonomy":"category","embeddable":true,"href":"https:\/\/noticiasveraces.com\/index.php?rest_route=%2Fwp%2Fv2%2Fcategories&post=37893"},{"taxonomy":"post_tag","embeddable":true,"href":"https:\/\/noticiasveraces.com\/index.php?rest_route=%2Fwp%2Fv2%2Ftags&post=37893"}],"curies":[{"name":"wp","href":"https:\/\/api.w.org\/{rel}","templated":true}]}}