{"id":37889,"date":"2025-07-28T06:11:10","date_gmt":"2025-07-28T10:11:10","guid":{"rendered":"https:\/\/noticiasveraces.com\/?p=37889"},"modified":"2025-07-28T06:11:10","modified_gmt":"2025-07-28T10:11:10","slug":"critica-el-acuerdo-de-aranceles-de-ee-uu-y-la-ue-dw-28-07-2025","status":"publish","type":"post","link":"https:\/\/noticiasveraces.com\/?p=37889","title":{"rendered":"critica el acuerdo de aranceles de EE. UU. y la UE \u2013 DW \u2013 28\/07\/2025"},"content":{"rendered":"<p> \n<\/p>\n<div>\n<p>\u00abEl acuerdo comercial negociado por la Comisi\u00f3n Europea con Estados Unidos aportar\u00e1 una estabilidad temporal a los actores econ\u00f3micos amenazados por la escalada aduanera estadounidense, pero es desequilibrado\u00bb, public\u00f3 Benjamin Haddad, ministro delegado de Francia para Asuntos Europeos, en la red social X.<\/p>\n<p>El acuerdo anunciado por Donald Trump y la presidenta de la Comisi\u00f3n Europea, Ursula von der Leyen, establece un arancel del 15% para las exportaciones europeas, con algunas excepciones en sectores como la aeron\u00e1utica, las materias primas cruciales o algunos productos alimentarios.<\/p>\n<blockquote class=\"tweet embed\" data-id=\"1949691983477240076\"\/>\n<p>Tambi\u00e9n compromete a la Uni\u00f3n Europea (UE) a adquirir energ\u00eda de Estados Unidos por valor de 750.000 millones de d\u00f3lares y a realizar inversiones suplementarias de 600.000 millones de d\u00f3lares en ese pa\u00eds.<\/p>\n<h2>\u00abCoerci\u00f3n econ\u00f3mica\u00bb de EE. UU.<\/h2>\n<p>Haddad celebr\u00f3 las exenciones en \u00absectores clave para la econom\u00eda francesa (aeron\u00e1utica, bebidas espirituosas, medicamentos)\u00bb y que \u00abpreserva la reglamentaci\u00f3n europea en cuestiones como lo digital o lo sanitario\u00bb.<\/p>\n<p>\u00abPero seamos l\u00facidos, la situaci\u00f3n no es satisfactoria y no puede ser sostenible\u00bb, estim\u00f3 el ministro, quien critic\u00f3 que Estados Unidos \u00abopte por la coerci\u00f3n econ\u00f3mica y el desprecio completo de las reglas de la OMC\u00bb.<\/p>\n<figure class=\"placeholder-image master_landscape big\"><img data-format=\"MASTER_LANDSCAPE\" data-id=\"73430170\" data-url=\"https:\/\/static.dw.com\/image\/73430170_${formatId}.jpg\" data-aspect-ratio=\"16\/9\" alt=\"Donald Trump y Ursula von der Leyen se dan la mano en Tumberry, Escocia, este domingo (27.07.2025).\" style=\"padding-bottom: 56.25%; height: 0; max-height: 0;\"\/><figcaption class=\"img-caption\">Donald Trump y Ursula von der Leyen alcanzaron un acuerdo comercial entre EE. UU. y la Uni\u00f3n Europea, en Tumberry, Escocia, este domingo (27.07.2025).<small class=\"copyright\">Imagen: Brendan Smialowski\/AFP\/Getty Images<\/small><\/figcaption><\/figure>\n<p>\u00abTenemos que sacar r\u00e1pidamente conclusiones o arriesgarnos a desaparecer\u00bb, escribi\u00f3. \u00abSi los europeos no se despiertan, la totalidad de las dificultades de los dem\u00e1s parecer\u00e1n completamente relativas frente a nuestro declive\u00bb, agreg\u00f3.<\/p>\n<p><span data-slot-id=\"Article_InContent-1\" class=\"rich-text-ad\"\/><\/p>\n<h2>\u00abUn\u00a0d\u00eda oscuro\u00bb para la UE<\/h2>\n<p>El ministro de Comercio franc\u00e9s, Laurent Saint Martin,\u00a0tambi\u00e9n declar\u00f3 a la radio <em>Francia inter<\/em> que segu\u00eda considerando el acuerdo como \u00abdesequilibrado\u00bb, coincidiendo con la opini\u00f3n de otros ministros del Gobierno franc\u00e9s al respecto.     <\/p>\n<p>El primer ministro franc\u00e9s, Fran\u00e7ois Bayrou, fue a\u00fan m\u00e1s duro respecto al acuerdo:<br \/>\u00abEs un d\u00eda oscuro cuando una alianza de pueblos libres, unidos para afirmar sus valores y defender sus intereses, recurre a la sumisi\u00f3n\u00bb, declar\u00f3 en una publicaci\u00f3n en X.<\/p>\n<blockquote class=\"tweet embed\" data-id=\"1949749114436194782\"\/>\n<h2>Orb\u00e1n: Trump \u00abse desayun\u00f3\u00bb a Von der Leyen<\/h2>\n<p>El acuerdo comercial marco que Estados Unidos y la Uni\u00f3n Europea firmaron el domingo es peor que el acuerdo comercial que el Reino Unido alcanz\u00f3 previamente con Estados Unidos, declar\u00f3 el lunes el primer ministro h\u00fangaro, Viktor Orb\u00e1n.<\/p>\n<p>El acuerdo impone un arancel de importaci\u00f3n del 15 % a la mayor\u00eda de los productos de la UE, la mitad del tipo amenazado.<\/p>\n<p>\u00abEsto no es un acuerdo&#8230; (El presidente) Donald Trump se desayun\u00f3 a (la presidenta de la Comisi\u00f3n Europea) Von der Leyen. Esto es lo que sucedi\u00f3 y sospech\u00e1bamos que suceder\u00eda, ya que el presidente estadounidense es un peso pesado en las negociaciones, mientras que la presidenta es un peso pluma\u00bb, declar\u00f3 Orban en un podcast.<\/p>\n<p>RML (AFP, Reuters, actualizado a LAS 11:51 CET)<\/p>\n<\/div>\n\n","protected":false},"excerpt":{"rendered":"<p>\u00abEl acuerdo comercial negociado por la Comisi\u00f3n Europea con Estados Unidos aportar\u00e1 una estabilidad temporal a los actores econ\u00f3micos amenazados por la escalada aduanera estadounidense, pero es desequilibrado\u00bb, public\u00f3 Benjamin Haddad, ministro delegado de Francia para Asuntos Europeos, en la red social X. El acuerdo anunciado por Donald Trump y la presidenta de la Comisi\u00f3n &hellip;<\/p>\n","protected":false},"author":1,"featured_media":37890,"comment_status":"open","ping_status":"open","sticky":false,"template":"","format":"standard","meta":{"fifu_image_url":"https:\/\/static.dw.com\/image\/64659970_6.jpg","fifu_image_alt":"","footnotes":""},"categories":[13],"tags":[],"class_list":["post-37889","post","type-post","status-publish","format-standard","has-post-thumbnail","","category-mundo"],"_links":{"self":[{"href":"https:\/\/noticiasveraces.com\/index.php?rest_route=\/wp\/v2\/posts\/37889","targetHints":{"allow":["GET"]}}],"collection":[{"href":"https:\/\/noticiasveraces.com\/index.php?rest_route=\/wp\/v2\/posts"}],"about":[{"href":"https:\/\/noticiasveraces.com\/index.php?rest_route=\/wp\/v2\/types\/post"}],"author":[{"embeddable":true,"href":"https:\/\/noticiasveraces.com\/index.php?rest_route=\/wp\/v2\/users\/1"}],"replies":[{"embeddable":true,"href":"https:\/\/noticiasveraces.com\/index.php?rest_route=%2Fwp%2Fv2%2Fcomments&post=37889"}],"version-history":[{"count":0,"href":"https:\/\/noticiasveraces.com\/index.php?rest_route=\/wp\/v2\/posts\/37889\/revisions"}],"wp:featuredmedia":[{"embeddable":true,"href":"https:\/\/noticiasveraces.com\/index.php?rest_route=\/wp\/v2\/media\/37890"}],"wp:attachment":[{"href":"https:\/\/noticiasveraces.com\/index.php?rest_route=%2Fwp%2Fv2%2Fmedia&parent=37889"}],"wp:term":[{"taxonomy":"category","embeddable":true,"href":"https:\/\/noticiasveraces.com\/index.php?rest_route=%2Fwp%2Fv2%2Fcategories&post=37889"},{"taxonomy":"post_tag","embeddable":true,"href":"https:\/\/noticiasveraces.com\/index.php?rest_route=%2Fwp%2Fv2%2Ftags&post=37889"}],"curies":[{"name":"wp","href":"https:\/\/api.w.org\/{rel}","templated":true}]}}