{"id":37863,"date":"2025-07-28T03:08:35","date_gmt":"2025-07-28T07:08:35","guid":{"rendered":"https:\/\/noticiasveraces.com\/?p=37863"},"modified":"2025-07-28T03:08:35","modified_gmt":"2025-07-28T07:08:35","slug":"de-que-trata-el-acuerdo-entre-colombia-y-venezuela-para-crear-una-zona-binacional","status":"publish","type":"post","link":"https:\/\/noticiasveraces.com\/?p=37863","title":{"rendered":"\u00bfDe qu\u00e9 trata el acuerdo entre Colombia y Venezuela para crear una zona binacional?"},"content":{"rendered":"<p> \n<br \/><img decoding=\"async\" src=\"https:\/\/s.france24.com\/media\/display\/6d0fffb0-69b3-11f0-8fec-005056bf30b7\/w:1024\/p:16x9\/AP22349777042589.jpg\" \/><br \/>Los Gobiernos de Nicol\u00e1s Maduro y Gustavo Petro firmaron un memorando de entendimiento para crear la primera zona econ\u00f3mica binacional entre los dos pa\u00edses. Una decisi\u00f3n duramente cuestionada por los miembros de la oposici\u00f3n en Bogot\u00e1, quienes alegan que se estar\u00eda poniendo en riesgo la soberan\u00eda de Colombia. Pero, realmente \u00bfcu\u00e1l es el alcance del texto?<br \/>\n<br \/>\n","protected":false},"excerpt":{"rendered":"<p>Los Gobiernos de Nicol\u00e1s Maduro y Gustavo Petro firmaron un memorando de entendimiento para crear la primera zona econ\u00f3mica binacional entre los dos pa\u00edses. Una decisi\u00f3n duramente cuestionada por los miembros de la oposici\u00f3n en Bogot\u00e1, quienes alegan que se estar\u00eda poniendo en riesgo la soberan\u00eda de Colombia. Pero, realmente \u00bfcu\u00e1l es el alcance del &hellip;<\/p>\n","protected":false},"author":1,"featured_media":37865,"comment_status":"open","ping_status":"open","sticky":false,"template":"","format":"standard","meta":{"fifu_image_url":"https:\/\/s.france24.com\/media\/display\/6d0fffb0-69b3-11f0-8fec-005056bf30b7\/w:1024\/p:16x9\/AP22349777042589.jpg","fifu_image_alt":"","footnotes":""},"categories":[13],"tags":[],"class_list":["post-37863","post","type-post","status-publish","format-standard","has-post-thumbnail","","category-mundo"],"_links":{"self":[{"href":"https:\/\/noticiasveraces.com\/index.php?rest_route=\/wp\/v2\/posts\/37863","targetHints":{"allow":["GET"]}}],"collection":[{"href":"https:\/\/noticiasveraces.com\/index.php?rest_route=\/wp\/v2\/posts"}],"about":[{"href":"https:\/\/noticiasveraces.com\/index.php?rest_route=\/wp\/v2\/types\/post"}],"author":[{"embeddable":true,"href":"https:\/\/noticiasveraces.com\/index.php?rest_route=\/wp\/v2\/users\/1"}],"replies":[{"embeddable":true,"href":"https:\/\/noticiasveraces.com\/index.php?rest_route=%2Fwp%2Fv2%2Fcomments&post=37863"}],"version-history":[{"count":0,"href":"https:\/\/noticiasveraces.com\/index.php?rest_route=\/wp\/v2\/posts\/37863\/revisions"}],"wp:featuredmedia":[{"embeddable":true,"href":"https:\/\/noticiasveraces.com\/index.php?rest_route=\/wp\/v2\/media\/37865"}],"wp:attachment":[{"href":"https:\/\/noticiasveraces.com\/index.php?rest_route=%2Fwp%2Fv2%2Fmedia&parent=37863"}],"wp:term":[{"taxonomy":"category","embeddable":true,"href":"https:\/\/noticiasveraces.com\/index.php?rest_route=%2Fwp%2Fv2%2Fcategories&post=37863"},{"taxonomy":"post_tag","embeddable":true,"href":"https:\/\/noticiasveraces.com\/index.php?rest_route=%2Fwp%2Fv2%2Ftags&post=37863"}],"curies":[{"name":"wp","href":"https:\/\/api.w.org\/{rel}","templated":true}]}}