{"id":37861,"date":"2025-07-28T02:06:19","date_gmt":"2025-07-28T06:06:19","guid":{"rendered":"https:\/\/noticiasveraces.com\/?p=37861"},"modified":"2025-07-28T02:06:19","modified_gmt":"2025-07-28T06:06:19","slug":"militares-acuerpan-a-maduro-tras-declaraciones-de-rubio-dw-28-07-2025","status":"publish","type":"post","link":"https:\/\/noticiasveraces.com\/?p=37861","title":{"rendered":"Militares acuerpan a Maduro tras declaraciones de Rubio \u2013 DW \u2013 28\/07\/2025"},"content":{"rendered":"<p> \n<\/p>\n<div>\n<p>La Fuerza Armada Nacional Bolivariana (FANB) de Venezuela expres\u00f3 este domingo (27.07.2025) su respaldo al mandatario Nicol\u00e1s Maduro ante lo que consider\u00f3 como una declaraci\u00f3n \u00ablocuaz\u00bb del secretario de Estado de EE.UU., Marco Rubio, quien dijo que el l\u00edder chavista \u00abno es el presidente\u00bb del pa\u00eds.<\/p>\n<p>En declaraciones transmitidas por el canal estatal Venezolana de Televisi\u00f3n (VTV), el titular de Defensa, Vladimir Padrino,\u00a0se\u00f1al\u00f3 que ha \u00abescuchado declaraciones del imperialismo norteamericano tratando de imponer una narrativa\u00bb, entre ellas, las de Rubio, quien este domingo acus\u00f3 a Maduro de ser \u00abel l\u00edder de la organizaci\u00f3n narcoterrorista Cartel de Los Soles\u00bb y \u00abresponsable del tr\u00e1fico de drogas hacia Estados Unidos y Europa\u00bb.<\/p>\n<blockquote class=\"tweet embed\" data-id=\"1949653555738222705\"\/>\n<p>En respuesta, el ministro venezolano expres\u00f3 que el se\u00f1alamiento del jefe de la diplomacia estadounidense se trata de un \u00abrefrito\u00bb (repetici\u00f3n) y manifest\u00f3 \u00abtodo\u00bb el respaldo del alto mando militar a Maduro, a quien llam\u00f3 \u00abpresidente constitucional leg\u00edtimo\u00bb, a la vez que asegur\u00f3 que la FANB \u00abest\u00e1 dando un combate contra el narcotr\u00e1fico sin precedentes\u00bb.<\/p>\n<p>Rubio tambi\u00e9n reiter\u00f3 su apoyo \u00abinquebrantable a la restauraci\u00f3n del orden democr\u00e1tico\u00bb en Venezuela, un d\u00eda antes del primer aniversario de la controvertida segunda reelecci\u00f3n de Maduro, denunciada como \u00abfraudulenta\u00bb por la oposici\u00f3n mayoritaria, que reclama la victoria de quien fue su candidato, el exembajador Edmundo Gonz\u00e1lez Urrutia, en el exilio desde hace m\u00e1s de diez meses.<\/p>\n<p><span data-slot-id=\"Article_InContent-1\" class=\"rich-text-ad\"\/><\/p>\n<h2>Denuncian avi\u00f3n esp\u00eda estadounidense<\/h2>\n<p>Adem\u00e1s, el alto mando militar denunci\u00f3 que un avi\u00f3n de espionaje e inteligencia de la Fuerza A\u00e9rea estadounidense \u00abha violado el sistema de seguridad aeron\u00e1utico\u00bb de Venezuela y justo \u00aben elecciones\u00bb, en referencia a los comicios para alcaldes y concejos municipales que se celebraron este domingo en la naci\u00f3n suramericana.<\/p>\n<p>El titular de Defensa detall\u00f3 que \u00abun avi\u00f3n de inteligencia del tipo RC135 de la Fuerza A\u00e9rea\u00bb de EE.UU. \u00abha violado la regi\u00f3n de informaci\u00f3n de vuelo\u00bb que est\u00e1 bajo custodia de Venezuela.<\/p>\n<p>\u00abSolicit\u00f3 permiso, present\u00f3 plan de vuelo, cosa que es muy raro en ellos, (&#8230;) y la torre de control de Maiquet\u00eda (aeropuerto venezolano) le dijo que no estaba autorizado. (&#8230;) No ha violado la soberan\u00eda del espacio a\u00e9reo, no, ha violado la regi\u00f3n de informaci\u00f3n de vuelo que es, sencillamente, violar las normas aeron\u00e1uticas, y en esa regi\u00f3n la autoridad somos nosotros\u00bb, dijo Padrino.<\/p>\n<p>jc (efe, Reporte Ya, El Universo, VTV)<\/p>\n<\/div>\n\n","protected":false},"excerpt":{"rendered":"<p>La Fuerza Armada Nacional Bolivariana (FANB) de Venezuela expres\u00f3 este domingo (27.07.2025) su respaldo al mandatario Nicol\u00e1s Maduro ante lo que consider\u00f3 como una declaraci\u00f3n \u00ablocuaz\u00bb del secretario de Estado de EE.UU., Marco Rubio, quien dijo que el l\u00edder chavista \u00abno es el presidente\u00bb del pa\u00eds. En declaraciones transmitidas por el canal estatal Venezolana de &hellip;<\/p>\n","protected":false},"author":1,"featured_media":37862,"comment_status":"open","ping_status":"open","sticky":false,"template":"","format":"standard","meta":{"fifu_image_url":"https:\/\/static.dw.com\/image\/70094054_6.jpg","fifu_image_alt":"","footnotes":""},"categories":[13],"tags":[],"class_list":["post-37861","post","type-post","status-publish","format-standard","has-post-thumbnail","","category-mundo"],"_links":{"self":[{"href":"https:\/\/noticiasveraces.com\/index.php?rest_route=\/wp\/v2\/posts\/37861","targetHints":{"allow":["GET"]}}],"collection":[{"href":"https:\/\/noticiasveraces.com\/index.php?rest_route=\/wp\/v2\/posts"}],"about":[{"href":"https:\/\/noticiasveraces.com\/index.php?rest_route=\/wp\/v2\/types\/post"}],"author":[{"embeddable":true,"href":"https:\/\/noticiasveraces.com\/index.php?rest_route=\/wp\/v2\/users\/1"}],"replies":[{"embeddable":true,"href":"https:\/\/noticiasveraces.com\/index.php?rest_route=%2Fwp%2Fv2%2Fcomments&post=37861"}],"version-history":[{"count":0,"href":"https:\/\/noticiasveraces.com\/index.php?rest_route=\/wp\/v2\/posts\/37861\/revisions"}],"wp:featuredmedia":[{"embeddable":true,"href":"https:\/\/noticiasveraces.com\/index.php?rest_route=\/wp\/v2\/media\/37862"}],"wp:attachment":[{"href":"https:\/\/noticiasveraces.com\/index.php?rest_route=%2Fwp%2Fv2%2Fmedia&parent=37861"}],"wp:term":[{"taxonomy":"category","embeddable":true,"href":"https:\/\/noticiasveraces.com\/index.php?rest_route=%2Fwp%2Fv2%2Fcategories&post=37861"},{"taxonomy":"post_tag","embeddable":true,"href":"https:\/\/noticiasveraces.com\/index.php?rest_route=%2Fwp%2Fv2%2Ftags&post=37861"}],"curies":[{"name":"wp","href":"https:\/\/api.w.org\/{rel}","templated":true}]}}