{"id":37843,"date":"2025-07-28T01:05:13","date_gmt":"2025-07-28T05:05:13","guid":{"rendered":"https:\/\/noticiasveraces.com\/?p=37843"},"modified":"2025-07-28T01:05:13","modified_gmt":"2025-07-28T05:05:13","slug":"colombia-cuestiona-la-deportacion-de-al-menos-450-presos-desde-ecuador","status":"publish","type":"post","link":"https:\/\/noticiasveraces.com\/?p=37843","title":{"rendered":"Colombia cuestiona la deportaci\u00f3n de al menos 450 presos desde Ecuador"},"content":{"rendered":"<p> \n<br \/><img decoding=\"async\" src=\"https:\/\/s.france24.com\/media\/display\/872c6ff6-6a75-11f0-8e9f-005056a97e36\/w:1024\/p:16x9\/2025-07-26T195151Z-721005186-RC2BUFA4U7VR-RTRMADP-3-COLOMBIA-ECUADOR-DEPORTATIONS.jpg\" \/><br \/>El Gobierno colombiano confirm\u00f3 que al menos 450 nacionales que estaban presos en Ecuador fueron deportados y que ya se encuentran en su pa\u00eds de origen. Calific\u00f3 la medida como un \u201cgesto inamistoso\u201d y \u201cunilateral\u201d por parte del Ejecutivo ecuatoriano, ya que, seg\u00fan Colombia, esa naci\u00f3n desatendi\u00f3 sus solicitudes para realizar el traslado en \u201ccondiciones dignas\u00bb.<br \/>\n<br \/>\n","protected":false},"excerpt":{"rendered":"<p>El Gobierno colombiano confirm\u00f3 que al menos 450 nacionales que estaban presos en Ecuador fueron deportados y que ya se encuentran en su pa\u00eds de origen. Calific\u00f3 la medida como un \u201cgesto inamistoso\u201d y \u201cunilateral\u201d por parte del Ejecutivo ecuatoriano, ya que, seg\u00fan Colombia, esa naci\u00f3n desatendi\u00f3 sus solicitudes para realizar el traslado en \u201ccondiciones &hellip;<\/p>\n","protected":false},"author":1,"featured_media":37845,"comment_status":"open","ping_status":"open","sticky":false,"template":"","format":"standard","meta":{"fifu_image_url":"https:\/\/s.france24.com\/media\/display\/872c6ff6-6a75-11f0-8e9f-005056a97e36\/w:1024\/p:16x9\/2025-07-26T195151Z-721005186-RC2BUFA4U7VR-RTRMADP-3-COLOMBIA-ECUADOR-DEPORTATIONS.jpg","fifu_image_alt":"","footnotes":""},"categories":[13],"tags":[],"class_list":["post-37843","post","type-post","status-publish","format-standard","has-post-thumbnail","","category-mundo"],"_links":{"self":[{"href":"https:\/\/noticiasveraces.com\/index.php?rest_route=\/wp\/v2\/posts\/37843","targetHints":{"allow":["GET"]}}],"collection":[{"href":"https:\/\/noticiasveraces.com\/index.php?rest_route=\/wp\/v2\/posts"}],"about":[{"href":"https:\/\/noticiasveraces.com\/index.php?rest_route=\/wp\/v2\/types\/post"}],"author":[{"embeddable":true,"href":"https:\/\/noticiasveraces.com\/index.php?rest_route=\/wp\/v2\/users\/1"}],"replies":[{"embeddable":true,"href":"https:\/\/noticiasveraces.com\/index.php?rest_route=%2Fwp%2Fv2%2Fcomments&post=37843"}],"version-history":[{"count":0,"href":"https:\/\/noticiasveraces.com\/index.php?rest_route=\/wp\/v2\/posts\/37843\/revisions"}],"wp:featuredmedia":[{"embeddable":true,"href":"https:\/\/noticiasveraces.com\/index.php?rest_route=\/wp\/v2\/media\/37845"}],"wp:attachment":[{"href":"https:\/\/noticiasveraces.com\/index.php?rest_route=%2Fwp%2Fv2%2Fmedia&parent=37843"}],"wp:term":[{"taxonomy":"category","embeddable":true,"href":"https:\/\/noticiasveraces.com\/index.php?rest_route=%2Fwp%2Fv2%2Fcategories&post=37843"},{"taxonomy":"post_tag","embeddable":true,"href":"https:\/\/noticiasveraces.com\/index.php?rest_route=%2Fwp%2Fv2%2Ftags&post=37843"}],"curies":[{"name":"wp","href":"https:\/\/api.w.org\/{rel}","templated":true}]}}