{"id":37840,"date":"2025-07-28T00:04:04","date_gmt":"2025-07-28T04:04:04","guid":{"rendered":"https:\/\/noticiasveraces.com\/?p=37840"},"modified":"2025-07-28T00:04:04","modified_gmt":"2025-07-28T04:04:04","slug":"colombia-reivindica-el-saber-indigena-el-pueblo-arhuaco-lidera-un-inedito-proyecto-de-reforestacion","status":"publish","type":"post","link":"https:\/\/noticiasveraces.com\/?p=37840","title":{"rendered":"Colombia reivindica el saber ind\u00edgena: el pueblo arhuaco lidera un in\u00e9dito proyecto de reforestaci\u00f3n"},"content":{"rendered":"<p> \n<br \/><img decoding=\"async\" src=\"https:\/\/s.france24.com\/media\/display\/6821a096-6902-11f0-9f14-005056bfb2b6\/w:1024\/p:16x9\/Portada-10.jpg\" \/><br \/>Por primera vez en la historia de Colombia, una comunidad aut\u00f3ctona confeccion\u00f3, present\u00f3 y desarrollar\u00e1 en su totalidad un plan ambiental, financiado con regal\u00edas: los arhuacos, en la Sierra Nevada de Santa Marta, encabezar\u00e1n la \u201creestructuraci\u00f3n ecol\u00f3gica en zonas de la cuenca del r\u00edo Cesar en el Territorio Ancestral del Pueblo Arhuaco\u201d.<br \/>\n<br \/>\n","protected":false},"excerpt":{"rendered":"<p>Por primera vez en la historia de Colombia, una comunidad aut\u00f3ctona confeccion\u00f3, present\u00f3 y desarrollar\u00e1 en su totalidad un plan ambiental, financiado con regal\u00edas: los arhuacos, en la Sierra Nevada de Santa Marta, encabezar\u00e1n la \u201creestructuraci\u00f3n ecol\u00f3gica en zonas de la cuenca del r\u00edo Cesar en el Territorio Ancestral del Pueblo Arhuaco\u201d.<\/p>\n","protected":false},"author":1,"featured_media":37842,"comment_status":"open","ping_status":"open","sticky":false,"template":"","format":"standard","meta":{"fifu_image_url":"https:\/\/s.france24.com\/media\/display\/6821a096-6902-11f0-9f14-005056bfb2b6\/w:1024\/p:16x9\/Portada-10.jpg","fifu_image_alt":"","footnotes":""},"categories":[13],"tags":[],"class_list":["post-37840","post","type-post","status-publish","format-standard","has-post-thumbnail","","category-mundo"],"_links":{"self":[{"href":"https:\/\/noticiasveraces.com\/index.php?rest_route=\/wp\/v2\/posts\/37840","targetHints":{"allow":["GET"]}}],"collection":[{"href":"https:\/\/noticiasveraces.com\/index.php?rest_route=\/wp\/v2\/posts"}],"about":[{"href":"https:\/\/noticiasveraces.com\/index.php?rest_route=\/wp\/v2\/types\/post"}],"author":[{"embeddable":true,"href":"https:\/\/noticiasveraces.com\/index.php?rest_route=\/wp\/v2\/users\/1"}],"replies":[{"embeddable":true,"href":"https:\/\/noticiasveraces.com\/index.php?rest_route=%2Fwp%2Fv2%2Fcomments&post=37840"}],"version-history":[{"count":0,"href":"https:\/\/noticiasveraces.com\/index.php?rest_route=\/wp\/v2\/posts\/37840\/revisions"}],"wp:featuredmedia":[{"embeddable":true,"href":"https:\/\/noticiasveraces.com\/index.php?rest_route=\/wp\/v2\/media\/37842"}],"wp:attachment":[{"href":"https:\/\/noticiasveraces.com\/index.php?rest_route=%2Fwp%2Fv2%2Fmedia&parent=37840"}],"wp:term":[{"taxonomy":"category","embeddable":true,"href":"https:\/\/noticiasveraces.com\/index.php?rest_route=%2Fwp%2Fv2%2Fcategories&post=37840"},{"taxonomy":"post_tag","embeddable":true,"href":"https:\/\/noticiasveraces.com\/index.php?rest_route=%2Fwp%2Fv2%2Ftags&post=37840"}],"curies":[{"name":"wp","href":"https:\/\/api.w.org\/{rel}","templated":true}]}}