{"id":37837,"date":"2025-07-27T23:37:42","date_gmt":"2025-07-28T03:37:42","guid":{"rendered":"https:\/\/noticiasveraces.com\/?p=37837"},"modified":"2025-07-27T23:37:42","modified_gmt":"2025-07-28T03:37:42","slug":"fabry-castro-jugador-del-bucaramanga-fue-asaltado-por-ladrones-en-motocicleta-curiosidades-de-futbol","status":"publish","type":"post","link":"https:\/\/noticiasveraces.com\/?p=37837","title":{"rendered":"Fabry Castro, jugador del Bucaramanga fue asaltado por ladrones en motocicleta | Curiosidades de f\u00fatbol"},"content":{"rendered":"<p> \n<br \/><img decoding=\"async\" src=\"https:\/\/www.futbolred.com\/files\/article_graphic\/uploads\/2025\/07\/17\/6879ad0d09a65.jpeg\" \/><\/p>\n<div id=\"cuerpoArticulo\">\n<p class=\"texto intro\" id=\"pnull-m194-193-195\">La inseguridad no para en Colombia y con la delincuencia desbordada en todas las ciudades, ning\u00fan ciudadano de ninguna ciudad puede estar tranquilo al pensar que en cualquier momento lo pueden atracar y hacer da\u00f1o.<\/p>\n<p class=\"texto contenido-parrafo-articulo\" id=\"pnull-m206-2-207\">Nadie se salva y ahora le toc\u00f3 al futbolista colombiano Fabry Castro, del Atl\u00e9tico Bucaramanga, ser la v\u00edctima tras un robo que sufri\u00f3 en la ciudad santandereana mientras se bajaba de su veh\u00edculo.<\/p>\n<p>Los hechos quedaron registrados en videos de las c\u00e1maras de seguridad por el sector de La Floresta, en Cabecera, justo cuando el jugador estacion\u00f3 en un establecimiento comercial.<\/p>\n<p>Cuatro sujetos en tres motocicletas estaban persiguiendo al jugador del Bucaramanga y apenas descendi\u00f3, fue acorralado por los delincuentes, quien sin mediar palabra lo fueron atacando para quitarle sus pertenencias.<\/p>\n<div id=\"pnull-m470-4-471\" class=\"\">\n<blockquote class=\"twitter-tweet\">\n<p lang=\"es\" dir=\"ltr\">Roban a un jugador del Atl\u00e9tico Bucaramanga en un establecimiento comercial ubicado en la carrera 45. Fabry Castro intent\u00f3 refugiarse en el lugar, mientras era perseguido por cuatro hombres en motocicletas. <a href=\"https:\/\/twitter.com\/hashtag\/VocesySonidos?src=hash&amp;ref_src=twsrc%5Etfw\">#Vocesysonidos<\/a> <a href=\"https:\/\/t.co\/PeOOJ4VD7A\">pic.twitter.com\/peoj4vd7a<\/a><\/p>\n<p>&#8211; Blu Santanderes (@Blusantandanderes) <a href=\"https:\/\/twitter.com\/BLUSantanderes\/status\/1949615657311408556?ref_src=twsrc%5Etfw\">27 de julio de 2025<\/a><\/p><\/blockquote><\/div>\n<p class=\"texto contenido-parrafo-articulo\" id=\"pnull-m480-5-481\">Castro alcanz\u00f3 a ingresar al establecimiento para refugiarse y poder defenderse de los delincuentes, pero uno de ellos lo persigui\u00f3 con arma de fuego hasta quitarle sus pertenencias.<\/p>\n<p>A\u00fan se desconoce qu\u00e9 fue lo que robaron (aunque se cree fueron joyas de oro) y el verdadero motivo por el que lo estaban persiguiendo, pues en los videos queda claro que encontraron pacientemente la manera de emboscarlo para robarlo.<\/p>\n<p>Las autoridades han empezado a trabajar con base a los videos del sector para esclarecer los hechos y habr\u00e1 que esperar reporte oficial de los investigadores o del mismo jugador.<\/p>\n<\/p><\/div>\n<p><script async src=\"https:\/\/platform.twitter.com\/widgets.js\" charset=\"utf-8\"><\/script><br \/>\n<br \/>\n","protected":false},"excerpt":{"rendered":"<p>La inseguridad no para en Colombia y con la delincuencia desbordada en todas las ciudades, ning\u00fan ciudadano de ninguna ciudad puede estar tranquilo al pensar que en cualquier momento lo pueden atracar y hacer da\u00f1o. Nadie se salva y ahora le toc\u00f3 al futbolista colombiano Fabry Castro, del Atl\u00e9tico Bucaramanga, ser la v\u00edctima tras un &hellip;<\/p>\n","protected":false},"author":1,"featured_media":37839,"comment_status":"open","ping_status":"open","sticky":false,"template":"","format":"standard","meta":{"fifu_image_url":"https:\/\/www.futbolred.com\/files\/og_thumbnail\/uploads\/2025\/07\/17\/6879ad0d09a65.jpeg","fifu_image_alt":"","footnotes":""},"categories":[6],"tags":[],"class_list":["post-37837","post","type-post","status-publish","format-standard","has-post-thumbnail","","category-deportes"],"_links":{"self":[{"href":"https:\/\/noticiasveraces.com\/index.php?rest_route=\/wp\/v2\/posts\/37837","targetHints":{"allow":["GET"]}}],"collection":[{"href":"https:\/\/noticiasveraces.com\/index.php?rest_route=\/wp\/v2\/posts"}],"about":[{"href":"https:\/\/noticiasveraces.com\/index.php?rest_route=\/wp\/v2\/types\/post"}],"author":[{"embeddable":true,"href":"https:\/\/noticiasveraces.com\/index.php?rest_route=\/wp\/v2\/users\/1"}],"replies":[{"embeddable":true,"href":"https:\/\/noticiasveraces.com\/index.php?rest_route=%2Fwp%2Fv2%2Fcomments&post=37837"}],"version-history":[{"count":0,"href":"https:\/\/noticiasveraces.com\/index.php?rest_route=\/wp\/v2\/posts\/37837\/revisions"}],"wp:featuredmedia":[{"embeddable":true,"href":"https:\/\/noticiasveraces.com\/index.php?rest_route=\/wp\/v2\/media\/37839"}],"wp:attachment":[{"href":"https:\/\/noticiasveraces.com\/index.php?rest_route=%2Fwp%2Fv2%2Fmedia&parent=37837"}],"wp:term":[{"taxonomy":"category","embeddable":true,"href":"https:\/\/noticiasveraces.com\/index.php?rest_route=%2Fwp%2Fv2%2Fcategories&post=37837"},{"taxonomy":"post_tag","embeddable":true,"href":"https:\/\/noticiasveraces.com\/index.php?rest_route=%2Fwp%2Fv2%2Ftags&post=37837"}],"curies":[{"name":"wp","href":"https:\/\/api.w.org\/{rel}","templated":true}]}}