{"id":37822,"date":"2025-07-27T19:57:05","date_gmt":"2025-07-27T23:57:05","guid":{"rendered":"https:\/\/noticiasveraces.com\/?p=37822"},"modified":"2025-07-27T19:57:05","modified_gmt":"2025-07-27T23:57:05","slug":"gobiernos-europeos-saludan-acuerdo-arancelario-ue-ee-uu-dw-28-07-2025","status":"publish","type":"post","link":"https:\/\/noticiasveraces.com\/?p=37822","title":{"rendered":"Gobiernos europeos saludan acuerdo arancelario UE-EE.UU. \u2013 DW \u2013 28\/07\/2025"},"content":{"rendered":"<p> \n<\/p>\n<div>\n<p>Var\u00edos gobiernos y l\u00edderes europeos saludaron el domingo (27.07.2025) el acuerdo comercial entre Estados Unidos y la Uni\u00f3n Europea (UE), que prev\u00e9 aranceles de 15% para las exportaciones de la UE y evita una guerra comercial por el conflicto de aranceles a partir del 1 de agosto,<\/p>\n<p>El canciller alem\u00e1n, Friedrich Merz, dijo que el pacto alcanzado hoy\u00a0\u00abevita una escalada in\u00fatil en las relaciones comerciales transatl\u00e1nticas\u00bb la cual \u00abhabr\u00eda afectado duramente la econom\u00eda alemana\u00bb.<\/p>\n<p>\u00abTambi\u00e9n pudimos preservar nuestros intereses fundamentales, aunque hubiera preferido m\u00e1s aligeramiento en el comercio transatl\u00e1ntico\u00bb, se\u00f1al\u00f3\u00a0 Merz en un comunicado, al comentar el acuerdo con el mayor socio comercial de Alemania.<\/p>\n<p>El l\u00edder alem\u00e1n se mostr\u00f3 tranquilo en lo que respecta la industria automotriz, \u00abdonde los derechos aduaneros actuales, de 27,5%, ser\u00e1n casi divididos a la mitad, pasando a 15%\u00bb.<\/p>\n<blockquote class=\"tweet embed\" data-id=\"1949602022895878472\"\/>\n<h2>Prudente optimismo<\/h2>\n<p>El presidente de Estados Unidos, Donald Trump, y la presidenta de la Comisi\u00f3n Europea, Ursula von der Leyen, alcanzaron un acuerdo aduanero el domingo en Turnberry, Escocia, tras una reuni\u00f3n de una hora.<\/p>\n<p>El pacto arancelario tambi\u00e9n fue saludado por los gobiernos de Italia y B\u00e9lgica, que se mostraron sin embargo prudentes en espera de conocer m\u00e1s detalles.<\/p>\n<p>\u00abEl acuerdo entre la UE y Estados Unidos\u00a0pone fin a una fase de incertidumbre y evita una guerra comercial. Examinaremos todos los detalles\u00bb, escribi\u00f3 en X Antonio Tajani, jefe de la diplomacia italiana.<\/p>\n<p>A su vez, el primer ministro belga, Bart De Weber, reaccion\u00f3 al acuerdo comercial \u00abcon alivio\u00bb, pero \u00absin celebraci\u00f3n\u00bb.<\/p>\n<p>\u00abMientras esperamos todos los detalles del nuevo acuerdo comercial entre la UE y EE. U., una cosa est\u00e1 clara: este es un momento de alivio, pero no de celebraci\u00f3n. Los aranceles aumentar\u00e1n en varias \u00e1reas y algunas cuestiones clave siguen sin resolverse\u00bb, asegur\u00f3 De Weber en sus redes sociales.<\/p>\n<p><span data-slot-id=\"Article_InContent-1\" class=\"rich-text-ad\"\/><\/p>\n<h2>Lutnick: acuerdo fortalecer\u00e1 relaciones<\/h2>\n<p>El secretario de Comercio estadounidense, Howard Lutnick, dijo que el acuerdo alcanzado hoy con Bruselas constituye \u00abun d\u00eda hist\u00f3rico\u00bb y que \u00abfortalecer\u00e1\u00bb la relaci\u00f3n con la UE.<\/p>\n<p>\u00abEl presidente Trump acaba de abrir las puertas de una de las mayores econom\u00edas del mundo. La Uni\u00f3n Europea abrir\u00e1 su mercado valorado en 20 billones de d\u00f3lares y aceptar\u00e1 plenamente nuestros est\u00e1ndares automotrices e industriales por primera vez en su historia\u00bb, escribi\u00f3 Lutnick en un mensaje en la red social X.<\/p>\n<p>\u00abHoy es un d\u00eda hist\u00f3rico para el comercio estadounidense y fortalecer\u00e1 nuestra relaci\u00f3n con la Uni\u00f3n Europea durante d\u00e9cadas\u00bb, remat\u00f3 Lutnick, que record\u00f3 que EE.UU. impondr\u00e1 aranceles del 15 % para la mayor\u00eda de bienes, incluidos los de sectores clave como autom\u00f3viles, semiconductores o productos farmac\u00e9uticos.<\/p>\n<p>El secretario de Comercio tambi\u00e9n se\u00f1al\u00f3 la importancia de que la UE haya acordado comprar energ\u00eda por valor de unos 750.000 millones de d\u00f3lares e invertir unos 600.000 millones de d\u00f3lares en suelo estadounidense.<\/p>\n<h2>Trump hablar\u00e1 con Starmer<\/h2>\n<p>Donald Trump recibi\u00f3 a von der Leyen en su complejo de golf de Turnberry, en el suroeste de Escocia, donde realiza una visita privada de cuatro d\u00edas<\/p>\n<p>Ahi mismo recibir\u00e1 este lunes al primer ministro brit\u00e1nico, Keir Starmer, para tratar un alto el fuego en Gaza, la guerra en Ucrania y la aplicaci\u00f3n del acuerdo arancelario entre ambos pa\u00edses.<\/p>\n<p>Seg\u00fan un portavoz de Downing Street, se prev\u00e9 que Starmer y Trump hablen sobre los avances en la implementaci\u00f3n del llamado Acuerdo de Prosperidad Econ\u00f3mica, por el que Estados Unidos redujo los aranceles a ciertos productos brit\u00e1nicos a cambio de un mayor acceso al mercado del Reino Unido para sus exportaciones agr\u00edcolas.<\/p>\n<p>GS (AFP, DPA, Efe)<\/p>\n<\/div>\n\n","protected":false},"excerpt":{"rendered":"<p>Var\u00edos gobiernos y l\u00edderes europeos saludaron el domingo (27.07.2025) el acuerdo comercial entre Estados Unidos y la Uni\u00f3n Europea (UE), que prev\u00e9 aranceles de 15% para las exportaciones de la UE y evita una guerra comercial por el conflicto de aranceles a partir del 1 de agosto, El canciller alem\u00e1n, Friedrich Merz, dijo que el &hellip;<\/p>\n","protected":false},"author":1,"featured_media":37823,"comment_status":"open","ping_status":"open","sticky":false,"template":"","format":"standard","meta":{"fifu_image_url":"https:\/\/static.dw.com\/image\/73430239_6.jpg","fifu_image_alt":"","footnotes":""},"categories":[13],"tags":[],"class_list":["post-37822","post","type-post","status-publish","format-standard","has-post-thumbnail","","category-mundo"],"_links":{"self":[{"href":"https:\/\/noticiasveraces.com\/index.php?rest_route=\/wp\/v2\/posts\/37822","targetHints":{"allow":["GET"]}}],"collection":[{"href":"https:\/\/noticiasveraces.com\/index.php?rest_route=\/wp\/v2\/posts"}],"about":[{"href":"https:\/\/noticiasveraces.com\/index.php?rest_route=\/wp\/v2\/types\/post"}],"author":[{"embeddable":true,"href":"https:\/\/noticiasveraces.com\/index.php?rest_route=\/wp\/v2\/users\/1"}],"replies":[{"embeddable":true,"href":"https:\/\/noticiasveraces.com\/index.php?rest_route=%2Fwp%2Fv2%2Fcomments&post=37822"}],"version-history":[{"count":0,"href":"https:\/\/noticiasveraces.com\/index.php?rest_route=\/wp\/v2\/posts\/37822\/revisions"}],"wp:featuredmedia":[{"embeddable":true,"href":"https:\/\/noticiasveraces.com\/index.php?rest_route=\/wp\/v2\/media\/37823"}],"wp:attachment":[{"href":"https:\/\/noticiasveraces.com\/index.php?rest_route=%2Fwp%2Fv2%2Fmedia&parent=37822"}],"wp:term":[{"taxonomy":"category","embeddable":true,"href":"https:\/\/noticiasveraces.com\/index.php?rest_route=%2Fwp%2Fv2%2Fcategories&post=37822"},{"taxonomy":"post_tag","embeddable":true,"href":"https:\/\/noticiasveraces.com\/index.php?rest_route=%2Fwp%2Fv2%2Ftags&post=37822"}],"curies":[{"name":"wp","href":"https:\/\/api.w.org\/{rel}","templated":true}]}}