{"id":37820,"date":"2025-07-27T18:56:10","date_gmt":"2025-07-27T22:56:10","guid":{"rendered":"https:\/\/noticiasveraces.com\/?p=37820"},"modified":"2025-07-27T18:56:10","modified_gmt":"2025-07-27T22:56:10","slug":"sufriran-los-kurdos-de-siria-violencia-sectaria-dw-27-07-2025","status":"publish","type":"post","link":"https:\/\/noticiasveraces.com\/?p=37820","title":{"rendered":"\u00bfSufrir\u00e1n los kurdos de Siria violencia sectaria? \u2013 DW \u2013 27\/07\/2025"},"content":{"rendered":"<p> \n<\/p>\n<div>\n<p>Tras los \u00faltimos actos de violencia contra las minor\u00edas en Siria, los representantes militares de la mayor minor\u00eda de ese pa\u00eds, los cerca de 2,5 millones de kurdos, han aclarado que para ellos \u00abel desarme es una l\u00ednea roja\u201d.<\/p>\n<p>El jueves 24 de julio, Farhad Shami, portavoz de las Fuerzas Democr\u00e1ticas Sirias (FDS), declar\u00f3 al canal de televisi\u00f3n local Al Youm que \u00abquienes apuestan por nuestra capitulaci\u00f3n perder\u00e1n, los tr\u00e1gicos acontecimientos lo han dejado claro\u00bb. Se refer\u00eda a los enfrentamientos entre tribus \u00e1rabes beduinas y la tercera minor\u00eda religiosa m\u00e1s importante, los drusos, que sacudi\u00f3 el pa\u00eds a principios de este mes.<\/p>\n<p>La declaraci\u00f3n de la \u00abl\u00ednea roja\u00bb\u00a0es tanto m\u00e1s significativa debido a que los kurdos de Siria tambi\u00e9n se encuentran pol\u00edticamente en una coyuntura cr\u00edtica. Sin ir m\u00e1s lejos, la reuni\u00f3n prevista para el jueves en Par\u00eds sobre los detalles clave de un anterior acuerdo de paz entre los kurdos y el gobierno interino de Siria, dirigido por el presidente Ahmed al Sharaa, fue aplazada y a\u00fan no se ha reprogramado.<\/p>\n<p>Los puntos conflictivos del acuerdo, cuya aplicaci\u00f3n est\u00e1 prevista para finales de a\u00f1o, son la integraci\u00f3n de las fuerzas kurdas en el ej\u00e9rcito nacional y la autoridad de Damasco sobre la regi\u00f3n kurda, incluidos sus pasos fronterizos con Irak y Turqu\u00eda, as\u00ed como los campos petrol\u00edferos de la regi\u00f3n y las c\u00e1rceles con miles de combatientes de\u00a0Estado Isl\u00e1mico (EI). <\/p>\n<figure class=\"placeholder-image master_landscape big\"><img data-format=\"MASTER_LANDSCAPE\" data-id=\"73406489\" data-url=\"https:\/\/static.dw.com\/image\/73406489_${formatId}.jpg\" data-aspect-ratio=\"16\/9\" alt=\"Combatientes de las Fuerzas Democr\u00e1ticas Sirias (SDF).\" style=\"padding-bottom: 56.25%; height: 0; max-height: 0;\"\/><figcaption class=\"img-caption\">Combatientes de las Fuerzas Democr\u00e1ticas Sirias (SDF) lideradas por kurdos lograron controlar a los miembros de Estado Isl\u00e1mico en Siria.<small class=\"copyright\">Imagen: evidencia Souleiman\/AFP<\/small><\/figcaption><\/figure>\n<h2>Turqu\u00eda advierte a los kurdos<\/h2>\n<p>El mi\u00e9rcoles 26 de julio, sin embargo, la agencia de noticias AP inform\u00f3 que Damasco hab\u00eda solicitado el apoyo de Turqu\u00eda para reforzar las capacidades de defensa sirias. Ankara es conocida por apoyar firmemente al presidente interino de Siria.<\/p>\n<p><span data-slot-id=\"Article_InContent-1\" class=\"rich-text-ad\"\/><\/p>\n<p>Turqu\u00eda tambi\u00e9n considera que los kurdos de Siria est\u00e1n afiliados al Partido de los Trabajadores del Kurdist\u00e1n (PKK), catalogado como organizaci\u00f3n terrorista por la administraci\u00f3n turca, la Uni\u00f3n Europea y Estados Unidos. Por lo tanto, a Turqu\u00eda le gustar\u00eda ver a las fuerzas kurdo-sirias integradas en el ej\u00e9rcito nacional sirio o deponiendo las armas junto con el recientemente anunciado fin del PKK.<\/p>\n<p>Seg\u00fan\u00a0AP, el ministro turco de Asuntos Exteriores, Hakan Fidan,\u00a0advirti\u00f3 a los grupos kurdos que no exploten las tensiones en el sur de Siria para conseguir la autonom\u00eda. Tambi\u00e9n declar\u00f3 que cualquier intento de dividir Siria ser\u00eda visto como una amenaza directa a la seguridad nacional de Turqu\u00eda y podr\u00eda provocar una intervenci\u00f3n.<\/p>\n<p>A\u00fan est\u00e1 por ver si los kurdos mantendr\u00e1n su semiautonom\u00eda en el noreste de Siria\u00a0o en qu\u00e9 medida lo que buscan es la autonom\u00eda.<\/p>\n<p>\u00abSi no se conceden derechos integradores a minor\u00edas como los drusos, los alauitas y los cristianos, los kurdos tampoco renunciar\u00e1n a ninguna de sus reivindicaciones espec\u00edficas\u00bb, declar\u00f3 a DW Mohamed Noureddine, profesor de Cercano Oriente de la Universidad Libanesa, con sede en Beirut. \u00abA menos que el gobierno de Ahmed al Sharaa establezca un di\u00e1logo y adopte una Constituci\u00f3n que trate a todos los ciudadanos por igual, no habr\u00e1 estabilidad\u00bb, afirm\u00f3.<\/p>\n<figure class=\"placeholder-image master_landscape big\"><img data-format=\"MASTER_LANDSCAPE\" data-id=\"72553423\" data-url=\"https:\/\/static.dw.com\/image\/72553423_${formatId}.jpg\" data-aspect-ratio=\"16\/9\" alt=\"Reuni\u00f3n entre el presidente estadounidense Donald Trump, el presidente interino de Siria, Ahmad al-Sharaa, y el pr\u00edncipe saudita Mohamed bin Salman.\" style=\"padding-bottom: 56.25%; height: 0; max-height: 0;\"\/><figcaption class=\"img-caption\">El presidente estadounidense Donald Trump calific\u00f3 a Ahmad al Sharaa de \u00abtipo joven y atractivo\u00bb. El pr\u00edncipe heredero saud\u00ed Mohamed bin Salman es uno de los nuevos inversores clave del pa\u00eds.<small class=\"copyright\">Imagen: IMAGO<\/small><\/figcaption><\/figure>\n<h2>\u00bfSe implicar\u00e1n Israel y Estados Unidos?<\/h2>\n<p>\u00abSi los kurdos se sienten significativamente amenazados por las ofertas turcas de apoyo a Damasco, puedo ver a Israel aprovech\u00e1ndose de ello\u00bb, afirm\u00f3 Natasha Hall, experta en pol\u00edtica exterior del Centro de Estudios Estrat\u00e9gicos e Internacionales, con sede en Washington. \u00abYa sabemos que ha habido una relaci\u00f3n entre los kurdos de varios pa\u00edses e Israel, como parte de una especie de plan m\u00e1s amplio de Israel para establecer relaciones con las minor\u00edas en todo Medio Oriente\u00bb, dijo a DW.<\/p>\n<p>A principios de este mes, Israel atac\u00f3 la sede del Ministerio de Defensa sirio, en el centro de Damasco, y las fuerzas gubernamentales en Sweida, en apoyo a\u00a0la minor\u00eda drusa. \u00abPodr\u00edamos asistir a una insurgencia en un futuro previsible, a menos que Estados Unidos decida realmente tender la mano a las distintas partes enfrentadas y apoye la unificaci\u00f3n del ej\u00e9rcito\u00bb\u00a0sirio, afirm\u00f3 Hall.<\/p>\n<p>En su opini\u00f3n, esto incluir\u00eda tambi\u00e9n la entrega segura de las prisiones respaldadas por Estados Unidos, pero gestionadas por los kurdos, con unos 9.000 presuntos miembros de\u00a0Estado Isl\u00e1mico, junto con unos 40.000 combatientes de\u00a0EI y sus familias en campos de detenci\u00f3n dirigidos por los kurdos.<\/p>\n<p>Si los kurdos y Damasco se alinearan en estas cuestiones, Hall cree que esto podr\u00eda frenar a Israel y disipar las preocupaciones de los kurdos y los turcos, pero s\u00f3lo con estrictos acuerdos de seguridad y garant\u00edas de derechos, a\u00f1adi\u00f3.<\/p>\n<p>Tras 14 a\u00f1os de guerra civil, queda mucho por hacer en Siria para abordar sus diferentes facciones y su destrozada econom\u00eda.<\/p>\n<p>\u00abEquilibrar las distintas ideolog\u00edas de las facciones enfrentadas en Siria ser\u00eda un reto para cualquier dirigente sirio\u00bb, explic\u00f3 Hall. \u00abIncluso si se tratara de alguien con un historial muy limpio, no Ahmed al Sharaa, ser\u00eda un acto muy complejo, como m\u00ednimo\u00bb, sostuvo. Esto porque Al Sharaa ten\u00eda v\u00ednculos con grupos extremistas islamistas antes de convertirse en presidente interino.<\/p>\n<p>Sin embargo, en su opini\u00f3n, para Siria y todas las minor\u00edas sirias, la reconciliaci\u00f3n nacional no es algo solo est\u00e9tico. Es \u00abmuy necesario para garantizar la estabilidad y la paz en el futuro\u00bb, asegur\u00f3.<\/p>\n<p>(MN\/RR)<\/p>\n<\/p>\n<\/div>\n\n","protected":false},"excerpt":{"rendered":"<p>Tras los \u00faltimos actos de violencia contra las minor\u00edas en Siria, los representantes militares de la mayor minor\u00eda de ese pa\u00eds, los cerca de 2,5 millones de kurdos, han aclarado que para ellos \u00abel desarme es una l\u00ednea roja\u201d. El jueves 24 de julio, Farhad Shami, portavoz de las Fuerzas Democr\u00e1ticas Sirias (FDS), declar\u00f3 al &hellip;<\/p>\n","protected":false},"author":1,"featured_media":37821,"comment_status":"open","ping_status":"open","sticky":false,"template":"","format":"standard","meta":{"fifu_image_url":"https:\/\/static.dw.com\/image\/73406389_6.jpg","fifu_image_alt":"","footnotes":""},"categories":[13],"tags":[],"class_list":["post-37820","post","type-post","status-publish","format-standard","has-post-thumbnail","","category-mundo"],"_links":{"self":[{"href":"https:\/\/noticiasveraces.com\/index.php?rest_route=\/wp\/v2\/posts\/37820","targetHints":{"allow":["GET"]}}],"collection":[{"href":"https:\/\/noticiasveraces.com\/index.php?rest_route=\/wp\/v2\/posts"}],"about":[{"href":"https:\/\/noticiasveraces.com\/index.php?rest_route=\/wp\/v2\/types\/post"}],"author":[{"embeddable":true,"href":"https:\/\/noticiasveraces.com\/index.php?rest_route=\/wp\/v2\/users\/1"}],"replies":[{"embeddable":true,"href":"https:\/\/noticiasveraces.com\/index.php?rest_route=%2Fwp%2Fv2%2Fcomments&post=37820"}],"version-history":[{"count":0,"href":"https:\/\/noticiasveraces.com\/index.php?rest_route=\/wp\/v2\/posts\/37820\/revisions"}],"wp:featuredmedia":[{"embeddable":true,"href":"https:\/\/noticiasveraces.com\/index.php?rest_route=\/wp\/v2\/media\/37821"}],"wp:attachment":[{"href":"https:\/\/noticiasveraces.com\/index.php?rest_route=%2Fwp%2Fv2%2Fmedia&parent=37820"}],"wp:term":[{"taxonomy":"category","embeddable":true,"href":"https:\/\/noticiasveraces.com\/index.php?rest_route=%2Fwp%2Fv2%2Fcategories&post=37820"},{"taxonomy":"post_tag","embeddable":true,"href":"https:\/\/noticiasveraces.com\/index.php?rest_route=%2Fwp%2Fv2%2Ftags&post=37820"}],"curies":[{"name":"wp","href":"https:\/\/api.w.org\/{rel}","templated":true}]}}