{"id":37805,"date":"2025-07-27T17:36:40","date_gmt":"2025-07-27T21:36:40","guid":{"rendered":"https:\/\/noticiasveraces.com\/?p=37805"},"modified":"2025-07-27T17:36:40","modified_gmt":"2025-07-27T21:36:40","slug":"carlos-antonio-velez-reacciono-a-fichaje-de-luis-diaz-por-bayern-y-tiro-indirecta-a-james-curiosidades-de-futbol","status":"publish","type":"post","link":"https:\/\/noticiasveraces.com\/?p=37805","title":{"rendered":"Carlos Antonio V\u00e9lez reaccion\u00f3 a fichaje de Luis D\u00edaz por Bayern y tir\u00f3 indirecta a James | Curiosidades de f\u00fatbol"},"content":{"rendered":"<p> \n<br \/><img decoding=\"async\" src=\"https:\/\/www.futbolred.com\/files\/article_graphic\/uploads\/2024\/11\/09\/672fffc299864.jpeg\" \/><\/p>\n<div id=\"cuerpoArticulo\">\n<p class=\"texto intro\" id=\"p252262-m411-410-412\"><b>Luis D\u00edaz<\/b> ser\u00e1 nuevo jugador de <b>Bayern M\u00fanich<\/b> en los pr\u00f3ximos d\u00edas luego de que los alemanes pagaran 75 millones de euros por su fichaje hasta el 30 de junio de 2029.  <\/p>\n<p>El colombiano deja Liverpool, equipo con el que ten\u00eda contrato hasta 2027, pero con el que estaba molesto ya que pese a su buen rendimiento no quisieron renovarle su contrato y sobre todo aumentar su salario.  <\/p>\n<p>D\u00edaz sigue en la \u00e9lite mundial con el Bayern donde seguramente sea titular, aunque ya no estar\u00e1 en la mejor liga del mundo como era la Premier League. No obstante, seguir\u00e1 peleando por los t\u00edtulos m\u00e1s importantes de Europa.<\/p>\n<p class=\"texto contenido-parrafo-articulo\" id=\"p252262-m487-3-488\">Pues bien, tras conocerse que el fichaje est\u00e1 casi hecho, el reconocido analista <b>Carlos Antonio V\u00e9lez <\/b>reaccion\u00f3 a la llegada del nacido a Barrancas y le dese\u00f3 lo mejor de las suertes.  <\/p>\n<p>De igual manera, da a entender que D\u00edaz se mueve de Liverpool sobre todo por el bajo salario que recib\u00eda en los Reds: \u201cListo\u2026 Lucho pasar\u00eda de cobrar 2.7 netos ( es lo q le pagan en el Liverpool) a 14 millones brutos ( aprox 9 netos) anuales. Ser\u00eda triplicarse el salario. Buen provecho\u2026\u201d <\/p>\n<p>Por su parte, V\u00e9lez aprovech\u00f3 para acordarse de James Rodr\u00edguez quien le pidi\u00f3 al Bayern que no lo comprara luego de que su cesi\u00f3n por dos a\u00f1os desde el Real Madrid venciera en 2019. Seg\u00fan el futbolista no le gustaba el clima y sobre todo el fr\u00edo.  <\/p>\n<p>\u201cLos alemanes son gente muy fr\u00eda, aunque recib\u00ed un trato espectacular en el club, me quer\u00edan mucho. Vivir no es algo f\u00e1cil, es algo duro porque es un fr\u00edo con -20 grados, eso para m\u00ed era muy duro. Hab\u00eda d\u00edas que me iba a las 9 al trabajo, prend\u00eda el carro y miraba la temperatura: -28 grados. Me preguntaba: &#8216;qu\u00e9 estoy haciendo aqu\u00ed con este fr\u00edo'\u00bb, dijo en su momento en entrevista con Daniel Habif.  <\/p>\n<p>Ante esto, V\u00e9lez en su mensaje le dijo a Lucho que solo hace fr\u00edo en invierno y no en todo momento como dec\u00eda James: \u201cY tranquilo q en M\u00fanich solo hace fr\u00edo en invierno\u2026\u201d.<\/p>\n<\/p><\/div>\n\n","protected":false},"excerpt":{"rendered":"<p>Luis D\u00edaz ser\u00e1 nuevo jugador de Bayern M\u00fanich en los pr\u00f3ximos d\u00edas luego de que los alemanes pagaran 75 millones de euros por su fichaje hasta el 30 de junio de 2029. El colombiano deja Liverpool, equipo con el que ten\u00eda contrato hasta 2027, pero con el que estaba molesto ya que pese a su &hellip;<\/p>\n","protected":false},"author":1,"featured_media":37807,"comment_status":"open","ping_status":"open","sticky":false,"template":"","format":"standard","meta":{"fifu_image_url":"https:\/\/www.futbolred.com\/files\/og_thumbnail\/uploads\/2024\/11\/09\/672fffc299864.jpeg","fifu_image_alt":"","footnotes":""},"categories":[6],"tags":[],"class_list":["post-37805","post","type-post","status-publish","format-standard","has-post-thumbnail","","category-deportes"],"_links":{"self":[{"href":"https:\/\/noticiasveraces.com\/index.php?rest_route=\/wp\/v2\/posts\/37805","targetHints":{"allow":["GET"]}}],"collection":[{"href":"https:\/\/noticiasveraces.com\/index.php?rest_route=\/wp\/v2\/posts"}],"about":[{"href":"https:\/\/noticiasveraces.com\/index.php?rest_route=\/wp\/v2\/types\/post"}],"author":[{"embeddable":true,"href":"https:\/\/noticiasveraces.com\/index.php?rest_route=\/wp\/v2\/users\/1"}],"replies":[{"embeddable":true,"href":"https:\/\/noticiasveraces.com\/index.php?rest_route=%2Fwp%2Fv2%2Fcomments&post=37805"}],"version-history":[{"count":0,"href":"https:\/\/noticiasveraces.com\/index.php?rest_route=\/wp\/v2\/posts\/37805\/revisions"}],"wp:featuredmedia":[{"embeddable":true,"href":"https:\/\/noticiasveraces.com\/index.php?rest_route=\/wp\/v2\/media\/37807"}],"wp:attachment":[{"href":"https:\/\/noticiasveraces.com\/index.php?rest_route=%2Fwp%2Fv2%2Fmedia&parent=37805"}],"wp:term":[{"taxonomy":"category","embeddable":true,"href":"https:\/\/noticiasveraces.com\/index.php?rest_route=%2Fwp%2Fv2%2Fcategories&post=37805"},{"taxonomy":"post_tag","embeddable":true,"href":"https:\/\/noticiasveraces.com\/index.php?rest_route=%2Fwp%2Fv2%2Ftags&post=37805"}],"curies":[{"name":"wp","href":"https:\/\/api.w.org\/{rel}","templated":true}]}}