{"id":37791,"date":"2025-07-27T17:13:49","date_gmt":"2025-07-27T21:13:49","guid":{"rendered":"https:\/\/noticiasveraces.com\/?p=37791"},"modified":"2025-07-27T17:13:49","modified_gmt":"2025-07-27T21:13:49","slug":"investigado-un-menor-por-modificar-con-ia-imagenes-de-16-companeras-de-instituto-para-crear-desnudos-sociedad","status":"publish","type":"post","link":"https:\/\/noticiasveraces.com\/?p=37791","title":{"rendered":"Investigado un menor por modificar con IA im\u00e1genes de 16 compa\u00f1eras de instituto para crear desnudos | Sociedad"},"content":{"rendered":"<p> \n<br \/><img decoding=\"async\" src=\"https:\/\/imagenes.elpais.com\/resizer\/v2\/EB3P4QO3VBDQVG744VMWYYO4SM.png?auth=f53ae7540f0fcd6404a18b73ce92a40756942f14d23478463d295460ec92513b\" \/><\/p>\n<div data-dtm-region=\"articulo_cuerpo\">\n<p class=\"\">Un menor de edad, de 17 a\u00f1os, est\u00e1 siendo investigado por la Guardia Civil por difundir im\u00e1genes de varias compa\u00f1eras de instituto que hab\u00eda modificado con inteligencia artificial (IA) para que aparecieran totalmente desnudas. V\u00eddeos y fotos que, seg\u00fan la investigaci\u00f3n, colocaba en redes sociales y tambi\u00e9n publicitaba en una web con la intenci\u00f3n de vender el contenido.<\/p>\n<p class=\"\">Ya son 16 las menores que han denunciado la utilizaci\u00f3n de su imagen manipulada con IA. El investigado es un compa\u00f1ero de su instituto, en la comarca valenciana de la Ribera Alta.<\/p>\n<p class=\"\">La operaci\u00f3n comenz\u00f3 en diciembre de 2024 cuando una menor denunci\u00f3 la creaci\u00f3n de una cuenta con su nombre en una conocida red social donde se public\u00f3 un v\u00eddeo realizado con IA. En esa misma cuenta tambi\u00e9n aparecer\u00edan fotos de varias personas, todas ellas menores de edad, que eran modificaciones de fotograf\u00edas originales. <\/p>\n<p class=\"\">Esta menor tambi\u00e9n denunci\u00f3 la creaci\u00f3n de una segunda cuenta en otra red social a su nombre y otras cuentas en las que aparec\u00edan v\u00eddeos de desnudos por IA y una p\u00e1gina web que publicitaba estas im\u00e1genes. Todo ello con la intenci\u00f3n de vender este tipo de contenido por internet, seg\u00fan ha informado la Guardia Civil en una nota este domingo. <\/p>\n<p class=\"\">A esta primera denuncia se sumaron despu\u00e9s otras 15 m\u00e1s, tambi\u00e9n de menores de edad y por los mismos hechos. Los investigadores las entrevistaron y todas coincidieron en la sospecha de que el autor podr\u00eda ser un compa\u00f1ero de instituto. <\/p>\n<aside class=\"a_ei\">\n<header class=\"a_ei_h _db\">M\u00e1s informaci\u00f3n<\/header>\n<\/aside>\n<p class=\"\">Los agentes investigaron varias cuentas en dos redes sociales, creadas a nombre de una de las denunciantes. En ellas, se publicaban v\u00eddeos y diversos mensajes descalificantes. Tambi\u00e9n se realiz\u00f3 un seguimiento e investigaci\u00f3n de la web donde se publicitaban los servicios de modificaci\u00f3n de im\u00e1genes a trav\u00e9s de Inteligencia Artificial y en la que se public\u00f3 el primer v\u00eddeo. <\/p>\n<p class=\"\">Los agentes obtuvieron los datos de usuario y acceso a dichas plataformas, incluyendo las direcciones IP, las cuales pertenec\u00edan al domicilio de uno de los compa\u00f1eros de instituto de las denunciantes. Adem\u00e1s, tambi\u00e9n se confirm\u00f3 que los correos electr\u00f3nicos utilizados para la creaci\u00f3n de estas cuentas pertenec\u00edan a la misma persona. <\/p>\n<p class=\"\">El menor de 17 a\u00f1os est\u00e1 siendo investigado por un delito de corrupci\u00f3n de menores. Las diligencias de los agentes de la Guardia Civil de Sueca han sido entregadas en el Juzgado de Menores n\u00famero 1 de Valencia.<\/p>\n<\/div>\n\n","protected":false},"excerpt":{"rendered":"<p>Un menor de edad, de 17 a\u00f1os, est\u00e1 siendo investigado por la Guardia Civil por difundir im\u00e1genes de varias compa\u00f1eras de instituto que hab\u00eda modificado con inteligencia artificial (IA) para que aparecieran totalmente desnudas. V\u00eddeos y fotos que, seg\u00fan la investigaci\u00f3n, colocaba en redes sociales y tambi\u00e9n publicitaba en una web con la intenci\u00f3n de &hellip;<\/p>\n","protected":false},"author":1,"featured_media":37793,"comment_status":"open","ping_status":"open","sticky":false,"template":"","format":"standard","meta":{"fifu_image_url":"https:\/\/imagenes.elpais.com\/resizer\/v2\/EB3P4QO3VBDQVG744VMWYYO4SM.png?auth=f53ae7540f0fcd6404a18b73ce92a40756942f14d23478463d295460ec92513b&width=1200","fifu_image_alt":"","footnotes":""},"categories":[11],"tags":[],"class_list":["post-37791","post","type-post","status-publish","format-standard","has-post-thumbnail","","category-viaje"],"_links":{"self":[{"href":"https:\/\/noticiasveraces.com\/index.php?rest_route=\/wp\/v2\/posts\/37791","targetHints":{"allow":["GET"]}}],"collection":[{"href":"https:\/\/noticiasveraces.com\/index.php?rest_route=\/wp\/v2\/posts"}],"about":[{"href":"https:\/\/noticiasveraces.com\/index.php?rest_route=\/wp\/v2\/types\/post"}],"author":[{"embeddable":true,"href":"https:\/\/noticiasveraces.com\/index.php?rest_route=\/wp\/v2\/users\/1"}],"replies":[{"embeddable":true,"href":"https:\/\/noticiasveraces.com\/index.php?rest_route=%2Fwp%2Fv2%2Fcomments&post=37791"}],"version-history":[{"count":0,"href":"https:\/\/noticiasveraces.com\/index.php?rest_route=\/wp\/v2\/posts\/37791\/revisions"}],"wp:featuredmedia":[{"embeddable":true,"href":"https:\/\/noticiasveraces.com\/index.php?rest_route=\/wp\/v2\/media\/37793"}],"wp:attachment":[{"href":"https:\/\/noticiasveraces.com\/index.php?rest_route=%2Fwp%2Fv2%2Fmedia&parent=37791"}],"wp:term":[{"taxonomy":"category","embeddable":true,"href":"https:\/\/noticiasveraces.com\/index.php?rest_route=%2Fwp%2Fv2%2Fcategories&post=37791"},{"taxonomy":"post_tag","embeddable":true,"href":"https:\/\/noticiasveraces.com\/index.php?rest_route=%2Fwp%2Fv2%2Ftags&post=37791"}],"curies":[{"name":"wp","href":"https:\/\/api.w.org\/{rel}","templated":true}]}}