{"id":37786,"date":"2025-07-27T16:39:35","date_gmt":"2025-07-27T20:39:35","guid":{"rendered":"https:\/\/noticiasveraces.com\/?p=37786"},"modified":"2025-07-27T16:39:35","modified_gmt":"2025-07-27T20:39:35","slug":"alemania-pide-a-israel-un-alto-al-fuego-en-gaza-y-mas-pasos-dw-27-07-2025","status":"publish","type":"post","link":"https:\/\/noticiasveraces.com\/?p=37786","title":{"rendered":"Alemania pide a Israel un alto al fuego en Gaza y m\u00e1s pasos \u2013 DW \u2013 27\/07\/2025"},"content":{"rendered":"<p> \n<\/p>\n<div>\n<p>El canciller alem\u00e1n Friedrich Merz habl\u00f3 este domingo (27.07.2025) por tel\u00e9fono con el primer ministro israel\u00ed Benjamin Netanyahu y le inst\u00f3 a hacer todo lo posible para aliviar la terrible situaci\u00f3n humanitaria en la Franja de Gaza.<\/p>\n<p>\u00abEl canciller expres\u00f3 su profunda preocupaci\u00f3n por la catastr\u00f3fica situaci\u00f3n humanitaria en Gaza. Hizo un llamado al primer ministro Netanyahu a hacer todo lo posible para lograr un alto al fuego inmediato\u00bb, declar\u00f3 el portavoz del gobierno Stefan Kornelius.<\/p>\n<p>\u00abLas medidas anunciadas por el gobierno israel\u00ed deben ir seguidas r\u00e1pidamente de medidas adicionales sustanciales\u00bb, agreg\u00f3 el comunicado de Berl\u00edn.<\/p>\n<h2><strong>Aliados presionan a Israel<\/strong><\/h2>\n<p>En coordinaci\u00f3n con los pa\u00edses del E3 (que tambi\u00e9n incluyen a Francia y Reino Unido), otros socios europeos, Estados Unidos y los pa\u00edses \u00e1rabes, el gobierno alem\u00e1n planea decidir en los pr\u00f3ximos d\u00edas c\u00f3mo puede contribuir a mejorar la situaci\u00f3n.<\/p>\n<p>El E3 emiti\u00f3 un comunicado el viernes en el que pide un cese inmediato a las hostilidades en Gaza y la liberaci\u00f3n incondicional de todos los rehenes israel\u00edes retenidos por el grupo islamista palestino Ham\u00e1s, designado por la Uni\u00f3n Europea, Estados Unidos, Israel y varios otros pa\u00edses como organizaci\u00f3n terrorista.<\/p>\n<p>Kornelius reiter\u00f3 que el reconocimiento de Palestina como Estado no est\u00e1 actualmente en la agenda de Alemania. Berl\u00edn sigue consider\u00e1ndolo uno de los pasos finales hacia el logro de una soluci\u00f3n de dos Estados.<\/p>\n<p>RR DPA\/EFE<\/p>\n<\/div>\n\n","protected":false},"excerpt":{"rendered":"<p>El canciller alem\u00e1n Friedrich Merz habl\u00f3 este domingo (27.07.2025) por tel\u00e9fono con el primer ministro israel\u00ed Benjamin Netanyahu y le inst\u00f3 a hacer todo lo posible para aliviar la terrible situaci\u00f3n humanitaria en la Franja de Gaza. \u00abEl canciller expres\u00f3 su profunda preocupaci\u00f3n por la catastr\u00f3fica situaci\u00f3n humanitaria en Gaza. Hizo un llamado al primer &hellip;<\/p>\n","protected":false},"author":1,"featured_media":37787,"comment_status":"open","ping_status":"open","sticky":false,"template":"","format":"standard","meta":{"fifu_image_url":"https:\/\/static.dw.com\/image\/73324560_6.jpg","fifu_image_alt":"","footnotes":""},"categories":[13],"tags":[],"class_list":["post-37786","post","type-post","status-publish","format-standard","has-post-thumbnail","","category-mundo"],"_links":{"self":[{"href":"https:\/\/noticiasveraces.com\/index.php?rest_route=\/wp\/v2\/posts\/37786","targetHints":{"allow":["GET"]}}],"collection":[{"href":"https:\/\/noticiasveraces.com\/index.php?rest_route=\/wp\/v2\/posts"}],"about":[{"href":"https:\/\/noticiasveraces.com\/index.php?rest_route=\/wp\/v2\/types\/post"}],"author":[{"embeddable":true,"href":"https:\/\/noticiasveraces.com\/index.php?rest_route=\/wp\/v2\/users\/1"}],"replies":[{"embeddable":true,"href":"https:\/\/noticiasveraces.com\/index.php?rest_route=%2Fwp%2Fv2%2Fcomments&post=37786"}],"version-history":[{"count":0,"href":"https:\/\/noticiasveraces.com\/index.php?rest_route=\/wp\/v2\/posts\/37786\/revisions"}],"wp:featuredmedia":[{"embeddable":true,"href":"https:\/\/noticiasveraces.com\/index.php?rest_route=\/wp\/v2\/media\/37787"}],"wp:attachment":[{"href":"https:\/\/noticiasveraces.com\/index.php?rest_route=%2Fwp%2Fv2%2Fmedia&parent=37786"}],"wp:term":[{"taxonomy":"category","embeddable":true,"href":"https:\/\/noticiasveraces.com\/index.php?rest_route=%2Fwp%2Fv2%2Fcategories&post=37786"},{"taxonomy":"post_tag","embeddable":true,"href":"https:\/\/noticiasveraces.com\/index.php?rest_route=%2Fwp%2Fv2%2Ftags&post=37786"}],"curies":[{"name":"wp","href":"https:\/\/api.w.org\/{rel}","templated":true}]}}