{"id":37784,"date":"2025-07-27T15:38:06","date_gmt":"2025-07-27T19:38:06","guid":{"rendered":"https:\/\/noticiasveraces.com\/?p=37784"},"modified":"2025-07-27T15:38:06","modified_gmt":"2025-07-27T19:38:06","slug":"varios-muertos-en-descarrilamiento-de-tren-en-alemania-dw-27-07-2025","status":"publish","type":"post","link":"https:\/\/noticiasveraces.com\/?p=37784","title":{"rendered":"Varios muertos en descarrilamiento de tren en Alemania \u2013 DW \u2013 27\/07\/2025"},"content":{"rendered":"<p> \n<\/p>\n<div>\n<p>Varias personas murieron cuando un tren regional de pasajeros descarril\u00f3 este domingo (27.07.2025) en el suroeste de Alemania, reportaron medios alemanes, citando fuentes de seguridad.<\/p>\n<p>Aproximadamente 100 personas viajaban a bordo del tren cuando al menos dos vagones descarrilaron en una zona boscosa, precis\u00f3 la agencia de noticias DPA.<\/p>\n<p>Fotos del lugar del accidente muestran partes del tren de lado mientras los rescatistas sub\u00edan a los vagones.<\/p>\n<p>El accidente ocurri\u00f3 cerca de la ciudad de Riedlingen, a unos 158 kil\u00f3metros al oeste de M\u00fanich. No se han proporcionado detalles sobre la causa del descarrilamiento.<\/p>\n<p>RR AP\/DPA\/Reuters\/Badische Zeitung<\/p>\n<\/div>\n\n","protected":false},"excerpt":{"rendered":"<p>Varias personas murieron cuando un tren regional de pasajeros descarril\u00f3 este domingo (27.07.2025) en el suroeste de Alemania, reportaron medios alemanes, citando fuentes de seguridad. Aproximadamente 100 personas viajaban a bordo del tren cuando al menos dos vagones descarrilaron en una zona boscosa, precis\u00f3 la agencia de noticias DPA. Fotos del lugar del accidente muestran &hellip;<\/p>\n","protected":false},"author":1,"featured_media":37785,"comment_status":"open","ping_status":"open","sticky":false,"template":"","format":"standard","meta":{"fifu_image_url":"https:\/\/static.dw.com\/image\/73431134_6.jpg","fifu_image_alt":"","footnotes":""},"categories":[13],"tags":[],"class_list":["post-37784","post","type-post","status-publish","format-standard","has-post-thumbnail","","category-mundo"],"_links":{"self":[{"href":"https:\/\/noticiasveraces.com\/index.php?rest_route=\/wp\/v2\/posts\/37784","targetHints":{"allow":["GET"]}}],"collection":[{"href":"https:\/\/noticiasveraces.com\/index.php?rest_route=\/wp\/v2\/posts"}],"about":[{"href":"https:\/\/noticiasveraces.com\/index.php?rest_route=\/wp\/v2\/types\/post"}],"author":[{"embeddable":true,"href":"https:\/\/noticiasveraces.com\/index.php?rest_route=\/wp\/v2\/users\/1"}],"replies":[{"embeddable":true,"href":"https:\/\/noticiasveraces.com\/index.php?rest_route=%2Fwp%2Fv2%2Fcomments&post=37784"}],"version-history":[{"count":0,"href":"https:\/\/noticiasveraces.com\/index.php?rest_route=\/wp\/v2\/posts\/37784\/revisions"}],"wp:featuredmedia":[{"embeddable":true,"href":"https:\/\/noticiasveraces.com\/index.php?rest_route=\/wp\/v2\/media\/37785"}],"wp:attachment":[{"href":"https:\/\/noticiasveraces.com\/index.php?rest_route=%2Fwp%2Fv2%2Fmedia&parent=37784"}],"wp:term":[{"taxonomy":"category","embeddable":true,"href":"https:\/\/noticiasveraces.com\/index.php?rest_route=%2Fwp%2Fv2%2Fcategories&post=37784"},{"taxonomy":"post_tag","embeddable":true,"href":"https:\/\/noticiasveraces.com\/index.php?rest_route=%2Fwp%2Fv2%2Ftags&post=37784"}],"curies":[{"name":"wp","href":"https:\/\/api.w.org\/{rel}","templated":true}]}}