{"id":37763,"date":"2025-07-27T10:30:12","date_gmt":"2025-07-27T14:30:12","guid":{"rendered":"https:\/\/noticiasveraces.com\/?p=37763"},"modified":"2025-07-27T10:30:12","modified_gmt":"2025-07-27T14:30:12","slug":"incendios-se-extienden-por-toda-grecia-dw-27-07-2025","status":"publish","type":"post","link":"https:\/\/noticiasveraces.com\/?p=37763","title":{"rendered":"Incendios se extienden por toda Grecia \u2013 DW \u2013 27\/07\/2025"},"content":{"rendered":"<p> \n<\/p>\n<div>\n<p>Cientos de bomberos y voluntarios siguen luchando este domingo (27.07.2025) contra una decena de incendios forestales en toda Grecia, que obligaron a evacuar este s\u00e1bado a unas 7.000 personas y han quemado decenas de casas y negocios, adem\u00e1s de una vasta \u00e1rea de bosque.<\/p>\n<p>El fuego, que se declar\u00f3 a las afueras de Atenas y que oblig\u00f3 ayer a evacuar la localidad de Kryoneri, de unas 5.000 personas y situada a unos 20 kil\u00f3metros al norte de la capital, se encuentra en remisi\u00f3n y los bomberos luchan con peque\u00f1os focos dispersos, inform\u00f3 un portavoz de los Bomberos en una rueda de prensa.<\/p>\n<p>Unos 220 bomberos con 70 camiones y dos helic\u00f3pteros cisterna operan en la zona para contener los focos restantes y enfriar la zona para que el fuego no se reavive.<\/p>\n<p>Cuatro personas fueron trasladadas ayer, s\u00e1bado, desde esta zona a hospitales de la capital con problemas respiratorios, adem\u00e1s de un bombero que fue hospitalizado con quemaduras leves, inform\u00f3 la emisora Skai. Las llamas quemaron varias casas en Kryoneri, as\u00ed como negocios y peque\u00f1as industrias, seg\u00fan la misma fuente.<\/p>\n<p>La situaci\u00f3n sigue siendo cr\u00edtica en la isla de C\u00edtera (sur), en el mar J\u00f3nico, donde este domingo las autoridades ordenaron la evacuaci\u00f3n de cuatro peque\u00f1os pueblos, que se a\u00f1aden a una decena de localidades evacuadas ayer.<\/p>\n<p>Grecia vive desde el pasado lunes (21.07.2025) una ola de calor intenso que dispar\u00f3 los term\u00f3metros hasta los 45,6 grados en el sur del pa\u00eds.<\/p>\n<p>(Efe, AFP\/MN)<\/p>\n<\/p>\n<\/div>\n\n","protected":false},"excerpt":{"rendered":"<p>Cientos de bomberos y voluntarios siguen luchando este domingo (27.07.2025) contra una decena de incendios forestales en toda Grecia, que obligaron a evacuar este s\u00e1bado a unas 7.000 personas y han quemado decenas de casas y negocios, adem\u00e1s de una vasta \u00e1rea de bosque. El fuego, que se declar\u00f3 a las afueras de Atenas y &hellip;<\/p>\n","protected":false},"author":1,"featured_media":37764,"comment_status":"open","ping_status":"open","sticky":false,"template":"","format":"standard","meta":{"fifu_image_url":"https:\/\/static.dw.com\/image\/73428316_6.jpg","fifu_image_alt":"","footnotes":""},"categories":[13],"tags":[],"class_list":["post-37763","post","type-post","status-publish","format-standard","has-post-thumbnail","","category-mundo"],"_links":{"self":[{"href":"https:\/\/noticiasveraces.com\/index.php?rest_route=\/wp\/v2\/posts\/37763","targetHints":{"allow":["GET"]}}],"collection":[{"href":"https:\/\/noticiasveraces.com\/index.php?rest_route=\/wp\/v2\/posts"}],"about":[{"href":"https:\/\/noticiasveraces.com\/index.php?rest_route=\/wp\/v2\/types\/post"}],"author":[{"embeddable":true,"href":"https:\/\/noticiasveraces.com\/index.php?rest_route=\/wp\/v2\/users\/1"}],"replies":[{"embeddable":true,"href":"https:\/\/noticiasveraces.com\/index.php?rest_route=%2Fwp%2Fv2%2Fcomments&post=37763"}],"version-history":[{"count":0,"href":"https:\/\/noticiasveraces.com\/index.php?rest_route=\/wp\/v2\/posts\/37763\/revisions"}],"wp:featuredmedia":[{"embeddable":true,"href":"https:\/\/noticiasveraces.com\/index.php?rest_route=\/wp\/v2\/media\/37764"}],"wp:attachment":[{"href":"https:\/\/noticiasveraces.com\/index.php?rest_route=%2Fwp%2Fv2%2Fmedia&parent=37763"}],"wp:term":[{"taxonomy":"category","embeddable":true,"href":"https:\/\/noticiasveraces.com\/index.php?rest_route=%2Fwp%2Fv2%2Fcategories&post=37763"},{"taxonomy":"post_tag","embeddable":true,"href":"https:\/\/noticiasveraces.com\/index.php?rest_route=%2Fwp%2Fv2%2Ftags&post=37763"}],"curies":[{"name":"wp","href":"https:\/\/api.w.org\/{rel}","templated":true}]}}